{"id":25237,"date":"2015-09-22T16:43:31","date_gmt":"2015-09-22T22:43:31","guid":{"rendered":"http:\/\/snn.imer.gob.mx\/laferia\/?p=25237"},"modified":"2015-09-22T16:43:31","modified_gmt":"2015-09-22T22:43:31","slug":"juan-gabriel-de-nuevo-en-bellas-artes","status":"publish","type":"post","link":"https:\/\/noticias.imer.mx\/laferia\/2015\/09\/22\/juan-gabriel-de-nuevo-en-bellas-artes\/","title":{"rendered":"Juan Gabriel de nuevo en Bellas Artes"},"content":{"rendered":"<p><a href=\"http:\/\/snn.imer.gob.mx\/laferia\/files\/2015\/09\/juan-gabriel-2002.jpg\"><img decoding=\"async\" loading=\"lazy\" class=\"alignnone size-medium wp-image-25239\" src=\"http:\/\/snn.imer.gob.mx\/laferia\/files\/2015\/09\/juan-gabriel-2002-300x197.jpg\" alt=\"juan-gabriel-2002\" width=\"300\" height=\"197\" srcset=\"https:\/\/noticias.imer.mx\/laferia\/files\/2015\/09\/juan-gabriel-2002-300x197.jpg 300w, https:\/\/noticias.imer.mx\/laferia\/files\/2015\/09\/juan-gabriel-2002-1024x672.jpg 1024w, https:\/\/noticias.imer.mx\/laferia\/files\/2015\/09\/juan-gabriel-2002.jpg 2000w\" sizes=\"(max-width: 300px) 100vw, 300px\" \/><\/a><\/p>\n<p>&nbsp;<\/p>\n<p><strong>Juan Gabriel<\/strong> inicia su segunda temporada de conciertos en <strong>Bellas Artes<\/strong>. Escucha la siguiente cr\u00f3nica de El divo de Ju\u00e1rez.<\/p>\n<!--[if lt IE 9]><script>document.createElement('audio');<\/script><![endif]-->\n<audio class=\"wp-audio-shortcode\" id=\"audio-25237-1\" preload=\"none\" style=\"width: 100%;\" controls=\"controls\"><source type=\"audio\/mpeg\" src=\"http:\/\/snn.imer.gob.mx\/laferia\/files\/2015\/09\/cronica-de-concierto-juan-ga.mp3?_=1\" \/><a href=\"http:\/\/snn.imer.gob.mx\/laferia\/files\/2015\/09\/cronica-de-concierto-juan-ga.mp3\">http:\/\/snn.imer.gob.mx\/laferia\/files\/2015\/09\/cronica-de-concierto-juan-ga.mp3<\/a><\/audio>\n","protected":false},"excerpt":{"rendered":"<p>&nbsp; Juan Gabriel inicia su segunda temporada de conciertos en Bellas Artes. Escucha la siguiente cr\u00f3nica de El divo de Ju\u00e1rez.<\/p>\n","protected":false},"author":12,"featured_media":25239,"comment_status":"open","ping_status":"open","sticky":false,"template":"","format":"audio","meta":{"wp_popup_display_lightbox":0,"wp_popup_suppress":"","wp_popup_trigger":"","wp_popup_trigger_amount":0,"wp_popup_disable_on_mobile":false},"categories":[1729],"tags":[1796,3176],"yoast_head":"<!-- This site is optimized with the Yoast SEO plugin v21.0 - https:\/\/yoast.com\/wordpress\/plugins\/seo\/ -->\n<title>Juan Gabriel de nuevo en Bellas Artes - La Feria, Carrusel Cultural<\/title>\n<meta name=\"robots\" content=\"index, follow, max-snippet:-1, max-image-preview:large, max-video-preview:-1\" \/>\n<link rel=\"canonical\" href=\"https:\/\/noticias.imer.mx\/laferia\/2015\/09\/22\/juan-gabriel-de-nuevo-en-bellas-artes\/\" \/>\n<meta property=\"og:locale\" content=\"es_ES\" \/>\n<meta property=\"og:type\" content=\"article\" \/>\n<meta property=\"og:title\" content=\"Juan Gabriel de nuevo en Bellas Artes - La Feria, Carrusel Cultural\" \/>\n<meta property=\"og:description\" content=\"&nbsp; Juan Gabriel inicia su segunda temporada de conciertos en Bellas Artes. Escucha la siguiente cr\u00f3nica de El divo de Ju\u00e1rez.\" \/>\n<meta property=\"og:url\" content=\"https:\/\/noticias.imer.mx\/laferia\/2015\/09\/22\/juan-gabriel-de-nuevo-en-bellas-artes\/\" \/>\n<meta property=\"og:site_name\" content=\"La Feria, Carrusel Cultural\" \/>\n<meta property=\"article:published_time\" content=\"2015-09-22T22:43:31+00:00\" \/>\n<meta property=\"og:image\" content=\"https:\/\/noticias.imer.mx\/laferia\/files\/2015\/09\/juan-gabriel-2002.jpg\" \/>\n\t<meta property=\"og:image:width\" content=\"2000\" \/>\n\t<meta property=\"og:image:height\" content=\"1312\" \/>\n\t<meta property=\"og:image:type\" content=\"image\/jpeg\" \/>\n<meta name=\"author\" content=\"La Feria\" \/>\n<meta name=\"twitter:card\" content=\"summary_large_image\" \/>\n<meta name=\"twitter:label1\" content=\"Escrito por\" \/>\n\t<meta name=\"twitter:data1\" content=\"La Feria\" \/>\n<script type=\"application\/ld+json\" class=\"yoast-schema-graph\">{\"@context\":\"https:\/\/schema.org\",\"@graph\":[{\"@type\":\"WebPage\",\"@id\":\"https:\/\/noticias.imer.mx\/laferia\/2015\/09\/22\/juan-gabriel-de-nuevo-en-bellas-artes\/\",\"url\":\"https:\/\/noticias.imer.mx\/laferia\/2015\/09\/22\/juan-gabriel-de-nuevo-en-bellas-artes\/\",\"name\":\"Juan Gabriel de nuevo en Bellas Artes - La Feria, Carrusel Cultural\",\"isPartOf\":{\"@id\":\"https:\/\/noticias.imer.mx\/laferia\/#website\"},\"datePublished\":\"2015-09-22T22:43:31+00:00\",\"dateModified\":\"2015-09-22T22:43:31+00:00\",\"author\":{\"@id\":\"https:\/\/noticias.imer.mx\/laferia\/#\/schema\/person\/438ebaa433c79f71687928759130ec9f\"},\"breadcrumb\":{\"@id\":\"https:\/\/noticias.imer.mx\/laferia\/2015\/09\/22\/juan-gabriel-de-nuevo-en-bellas-artes\/#breadcrumb\"},\"inLanguage\":\"es\",\"potentialAction\":[{\"@type\":\"ReadAction\",\"target\":[\"https:\/\/noticias.imer.mx\/laferia\/2015\/09\/22\/juan-gabriel-de-nuevo-en-bellas-artes\/\"]}]},{\"@type\":\"BreadcrumbList\",\"@id\":\"https:\/\/noticias.imer.mx\/laferia\/2015\/09\/22\/juan-gabriel-de-nuevo-en-bellas-artes\/#breadcrumb\",\"itemListElement\":[{\"@type\":\"ListItem\",\"position\":1,\"name\":\"Home\",\"item\":\"https:\/\/noticias.imer.mx\/laferia\/\"},{\"@type\":\"ListItem\",\"position\":2,\"name\":\"Juan Gabriel de nuevo en Bellas Artes\"}]},{\"@type\":\"WebSite\",\"@id\":\"https:\/\/noticias.imer.mx\/laferia\/#website\",\"url\":\"https:\/\/noticias.imer.mx\/laferia\/\",\"name\":\"La Feria, Carrusel Cultural\",\"description\":\"Instituto Mexicano de la Radio\",\"potentialAction\":[{\"@type\":\"SearchAction\",\"target\":{\"@type\":\"EntryPoint\",\"urlTemplate\":\"https:\/\/noticias.imer.mx\/laferia\/?s={search_term_string}\"},\"query-input\":\"required name=search_term_string\"}],\"inLanguage\":\"es\"},{\"@type\":\"Person\",\"@id\":\"https:\/\/noticias.imer.mx\/laferia\/#\/schema\/person\/438ebaa433c79f71687928759130ec9f\",\"name\":\"La Feria\",\"image\":{\"@type\":\"ImageObject\",\"inLanguage\":\"es\",\"@id\":\"https:\/\/noticias.imer.mx\/laferia\/#\/schema\/person\/image\/\",\"url\":\"https:\/\/secure.gravatar.com\/avatar\/69100f68fb4d3a06d1ff6b6cb5310157?s=96&d=mm&r=g\",\"contentUrl\":\"https:\/\/secure.gravatar.com\/avatar\/69100f68fb4d3a06d1ff6b6cb5310157?s=96&d=mm&r=g\",\"caption\":\"La Feria\"},\"description\":\"La Feria Carrusel Cultural, es un noticiario que alienta la participaci\u00f3n ciudadana y presenta informaci\u00f3n cultural y cient\u00edfica, de coyuntura, de M\u00e9xico y el mundo. En media hora puede conocer la cartelera cultural y escuchar, en voz de especialistas, entrevistas, asuntos especiales y mesas de an\u00e1lisis. Conducido por Juan Carlos Vald\u00e9s, La Feria Carrusel Cultural, se transmite todos los martes y jueves, de 15:00 a 15:30 horas por Horizonte, en el 107.9 de FM.\",\"url\":\"https:\/\/noticias.imer.mx\/laferia\/author\/laferia\/\"}]}<\/script>\n<!-- \/ Yoast SEO plugin. -->","yoast_head_json":{"title":"Juan Gabriel de nuevo en Bellas Artes - La Feria, Carrusel Cultural","robots":{"index":"index","follow":"follow","max-snippet":"max-snippet:-1","max-image-preview":"max-image-preview:large","max-video-preview":"max-video-preview:-1"},"canonical":"https:\/\/noticias.imer.mx\/laferia\/2015\/09\/22\/juan-gabriel-de-nuevo-en-bellas-artes\/","og_locale":"es_ES","og_type":"article","og_title":"Juan Gabriel de nuevo en Bellas Artes - La Feria, Carrusel Cultural","og_description":"&nbsp; Juan Gabriel inicia su segunda temporada de conciertos en Bellas Artes. Escucha la siguiente cr\u00f3nica de El divo de Ju\u00e1rez.","og_url":"https:\/\/noticias.imer.mx\/laferia\/2015\/09\/22\/juan-gabriel-de-nuevo-en-bellas-artes\/","og_site_name":"La Feria, Carrusel Cultural","article_published_time":"2015-09-22T22:43:31+00:00","og_image":[{"width":2000,"height":1312,"url":"https:\/\/noticias.imer.mx\/laferia\/files\/2015\/09\/juan-gabriel-2002.jpg","type":"image\/jpeg"}],"author":"La Feria","twitter_card":"summary_large_image","twitter_misc":{"Escrito por":"La Feria"},"schema":{"@context":"https:\/\/schema.org","@graph":[{"@type":"WebPage","@id":"https:\/\/noticias.imer.mx\/laferia\/2015\/09\/22\/juan-gabriel-de-nuevo-en-bellas-artes\/","url":"https:\/\/noticias.imer.mx\/laferia\/2015\/09\/22\/juan-gabriel-de-nuevo-en-bellas-artes\/","name":"Juan Gabriel de nuevo en Bellas Artes - La Feria, Carrusel Cultural","isPartOf":{"@id":"https:\/\/noticias.imer.mx\/laferia\/#website"},"datePublished":"2015-09-22T22:43:31+00:00","dateModified":"2015-09-22T22:43:31+00:00","author":{"@id":"https:\/\/noticias.imer.mx\/laferia\/#\/schema\/person\/438ebaa433c79f71687928759130ec9f"},"breadcrumb":{"@id":"https:\/\/noticias.imer.mx\/laferia\/2015\/09\/22\/juan-gabriel-de-nuevo-en-bellas-artes\/#breadcrumb"},"inLanguage":"es","potentialAction":[{"@type":"ReadAction","target":["https:\/\/noticias.imer.mx\/laferia\/2015\/09\/22\/juan-gabriel-de-nuevo-en-bellas-artes\/"]}]},{"@type":"BreadcrumbList","@id":"https:\/\/noticias.imer.mx\/laferia\/2015\/09\/22\/juan-gabriel-de-nuevo-en-bellas-artes\/#breadcrumb","itemListElement":[{"@type":"ListItem","position":1,"name":"Home","item":"https:\/\/noticias.imer.mx\/laferia\/"},{"@type":"ListItem","position":2,"name":"Juan Gabriel de nuevo en Bellas Artes"}]},{"@type":"WebSite","@id":"https:\/\/noticias.imer.mx\/laferia\/#website","url":"https:\/\/noticias.imer.mx\/laferia\/","name":"La Feria, Carrusel Cultural","description":"Instituto Mexicano de la Radio","potentialAction":[{"@type":"SearchAction","target":{"@type":"EntryPoint","urlTemplate":"https:\/\/noticias.imer.mx\/laferia\/?s={search_term_string}"},"query-input":"required name=search_term_string"}],"inLanguage":"es"},{"@type":"Person","@id":"https:\/\/noticias.imer.mx\/laferia\/#\/schema\/person\/438ebaa433c79f71687928759130ec9f","name":"La Feria","image":{"@type":"ImageObject","inLanguage":"es","@id":"https:\/\/noticias.imer.mx\/laferia\/#\/schema\/person\/image\/","url":"https:\/\/secure.gravatar.com\/avatar\/69100f68fb4d3a06d1ff6b6cb5310157?s=96&d=mm&r=g","contentUrl":"https:\/\/secure.gravatar.com\/avatar\/69100f68fb4d3a06d1ff6b6cb5310157?s=96&d=mm&r=g","caption":"La Feria"},"description":"La Feria Carrusel Cultural, es un noticiario que alienta la participaci\u00f3n ciudadana y presenta informaci\u00f3n cultural y cient\u00edfica, de coyuntura, de M\u00e9xico y el mundo. En media hora puede conocer la cartelera cultural y escuchar, en voz de especialistas, entrevistas, asuntos especiales y mesas de an\u00e1lisis. Conducido por Juan Carlos Vald\u00e9s, La Feria Carrusel Cultural, se transmite todos los martes y jueves, de 15:00 a 15:30 horas por Horizonte, en el 107.9 de FM.","url":"https:\/\/noticias.imer.mx\/laferia\/author\/laferia\/"}]}},"_links":{"self":[{"href":"https:\/\/noticias.imer.mx\/laferia\/wp-json\/wp\/v2\/posts\/25237"}],"collection":[{"href":"https:\/\/noticias.imer.mx\/laferia\/wp-json\/wp\/v2\/posts"}],"about":[{"href":"https:\/\/noticias.imer.mx\/laferia\/wp-json\/wp\/v2\/types\/post"}],"author":[{"embeddable":true,"href":"https:\/\/noticias.imer.mx\/laferia\/wp-json\/wp\/v2\/users\/12"}],"replies":[{"embeddable":true,"href":"https:\/\/noticias.imer.mx\/laferia\/wp-json\/wp\/v2\/comments?post=25237"}],"version-history":[{"count":1,"href":"https:\/\/noticias.imer.mx\/laferia\/wp-json\/wp\/v2\/posts\/25237\/revisions"}],"predecessor-version":[{"id":25240,"href":"https:\/\/noticias.imer.mx\/laferia\/wp-json\/wp\/v2\/posts\/25237\/revisions\/25240"}],"wp:featuredmedia":[{"embeddable":true,"href":"https:\/\/noticias.imer.mx\/laferia\/wp-json\/wp\/v2\/media\/25239"}],"wp:attachment":[{"href":"https:\/\/noticias.imer.mx\/laferia\/wp-json\/wp\/v2\/media?parent=25237"}],"wp:term":[{"taxonomy":"category","embeddable":true,"href":"https:\/\/noticias.imer.mx\/laferia\/wp-json\/wp\/v2\/categories?post=25237"},{"taxonomy":"post_tag","embeddable":true,"href":"https:\/\/noticias.imer.mx\/laferia\/wp-json\/wp\/v2\/tags?post=25237"}],"curies":[{"name":"wp","href":"https:\/\/api.w.org\/{rel}","templated":true}]}}