{"id":25077,"date":"2015-09-07T18:31:39","date_gmt":"2015-09-08T00:31:39","guid":{"rendered":"http:\/\/snn.imer.gob.mx\/laferia\/?p=25077"},"modified":"2015-09-07T18:31:39","modified_gmt":"2015-09-08T00:31:39","slug":"mariana-arriaga-presenta-corto-en-venecia","status":"publish","type":"post","link":"https:\/\/noticias.imer.mx\/laferia\/2015\/09\/07\/mariana-arriaga-presenta-corto-en-venecia\/","title":{"rendered":"Mariana Arriaga presenta corto en Venecia"},"content":{"rendered":"<p><a href=\"http:\/\/snn.imer.gob.mx\/laferia\/files\/2015\/09\/Mariana-Arriaga.jpg\"><img decoding=\"async\" loading=\"lazy\" class=\"alignnone size-medium wp-image-25078\" src=\"http:\/\/snn.imer.gob.mx\/laferia\/files\/2015\/09\/Mariana-Arriaga-300x169.jpg\" alt=\"Mariana Arriaga\" width=\"300\" height=\"169\" srcset=\"https:\/\/noticias.imer.mx\/laferia\/files\/2015\/09\/Mariana-Arriaga-300x169.jpg 300w, https:\/\/noticias.imer.mx\/laferia\/files\/2015\/09\/Mariana-Arriaga.jpg 645w\" sizes=\"(max-width: 300px) 100vw, 300px\" \/><\/a><\/p>\n<p>La joven directora Mariana Arriaga presenta en la Muestra Internacional de Cine de Venecia el cortometraje En Defensa Propia, con una historia de su padre, Guillermo Arriaga. La informaci\u00f3n con Blanca Estela Rodr\u00edguez, corresponsal en Italia de Iberarte Madrid.<\/p>\n<!--[if lt IE 9]><script>document.createElement('audio');<\/script><![endif]-->\n<audio class=\"wp-audio-shortcode\" id=\"audio-25077-1\" preload=\"none\" style=\"width: 100%;\" controls=\"controls\"><source type=\"audio\/mpeg\" src=\"http:\/\/snn.imer.gob.mx\/laferia\/files\/2015\/09\/FESTIVAL-VENECIA-lunes-.mp3?_=1\" \/><a href=\"http:\/\/snn.imer.gob.mx\/laferia\/files\/2015\/09\/FESTIVAL-VENECIA-lunes-.mp3\">http:\/\/snn.imer.gob.mx\/laferia\/files\/2015\/09\/FESTIVAL-VENECIA-lunes-.mp3<\/a><\/audio>\n","protected":false},"excerpt":{"rendered":"<p>La joven directora Mariana Arriaga presenta en la Muestra Internacional de Cine de Venecia el cortometraje En Defensa Propia, con una historia de su padre, Guillermo Arriaga. La informaci\u00f3n con Blanca Estela Rodr\u00edguez, corresponsal en Italia de Iberarte Madrid.<\/p>\n","protected":false},"author":12,"featured_media":25078,"comment_status":"open","ping_status":"open","sticky":false,"template":"","format":"audio","meta":{"wp_popup_display_lightbox":0,"wp_popup_suppress":"","wp_popup_trigger":"","wp_popup_trigger_amount":0,"wp_popup_disable_on_mobile":false},"categories":[1734,1729],"tags":[1793,3125,2649,3127,3126,3119],"yoast_head":"<!-- This site is optimized with the Yoast SEO plugin v21.0 - https:\/\/yoast.com\/wordpress\/plugins\/seo\/ -->\n<title>Mariana Arriaga presenta corto en Venecia - La Feria, Carrusel Cultural<\/title>\n<meta name=\"robots\" content=\"index, follow, max-snippet:-1, max-image-preview:large, max-video-preview:-1\" \/>\n<link rel=\"canonical\" href=\"https:\/\/noticias.imer.mx\/laferia\/2015\/09\/07\/mariana-arriaga-presenta-corto-en-venecia\/\" \/>\n<meta property=\"og:locale\" content=\"es_ES\" \/>\n<meta property=\"og:type\" content=\"article\" \/>\n<meta property=\"og:title\" content=\"Mariana Arriaga presenta corto en Venecia - La Feria, Carrusel Cultural\" \/>\n<meta property=\"og:description\" content=\"La joven directora Mariana Arriaga presenta en la Muestra Internacional de Cine de Venecia el cortometraje En Defensa Propia, con una historia de su padre, Guillermo Arriaga. La informaci\u00f3n con Blanca Estela Rodr\u00edguez, corresponsal en Italia de Iberarte Madrid.\" \/>\n<meta property=\"og:url\" content=\"https:\/\/noticias.imer.mx\/laferia\/2015\/09\/07\/mariana-arriaga-presenta-corto-en-venecia\/\" \/>\n<meta property=\"og:site_name\" content=\"La Feria, Carrusel Cultural\" \/>\n<meta property=\"article:published_time\" content=\"2015-09-08T00:31:39+00:00\" \/>\n<meta property=\"og:image\" content=\"https:\/\/noticias.imer.mx\/laferia\/files\/2015\/09\/Mariana-Arriaga.jpg\" \/>\n\t<meta property=\"og:image:width\" content=\"645\" \/>\n\t<meta property=\"og:image:height\" content=\"363\" \/>\n\t<meta property=\"og:image:type\" content=\"image\/jpeg\" \/>\n<meta name=\"author\" content=\"La Feria\" \/>\n<meta name=\"twitter:card\" content=\"summary_large_image\" \/>\n<meta name=\"twitter:label1\" content=\"Escrito por\" \/>\n\t<meta name=\"twitter:data1\" content=\"La Feria\" \/>\n<script type=\"application\/ld+json\" class=\"yoast-schema-graph\">{\"@context\":\"https:\/\/schema.org\",\"@graph\":[{\"@type\":\"WebPage\",\"@id\":\"https:\/\/noticias.imer.mx\/laferia\/2015\/09\/07\/mariana-arriaga-presenta-corto-en-venecia\/\",\"url\":\"https:\/\/noticias.imer.mx\/laferia\/2015\/09\/07\/mariana-arriaga-presenta-corto-en-venecia\/\",\"name\":\"Mariana Arriaga presenta corto en Venecia - La Feria, Carrusel Cultural\",\"isPartOf\":{\"@id\":\"https:\/\/noticias.imer.mx\/laferia\/#website\"},\"datePublished\":\"2015-09-08T00:31:39+00:00\",\"dateModified\":\"2015-09-08T00:31:39+00:00\",\"author\":{\"@id\":\"https:\/\/noticias.imer.mx\/laferia\/#\/schema\/person\/438ebaa433c79f71687928759130ec9f\"},\"breadcrumb\":{\"@id\":\"https:\/\/noticias.imer.mx\/laferia\/2015\/09\/07\/mariana-arriaga-presenta-corto-en-venecia\/#breadcrumb\"},\"inLanguage\":\"es\",\"potentialAction\":[{\"@type\":\"ReadAction\",\"target\":[\"https:\/\/noticias.imer.mx\/laferia\/2015\/09\/07\/mariana-arriaga-presenta-corto-en-venecia\/\"]}]},{\"@type\":\"BreadcrumbList\",\"@id\":\"https:\/\/noticias.imer.mx\/laferia\/2015\/09\/07\/mariana-arriaga-presenta-corto-en-venecia\/#breadcrumb\",\"itemListElement\":[{\"@type\":\"ListItem\",\"position\":1,\"name\":\"Home\",\"item\":\"https:\/\/noticias.imer.mx\/laferia\/\"},{\"@type\":\"ListItem\",\"position\":2,\"name\":\"Mariana Arriaga presenta corto en Venecia\"}]},{\"@type\":\"WebSite\",\"@id\":\"https:\/\/noticias.imer.mx\/laferia\/#website\",\"url\":\"https:\/\/noticias.imer.mx\/laferia\/\",\"name\":\"La Feria, Carrusel Cultural\",\"description\":\"Instituto Mexicano de la Radio\",\"potentialAction\":[{\"@type\":\"SearchAction\",\"target\":{\"@type\":\"EntryPoint\",\"urlTemplate\":\"https:\/\/noticias.imer.mx\/laferia\/?s={search_term_string}\"},\"query-input\":\"required name=search_term_string\"}],\"inLanguage\":\"es\"},{\"@type\":\"Person\",\"@id\":\"https:\/\/noticias.imer.mx\/laferia\/#\/schema\/person\/438ebaa433c79f71687928759130ec9f\",\"name\":\"La Feria\",\"image\":{\"@type\":\"ImageObject\",\"inLanguage\":\"es\",\"@id\":\"https:\/\/noticias.imer.mx\/laferia\/#\/schema\/person\/image\/\",\"url\":\"https:\/\/secure.gravatar.com\/avatar\/69100f68fb4d3a06d1ff6b6cb5310157?s=96&d=mm&r=g\",\"contentUrl\":\"https:\/\/secure.gravatar.com\/avatar\/69100f68fb4d3a06d1ff6b6cb5310157?s=96&d=mm&r=g\",\"caption\":\"La Feria\"},\"description\":\"La Feria Carrusel Cultural, es un noticiario que alienta la participaci\u00f3n ciudadana y presenta informaci\u00f3n cultural y cient\u00edfica, de coyuntura, de M\u00e9xico y el mundo. En media hora puede conocer la cartelera cultural y escuchar, en voz de especialistas, entrevistas, asuntos especiales y mesas de an\u00e1lisis. Conducido por Juan Carlos Vald\u00e9s, La Feria Carrusel Cultural, se transmite todos los martes y jueves, de 15:00 a 15:30 horas por Horizonte, en el 107.9 de FM.\",\"url\":\"https:\/\/noticias.imer.mx\/laferia\/author\/laferia\/\"}]}<\/script>\n<!-- \/ Yoast SEO plugin. -->","yoast_head_json":{"title":"Mariana Arriaga presenta corto en Venecia - La Feria, Carrusel Cultural","robots":{"index":"index","follow":"follow","max-snippet":"max-snippet:-1","max-image-preview":"max-image-preview:large","max-video-preview":"max-video-preview:-1"},"canonical":"https:\/\/noticias.imer.mx\/laferia\/2015\/09\/07\/mariana-arriaga-presenta-corto-en-venecia\/","og_locale":"es_ES","og_type":"article","og_title":"Mariana Arriaga presenta corto en Venecia - La Feria, Carrusel Cultural","og_description":"La joven directora Mariana Arriaga presenta en la Muestra Internacional de Cine de Venecia el cortometraje En Defensa Propia, con una historia de su padre, Guillermo Arriaga. La informaci\u00f3n con Blanca Estela Rodr\u00edguez, corresponsal en Italia de Iberarte Madrid.","og_url":"https:\/\/noticias.imer.mx\/laferia\/2015\/09\/07\/mariana-arriaga-presenta-corto-en-venecia\/","og_site_name":"La Feria, Carrusel Cultural","article_published_time":"2015-09-08T00:31:39+00:00","og_image":[{"width":645,"height":363,"url":"https:\/\/noticias.imer.mx\/laferia\/files\/2015\/09\/Mariana-Arriaga.jpg","type":"image\/jpeg"}],"author":"La Feria","twitter_card":"summary_large_image","twitter_misc":{"Escrito por":"La Feria"},"schema":{"@context":"https:\/\/schema.org","@graph":[{"@type":"WebPage","@id":"https:\/\/noticias.imer.mx\/laferia\/2015\/09\/07\/mariana-arriaga-presenta-corto-en-venecia\/","url":"https:\/\/noticias.imer.mx\/laferia\/2015\/09\/07\/mariana-arriaga-presenta-corto-en-venecia\/","name":"Mariana Arriaga presenta corto en Venecia - La Feria, Carrusel Cultural","isPartOf":{"@id":"https:\/\/noticias.imer.mx\/laferia\/#website"},"datePublished":"2015-09-08T00:31:39+00:00","dateModified":"2015-09-08T00:31:39+00:00","author":{"@id":"https:\/\/noticias.imer.mx\/laferia\/#\/schema\/person\/438ebaa433c79f71687928759130ec9f"},"breadcrumb":{"@id":"https:\/\/noticias.imer.mx\/laferia\/2015\/09\/07\/mariana-arriaga-presenta-corto-en-venecia\/#breadcrumb"},"inLanguage":"es","potentialAction":[{"@type":"ReadAction","target":["https:\/\/noticias.imer.mx\/laferia\/2015\/09\/07\/mariana-arriaga-presenta-corto-en-venecia\/"]}]},{"@type":"BreadcrumbList","@id":"https:\/\/noticias.imer.mx\/laferia\/2015\/09\/07\/mariana-arriaga-presenta-corto-en-venecia\/#breadcrumb","itemListElement":[{"@type":"ListItem","position":1,"name":"Home","item":"https:\/\/noticias.imer.mx\/laferia\/"},{"@type":"ListItem","position":2,"name":"Mariana Arriaga presenta corto en Venecia"}]},{"@type":"WebSite","@id":"https:\/\/noticias.imer.mx\/laferia\/#website","url":"https:\/\/noticias.imer.mx\/laferia\/","name":"La Feria, Carrusel Cultural","description":"Instituto Mexicano de la Radio","potentialAction":[{"@type":"SearchAction","target":{"@type":"EntryPoint","urlTemplate":"https:\/\/noticias.imer.mx\/laferia\/?s={search_term_string}"},"query-input":"required name=search_term_string"}],"inLanguage":"es"},{"@type":"Person","@id":"https:\/\/noticias.imer.mx\/laferia\/#\/schema\/person\/438ebaa433c79f71687928759130ec9f","name":"La Feria","image":{"@type":"ImageObject","inLanguage":"es","@id":"https:\/\/noticias.imer.mx\/laferia\/#\/schema\/person\/image\/","url":"https:\/\/secure.gravatar.com\/avatar\/69100f68fb4d3a06d1ff6b6cb5310157?s=96&d=mm&r=g","contentUrl":"https:\/\/secure.gravatar.com\/avatar\/69100f68fb4d3a06d1ff6b6cb5310157?s=96&d=mm&r=g","caption":"La Feria"},"description":"La Feria Carrusel Cultural, es un noticiario que alienta la participaci\u00f3n ciudadana y presenta informaci\u00f3n cultural y cient\u00edfica, de coyuntura, de M\u00e9xico y el mundo. En media hora puede conocer la cartelera cultural y escuchar, en voz de especialistas, entrevistas, asuntos especiales y mesas de an\u00e1lisis. Conducido por Juan Carlos Vald\u00e9s, La Feria Carrusel Cultural, se transmite todos los martes y jueves, de 15:00 a 15:30 horas por Horizonte, en el 107.9 de FM.","url":"https:\/\/noticias.imer.mx\/laferia\/author\/laferia\/"}]}},"_links":{"self":[{"href":"https:\/\/noticias.imer.mx\/laferia\/wp-json\/wp\/v2\/posts\/25077"}],"collection":[{"href":"https:\/\/noticias.imer.mx\/laferia\/wp-json\/wp\/v2\/posts"}],"about":[{"href":"https:\/\/noticias.imer.mx\/laferia\/wp-json\/wp\/v2\/types\/post"}],"author":[{"embeddable":true,"href":"https:\/\/noticias.imer.mx\/laferia\/wp-json\/wp\/v2\/users\/12"}],"replies":[{"embeddable":true,"href":"https:\/\/noticias.imer.mx\/laferia\/wp-json\/wp\/v2\/comments?post=25077"}],"version-history":[{"count":1,"href":"https:\/\/noticias.imer.mx\/laferia\/wp-json\/wp\/v2\/posts\/25077\/revisions"}],"predecessor-version":[{"id":25080,"href":"https:\/\/noticias.imer.mx\/laferia\/wp-json\/wp\/v2\/posts\/25077\/revisions\/25080"}],"wp:featuredmedia":[{"embeddable":true,"href":"https:\/\/noticias.imer.mx\/laferia\/wp-json\/wp\/v2\/media\/25078"}],"wp:attachment":[{"href":"https:\/\/noticias.imer.mx\/laferia\/wp-json\/wp\/v2\/media?parent=25077"}],"wp:term":[{"taxonomy":"category","embeddable":true,"href":"https:\/\/noticias.imer.mx\/laferia\/wp-json\/wp\/v2\/categories?post=25077"},{"taxonomy":"post_tag","embeddable":true,"href":"https:\/\/noticias.imer.mx\/laferia\/wp-json\/wp\/v2\/tags?post=25077"}],"curies":[{"name":"wp","href":"https:\/\/api.w.org\/{rel}","templated":true}]}}