{"id":21053,"date":"2014-06-20T15:10:26","date_gmt":"2014-06-20T21:10:26","guid":{"rendered":"http:\/\/snn.imer.gob.mx\/laferia\/?p=21053"},"modified":"2014-06-20T15:10:26","modified_gmt":"2014-06-20T21:10:26","slug":"fragmentos-de-mexico-de-jorge-fernandez-quartet","status":"publish","type":"post","link":"https:\/\/noticias.imer.mx\/laferia\/2014\/06\/20\/fragmentos-de-mexico-de-jorge-fernandez-quartet\/","title":{"rendered":"Fragmentos de M\u00e9xico de Jorge Fern\u00e1ndez Quartet"},"content":{"rendered":"<p><a href=\"http:\/\/snn.imer.gob.mx\/laferia\/files\/2014\/06\/Fragments-Of-Mexico.jpg\"><img decoding=\"async\" loading=\"lazy\" class=\"alignnone  wp-image-21054\" src=\"http:\/\/snn.imer.gob.mx\/laferia\/files\/2014\/06\/Fragments-Of-Mexico-150x150.jpg\" alt=\"Fragments Of Mexico\" width=\"235\" height=\"235\" \/><\/a>Paisajes, historias y recuerdos se convierten en m\u00fasica en el disco de jazz <strong>\u00abFragmentos de M\u00e9xico\u00bb<\/strong>, que presentar\u00e1 Jorge Fern\u00e1ndez Quartet el pr\u00f3ximo 25 de junio en el Centro Cultural de Espa\u00f1a en M\u00e9xico.<\/p>\n<!--[if lt IE 9]><script>document.createElement('audio');<\/script><![endif]-->\n<audio class=\"wp-audio-shortcode\" id=\"audio-21053-1\" preload=\"none\" style=\"width: 100%;\" controls=\"controls\"><source type=\"audio\/mpeg\" src=\"http:\/\/snn.imer.gob.mx\/laferia\/files\/2014\/06\/Fragmentos-de-Mexico.mp3?_=1\" \/><a href=\"http:\/\/snn.imer.gob.mx\/laferia\/files\/2014\/06\/Fragmentos-de-Mexico.mp3\">http:\/\/snn.imer.gob.mx\/laferia\/files\/2014\/06\/Fragmentos-de-Mexico.mp3<\/a><\/audio>\n","protected":false},"excerpt":{"rendered":"<p>Paisajes, historias y recuerdos se convierten en m\u00fasica en el disco de jazz \u00abFragmentos de M\u00e9xico\u00bb, que presentar\u00e1 Jorge Fern\u00e1ndez Quartet el pr\u00f3ximo 25 de junio en el Centro Cultural de Espa\u00f1a en M\u00e9xico.<\/p>\n","protected":false},"author":12,"featured_media":0,"comment_status":"open","ping_status":"open","sticky":false,"template":"","format":"standard","meta":{"wp_popup_display_lightbox":0,"wp_popup_suppress":"","wp_popup_trigger":"","wp_popup_trigger_amount":0,"wp_popup_disable_on_mobile":false},"categories":[1],"tags":[],"yoast_head":"<!-- This site is optimized with the Yoast SEO plugin v21.0 - https:\/\/yoast.com\/wordpress\/plugins\/seo\/ -->\n<title>Fragmentos de M\u00e9xico de Jorge Fern\u00e1ndez Quartet - La Feria, Carrusel Cultural<\/title>\n<meta name=\"robots\" content=\"index, follow, max-snippet:-1, max-image-preview:large, max-video-preview:-1\" \/>\n<link rel=\"canonical\" href=\"https:\/\/noticias.imer.mx\/laferia\/2014\/06\/20\/fragmentos-de-mexico-de-jorge-fernandez-quartet\/\" \/>\n<meta property=\"og:locale\" content=\"es_ES\" \/>\n<meta property=\"og:type\" content=\"article\" \/>\n<meta property=\"og:title\" content=\"Fragmentos de M\u00e9xico de Jorge Fern\u00e1ndez Quartet - La Feria, Carrusel Cultural\" \/>\n<meta property=\"og:description\" content=\"Paisajes, historias y recuerdos se convierten en m\u00fasica en el disco de jazz \u00abFragmentos de M\u00e9xico\u00bb, que presentar\u00e1 Jorge Fern\u00e1ndez Quartet el pr\u00f3ximo 25 de junio en el Centro Cultural de Espa\u00f1a en M\u00e9xico.\" \/>\n<meta property=\"og:url\" content=\"https:\/\/noticias.imer.mx\/laferia\/2014\/06\/20\/fragmentos-de-mexico-de-jorge-fernandez-quartet\/\" \/>\n<meta property=\"og:site_name\" content=\"La Feria, Carrusel Cultural\" \/>\n<meta property=\"article:published_time\" content=\"2014-06-20T21:10:26+00:00\" \/>\n<meta property=\"og:image\" content=\"http:\/\/snn.imer.gob.mx\/laferia\/files\/2014\/06\/Fragments-Of-Mexico-150x150.jpg\" \/>\n<meta name=\"author\" content=\"La Feria\" \/>\n<meta name=\"twitter:card\" content=\"summary_large_image\" \/>\n<meta name=\"twitter:label1\" content=\"Escrito por\" \/>\n\t<meta name=\"twitter:data1\" content=\"La Feria\" \/>\n<script type=\"application\/ld+json\" class=\"yoast-schema-graph\">{\"@context\":\"https:\/\/schema.org\",\"@graph\":[{\"@type\":\"WebPage\",\"@id\":\"https:\/\/noticias.imer.mx\/laferia\/2014\/06\/20\/fragmentos-de-mexico-de-jorge-fernandez-quartet\/\",\"url\":\"https:\/\/noticias.imer.mx\/laferia\/2014\/06\/20\/fragmentos-de-mexico-de-jorge-fernandez-quartet\/\",\"name\":\"Fragmentos de M\u00e9xico de Jorge Fern\u00e1ndez Quartet - La Feria, Carrusel Cultural\",\"isPartOf\":{\"@id\":\"https:\/\/noticias.imer.mx\/laferia\/#website\"},\"datePublished\":\"2014-06-20T21:10:26+00:00\",\"dateModified\":\"2014-06-20T21:10:26+00:00\",\"author\":{\"@id\":\"https:\/\/noticias.imer.mx\/laferia\/#\/schema\/person\/438ebaa433c79f71687928759130ec9f\"},\"breadcrumb\":{\"@id\":\"https:\/\/noticias.imer.mx\/laferia\/2014\/06\/20\/fragmentos-de-mexico-de-jorge-fernandez-quartet\/#breadcrumb\"},\"inLanguage\":\"es\",\"potentialAction\":[{\"@type\":\"ReadAction\",\"target\":[\"https:\/\/noticias.imer.mx\/laferia\/2014\/06\/20\/fragmentos-de-mexico-de-jorge-fernandez-quartet\/\"]}]},{\"@type\":\"BreadcrumbList\",\"@id\":\"https:\/\/noticias.imer.mx\/laferia\/2014\/06\/20\/fragmentos-de-mexico-de-jorge-fernandez-quartet\/#breadcrumb\",\"itemListElement\":[{\"@type\":\"ListItem\",\"position\":1,\"name\":\"Home\",\"item\":\"https:\/\/noticias.imer.mx\/laferia\/\"},{\"@type\":\"ListItem\",\"position\":2,\"name\":\"Fragmentos de M\u00e9xico de Jorge Fern\u00e1ndez Quartet\"}]},{\"@type\":\"WebSite\",\"@id\":\"https:\/\/noticias.imer.mx\/laferia\/#website\",\"url\":\"https:\/\/noticias.imer.mx\/laferia\/\",\"name\":\"La Feria, Carrusel Cultural\",\"description\":\"Instituto Mexicano de la Radio\",\"potentialAction\":[{\"@type\":\"SearchAction\",\"target\":{\"@type\":\"EntryPoint\",\"urlTemplate\":\"https:\/\/noticias.imer.mx\/laferia\/?s={search_term_string}\"},\"query-input\":\"required name=search_term_string\"}],\"inLanguage\":\"es\"},{\"@type\":\"Person\",\"@id\":\"https:\/\/noticias.imer.mx\/laferia\/#\/schema\/person\/438ebaa433c79f71687928759130ec9f\",\"name\":\"La Feria\",\"image\":{\"@type\":\"ImageObject\",\"inLanguage\":\"es\",\"@id\":\"https:\/\/noticias.imer.mx\/laferia\/#\/schema\/person\/image\/\",\"url\":\"https:\/\/secure.gravatar.com\/avatar\/69100f68fb4d3a06d1ff6b6cb5310157?s=96&d=mm&r=g\",\"contentUrl\":\"https:\/\/secure.gravatar.com\/avatar\/69100f68fb4d3a06d1ff6b6cb5310157?s=96&d=mm&r=g\",\"caption\":\"La Feria\"},\"description\":\"La Feria Carrusel Cultural, es un noticiario que alienta la participaci\u00f3n ciudadana y presenta informaci\u00f3n cultural y cient\u00edfica, de coyuntura, de M\u00e9xico y el mundo. En media hora puede conocer la cartelera cultural y escuchar, en voz de especialistas, entrevistas, asuntos especiales y mesas de an\u00e1lisis. Conducido por Juan Carlos Vald\u00e9s, La Feria Carrusel Cultural, se transmite todos los martes y jueves, de 15:00 a 15:30 horas por Horizonte, en el 107.9 de FM.\",\"url\":\"https:\/\/noticias.imer.mx\/laferia\/author\/laferia\/\"}]}<\/script>\n<!-- \/ Yoast SEO plugin. -->","yoast_head_json":{"title":"Fragmentos de M\u00e9xico de Jorge Fern\u00e1ndez Quartet - La Feria, Carrusel Cultural","robots":{"index":"index","follow":"follow","max-snippet":"max-snippet:-1","max-image-preview":"max-image-preview:large","max-video-preview":"max-video-preview:-1"},"canonical":"https:\/\/noticias.imer.mx\/laferia\/2014\/06\/20\/fragmentos-de-mexico-de-jorge-fernandez-quartet\/","og_locale":"es_ES","og_type":"article","og_title":"Fragmentos de M\u00e9xico de Jorge Fern\u00e1ndez Quartet - La Feria, Carrusel Cultural","og_description":"Paisajes, historias y recuerdos se convierten en m\u00fasica en el disco de jazz \u00abFragmentos de M\u00e9xico\u00bb, que presentar\u00e1 Jorge Fern\u00e1ndez Quartet el pr\u00f3ximo 25 de junio en el Centro Cultural de Espa\u00f1a en M\u00e9xico.","og_url":"https:\/\/noticias.imer.mx\/laferia\/2014\/06\/20\/fragmentos-de-mexico-de-jorge-fernandez-quartet\/","og_site_name":"La Feria, Carrusel Cultural","article_published_time":"2014-06-20T21:10:26+00:00","og_image":[{"url":"http:\/\/snn.imer.gob.mx\/laferia\/files\/2014\/06\/Fragments-Of-Mexico-150x150.jpg"}],"author":"La Feria","twitter_card":"summary_large_image","twitter_misc":{"Escrito por":"La Feria"},"schema":{"@context":"https:\/\/schema.org","@graph":[{"@type":"WebPage","@id":"https:\/\/noticias.imer.mx\/laferia\/2014\/06\/20\/fragmentos-de-mexico-de-jorge-fernandez-quartet\/","url":"https:\/\/noticias.imer.mx\/laferia\/2014\/06\/20\/fragmentos-de-mexico-de-jorge-fernandez-quartet\/","name":"Fragmentos de M\u00e9xico de Jorge Fern\u00e1ndez Quartet - La Feria, Carrusel Cultural","isPartOf":{"@id":"https:\/\/noticias.imer.mx\/laferia\/#website"},"datePublished":"2014-06-20T21:10:26+00:00","dateModified":"2014-06-20T21:10:26+00:00","author":{"@id":"https:\/\/noticias.imer.mx\/laferia\/#\/schema\/person\/438ebaa433c79f71687928759130ec9f"},"breadcrumb":{"@id":"https:\/\/noticias.imer.mx\/laferia\/2014\/06\/20\/fragmentos-de-mexico-de-jorge-fernandez-quartet\/#breadcrumb"},"inLanguage":"es","potentialAction":[{"@type":"ReadAction","target":["https:\/\/noticias.imer.mx\/laferia\/2014\/06\/20\/fragmentos-de-mexico-de-jorge-fernandez-quartet\/"]}]},{"@type":"BreadcrumbList","@id":"https:\/\/noticias.imer.mx\/laferia\/2014\/06\/20\/fragmentos-de-mexico-de-jorge-fernandez-quartet\/#breadcrumb","itemListElement":[{"@type":"ListItem","position":1,"name":"Home","item":"https:\/\/noticias.imer.mx\/laferia\/"},{"@type":"ListItem","position":2,"name":"Fragmentos de M\u00e9xico de Jorge Fern\u00e1ndez Quartet"}]},{"@type":"WebSite","@id":"https:\/\/noticias.imer.mx\/laferia\/#website","url":"https:\/\/noticias.imer.mx\/laferia\/","name":"La Feria, Carrusel Cultural","description":"Instituto Mexicano de la Radio","potentialAction":[{"@type":"SearchAction","target":{"@type":"EntryPoint","urlTemplate":"https:\/\/noticias.imer.mx\/laferia\/?s={search_term_string}"},"query-input":"required name=search_term_string"}],"inLanguage":"es"},{"@type":"Person","@id":"https:\/\/noticias.imer.mx\/laferia\/#\/schema\/person\/438ebaa433c79f71687928759130ec9f","name":"La Feria","image":{"@type":"ImageObject","inLanguage":"es","@id":"https:\/\/noticias.imer.mx\/laferia\/#\/schema\/person\/image\/","url":"https:\/\/secure.gravatar.com\/avatar\/69100f68fb4d3a06d1ff6b6cb5310157?s=96&d=mm&r=g","contentUrl":"https:\/\/secure.gravatar.com\/avatar\/69100f68fb4d3a06d1ff6b6cb5310157?s=96&d=mm&r=g","caption":"La Feria"},"description":"La Feria Carrusel Cultural, es un noticiario que alienta la participaci\u00f3n ciudadana y presenta informaci\u00f3n cultural y cient\u00edfica, de coyuntura, de M\u00e9xico y el mundo. En media hora puede conocer la cartelera cultural y escuchar, en voz de especialistas, entrevistas, asuntos especiales y mesas de an\u00e1lisis. Conducido por Juan Carlos Vald\u00e9s, La Feria Carrusel Cultural, se transmite todos los martes y jueves, de 15:00 a 15:30 horas por Horizonte, en el 107.9 de FM.","url":"https:\/\/noticias.imer.mx\/laferia\/author\/laferia\/"}]}},"_links":{"self":[{"href":"https:\/\/noticias.imer.mx\/laferia\/wp-json\/wp\/v2\/posts\/21053"}],"collection":[{"href":"https:\/\/noticias.imer.mx\/laferia\/wp-json\/wp\/v2\/posts"}],"about":[{"href":"https:\/\/noticias.imer.mx\/laferia\/wp-json\/wp\/v2\/types\/post"}],"author":[{"embeddable":true,"href":"https:\/\/noticias.imer.mx\/laferia\/wp-json\/wp\/v2\/users\/12"}],"replies":[{"embeddable":true,"href":"https:\/\/noticias.imer.mx\/laferia\/wp-json\/wp\/v2\/comments?post=21053"}],"version-history":[{"count":1,"href":"https:\/\/noticias.imer.mx\/laferia\/wp-json\/wp\/v2\/posts\/21053\/revisions"}],"predecessor-version":[{"id":21056,"href":"https:\/\/noticias.imer.mx\/laferia\/wp-json\/wp\/v2\/posts\/21053\/revisions\/21056"}],"wp:attachment":[{"href":"https:\/\/noticias.imer.mx\/laferia\/wp-json\/wp\/v2\/media?parent=21053"}],"wp:term":[{"taxonomy":"category","embeddable":true,"href":"https:\/\/noticias.imer.mx\/laferia\/wp-json\/wp\/v2\/categories?post=21053"},{"taxonomy":"post_tag","embeddable":true,"href":"https:\/\/noticias.imer.mx\/laferia\/wp-json\/wp\/v2\/tags?post=21053"}],"curies":[{"name":"wp","href":"https:\/\/api.w.org\/{rel}","templated":true}]}}