{"id":19984,"date":"2014-03-31T16:00:24","date_gmt":"2014-03-31T22:00:24","guid":{"rendered":"http:\/\/snn.imer.gob.mx\/laferia\/?p=19984"},"modified":"2014-04-11T09:48:09","modified_gmt":"2014-04-11T15:48:09","slug":"salomon-bazbaz-director-del-cumbre-tajin","status":"publish","type":"post","link":"https:\/\/noticias.imer.mx\/laferia\/2014\/03\/31\/salomon-bazbaz-director-del-cumbre-tajin\/","title":{"rendered":"Balance de Cumbre Taj\u00edn"},"content":{"rendered":"<p><a href=\"http:\/\/snn.imer.gob.mx\/laferia\/files\/2014\/03\/bazbaz.jpg\"><img decoding=\"async\" loading=\"lazy\" class=\"size-thumbnail wp-image-19987 alignnone\" alt=\"bazbaz\" src=\"http:\/\/snn.imer.gob.mx\/laferia\/files\/2014\/03\/bazbaz-150x150.jpg\" width=\"150\" height=\"150\" \/><\/a>\u00abLa internacionalizaci\u00f3n de cumbre Taj\u00edn lleva la cultura totonaca al mundo\u00bb, as\u00ed lo se\u00f1al\u00f3 Salom\u00f3n Bazbaz director del festival que culmin\u00f3 su d\u00e9cimo quinta edici\u00f3n.<!--[if lt IE 9]><script>document.createElement('audio');<\/script><![endif]-->\n<audio class=\"wp-audio-shortcode\" id=\"audio-19984-1\" preload=\"none\" style=\"width: 100%;\" controls=\"controls\"><source type=\"audio\/mpeg\" src=\"http:\/\/snn.imer.gob.mx\/laferia\/files\/2014\/03\/Taj\u00edn.mp3?_=1\" \/><a href=\"http:\/\/snn.imer.gob.mx\/laferia\/files\/2014\/03\/Taj\u00edn.mp3\">http:\/\/snn.imer.gob.mx\/laferia\/files\/2014\/03\/Taj\u00edn.mp3<\/a><\/audio><\/p>\n","protected":false},"excerpt":{"rendered":"<p>\u00abLa internacionalizaci\u00f3n de cumbre Taj\u00edn lleva la cultura totonaca al mundo\u00bb, as\u00ed lo se\u00f1al\u00f3 Salom\u00f3n Bazbaz director del festival que culmin\u00f3 su d\u00e9cimo quinta edici\u00f3n.<\/p>\n","protected":false},"author":8,"featured_media":0,"comment_status":"open","ping_status":"open","sticky":false,"template":"","format":"standard","meta":{"wp_popup_display_lightbox":0,"wp_popup_suppress":"","wp_popup_trigger":"","wp_popup_trigger_amount":0,"wp_popup_disable_on_mobile":false},"categories":[1],"tags":[],"yoast_head":"<!-- This site is optimized with the Yoast SEO plugin v21.0 - https:\/\/yoast.com\/wordpress\/plugins\/seo\/ -->\n<title>Balance de Cumbre Taj\u00edn - La Feria, Carrusel Cultural<\/title>\n<meta name=\"robots\" content=\"index, follow, max-snippet:-1, max-image-preview:large, max-video-preview:-1\" \/>\n<link rel=\"canonical\" href=\"https:\/\/noticias.imer.mx\/laferia\/2014\/03\/31\/salomon-bazbaz-director-del-cumbre-tajin\/\" \/>\n<meta property=\"og:locale\" content=\"es_ES\" \/>\n<meta property=\"og:type\" content=\"article\" \/>\n<meta property=\"og:title\" content=\"Balance de Cumbre Taj\u00edn - La Feria, Carrusel Cultural\" \/>\n<meta property=\"og:description\" content=\"\u00abLa internacionalizaci\u00f3n de cumbre Taj\u00edn lleva la cultura totonaca al mundo\u00bb, as\u00ed lo se\u00f1al\u00f3 Salom\u00f3n Bazbaz director del festival que culmin\u00f3 su d\u00e9cimo quinta edici\u00f3n.\" \/>\n<meta property=\"og:url\" content=\"https:\/\/noticias.imer.mx\/laferia\/2014\/03\/31\/salomon-bazbaz-director-del-cumbre-tajin\/\" \/>\n<meta property=\"og:site_name\" content=\"La Feria, Carrusel Cultural\" \/>\n<meta property=\"article:published_time\" content=\"2014-03-31T22:00:24+00:00\" \/>\n<meta property=\"article:modified_time\" content=\"2014-04-11T15:48:09+00:00\" \/>\n<meta property=\"og:image\" content=\"http:\/\/snn.imer.gob.mx\/laferia\/files\/2014\/03\/bazbaz-150x150.jpg\" \/>\n<meta name=\"author\" content=\"IMER Noticias\" \/>\n<meta name=\"twitter:card\" content=\"summary_large_image\" \/>\n<meta name=\"twitter:label1\" content=\"Escrito por\" \/>\n\t<meta name=\"twitter:data1\" content=\"IMER Noticias\" \/>\n<script type=\"application\/ld+json\" class=\"yoast-schema-graph\">{\"@context\":\"https:\/\/schema.org\",\"@graph\":[{\"@type\":\"WebPage\",\"@id\":\"https:\/\/noticias.imer.mx\/laferia\/2014\/03\/31\/salomon-bazbaz-director-del-cumbre-tajin\/\",\"url\":\"https:\/\/noticias.imer.mx\/laferia\/2014\/03\/31\/salomon-bazbaz-director-del-cumbre-tajin\/\",\"name\":\"Balance de Cumbre Taj\u00edn - La Feria, Carrusel Cultural\",\"isPartOf\":{\"@id\":\"https:\/\/noticias.imer.mx\/laferia\/#website\"},\"datePublished\":\"2014-03-31T22:00:24+00:00\",\"dateModified\":\"2014-04-11T15:48:09+00:00\",\"author\":{\"@id\":\"https:\/\/noticias.imer.mx\/laferia\/#\/schema\/person\/72de5454d165c5239bc56a49873e43c9\"},\"breadcrumb\":{\"@id\":\"https:\/\/noticias.imer.mx\/laferia\/2014\/03\/31\/salomon-bazbaz-director-del-cumbre-tajin\/#breadcrumb\"},\"inLanguage\":\"es\",\"potentialAction\":[{\"@type\":\"ReadAction\",\"target\":[\"https:\/\/noticias.imer.mx\/laferia\/2014\/03\/31\/salomon-bazbaz-director-del-cumbre-tajin\/\"]}]},{\"@type\":\"BreadcrumbList\",\"@id\":\"https:\/\/noticias.imer.mx\/laferia\/2014\/03\/31\/salomon-bazbaz-director-del-cumbre-tajin\/#breadcrumb\",\"itemListElement\":[{\"@type\":\"ListItem\",\"position\":1,\"name\":\"Home\",\"item\":\"https:\/\/noticias.imer.mx\/laferia\/\"},{\"@type\":\"ListItem\",\"position\":2,\"name\":\"Balance de Cumbre Taj\u00edn\"}]},{\"@type\":\"WebSite\",\"@id\":\"https:\/\/noticias.imer.mx\/laferia\/#website\",\"url\":\"https:\/\/noticias.imer.mx\/laferia\/\",\"name\":\"La Feria, Carrusel Cultural\",\"description\":\"Instituto Mexicano de la Radio\",\"potentialAction\":[{\"@type\":\"SearchAction\",\"target\":{\"@type\":\"EntryPoint\",\"urlTemplate\":\"https:\/\/noticias.imer.mx\/laferia\/?s={search_term_string}\"},\"query-input\":\"required name=search_term_string\"}],\"inLanguage\":\"es\"},{\"@type\":\"Person\",\"@id\":\"https:\/\/noticias.imer.mx\/laferia\/#\/schema\/person\/72de5454d165c5239bc56a49873e43c9\",\"name\":\"IMER Noticias\",\"image\":{\"@type\":\"ImageObject\",\"inLanguage\":\"es\",\"@id\":\"https:\/\/noticias.imer.mx\/laferia\/#\/schema\/person\/image\/\",\"url\":\"https:\/\/secure.gravatar.com\/avatar\/75ea31d10e46434a3c48f4e7bbc43032?s=96&d=mm&r=g\",\"contentUrl\":\"https:\/\/secure.gravatar.com\/avatar\/75ea31d10e46434a3c48f4e7bbc43032?s=96&d=mm&r=g\",\"caption\":\"IMER Noticias\"},\"url\":\"https:\/\/noticias.imer.mx\/laferia\/author\/antenaradio\/\"}]}<\/script>\n<!-- \/ Yoast SEO plugin. -->","yoast_head_json":{"title":"Balance de Cumbre Taj\u00edn - La Feria, Carrusel Cultural","robots":{"index":"index","follow":"follow","max-snippet":"max-snippet:-1","max-image-preview":"max-image-preview:large","max-video-preview":"max-video-preview:-1"},"canonical":"https:\/\/noticias.imer.mx\/laferia\/2014\/03\/31\/salomon-bazbaz-director-del-cumbre-tajin\/","og_locale":"es_ES","og_type":"article","og_title":"Balance de Cumbre Taj\u00edn - La Feria, Carrusel Cultural","og_description":"\u00abLa internacionalizaci\u00f3n de cumbre Taj\u00edn lleva la cultura totonaca al mundo\u00bb, as\u00ed lo se\u00f1al\u00f3 Salom\u00f3n Bazbaz director del festival que culmin\u00f3 su d\u00e9cimo quinta edici\u00f3n.","og_url":"https:\/\/noticias.imer.mx\/laferia\/2014\/03\/31\/salomon-bazbaz-director-del-cumbre-tajin\/","og_site_name":"La Feria, Carrusel Cultural","article_published_time":"2014-03-31T22:00:24+00:00","article_modified_time":"2014-04-11T15:48:09+00:00","og_image":[{"url":"http:\/\/snn.imer.gob.mx\/laferia\/files\/2014\/03\/bazbaz-150x150.jpg"}],"author":"IMER Noticias","twitter_card":"summary_large_image","twitter_misc":{"Escrito por":"IMER Noticias"},"schema":{"@context":"https:\/\/schema.org","@graph":[{"@type":"WebPage","@id":"https:\/\/noticias.imer.mx\/laferia\/2014\/03\/31\/salomon-bazbaz-director-del-cumbre-tajin\/","url":"https:\/\/noticias.imer.mx\/laferia\/2014\/03\/31\/salomon-bazbaz-director-del-cumbre-tajin\/","name":"Balance de Cumbre Taj\u00edn - La Feria, Carrusel Cultural","isPartOf":{"@id":"https:\/\/noticias.imer.mx\/laferia\/#website"},"datePublished":"2014-03-31T22:00:24+00:00","dateModified":"2014-04-11T15:48:09+00:00","author":{"@id":"https:\/\/noticias.imer.mx\/laferia\/#\/schema\/person\/72de5454d165c5239bc56a49873e43c9"},"breadcrumb":{"@id":"https:\/\/noticias.imer.mx\/laferia\/2014\/03\/31\/salomon-bazbaz-director-del-cumbre-tajin\/#breadcrumb"},"inLanguage":"es","potentialAction":[{"@type":"ReadAction","target":["https:\/\/noticias.imer.mx\/laferia\/2014\/03\/31\/salomon-bazbaz-director-del-cumbre-tajin\/"]}]},{"@type":"BreadcrumbList","@id":"https:\/\/noticias.imer.mx\/laferia\/2014\/03\/31\/salomon-bazbaz-director-del-cumbre-tajin\/#breadcrumb","itemListElement":[{"@type":"ListItem","position":1,"name":"Home","item":"https:\/\/noticias.imer.mx\/laferia\/"},{"@type":"ListItem","position":2,"name":"Balance de Cumbre Taj\u00edn"}]},{"@type":"WebSite","@id":"https:\/\/noticias.imer.mx\/laferia\/#website","url":"https:\/\/noticias.imer.mx\/laferia\/","name":"La Feria, Carrusel Cultural","description":"Instituto Mexicano de la Radio","potentialAction":[{"@type":"SearchAction","target":{"@type":"EntryPoint","urlTemplate":"https:\/\/noticias.imer.mx\/laferia\/?s={search_term_string}"},"query-input":"required name=search_term_string"}],"inLanguage":"es"},{"@type":"Person","@id":"https:\/\/noticias.imer.mx\/laferia\/#\/schema\/person\/72de5454d165c5239bc56a49873e43c9","name":"IMER Noticias","image":{"@type":"ImageObject","inLanguage":"es","@id":"https:\/\/noticias.imer.mx\/laferia\/#\/schema\/person\/image\/","url":"https:\/\/secure.gravatar.com\/avatar\/75ea31d10e46434a3c48f4e7bbc43032?s=96&d=mm&r=g","contentUrl":"https:\/\/secure.gravatar.com\/avatar\/75ea31d10e46434a3c48f4e7bbc43032?s=96&d=mm&r=g","caption":"IMER Noticias"},"url":"https:\/\/noticias.imer.mx\/laferia\/author\/antenaradio\/"}]}},"_links":{"self":[{"href":"https:\/\/noticias.imer.mx\/laferia\/wp-json\/wp\/v2\/posts\/19984"}],"collection":[{"href":"https:\/\/noticias.imer.mx\/laferia\/wp-json\/wp\/v2\/posts"}],"about":[{"href":"https:\/\/noticias.imer.mx\/laferia\/wp-json\/wp\/v2\/types\/post"}],"author":[{"embeddable":true,"href":"https:\/\/noticias.imer.mx\/laferia\/wp-json\/wp\/v2\/users\/8"}],"replies":[{"embeddable":true,"href":"https:\/\/noticias.imer.mx\/laferia\/wp-json\/wp\/v2\/comments?post=19984"}],"version-history":[{"count":2,"href":"https:\/\/noticias.imer.mx\/laferia\/wp-json\/wp\/v2\/posts\/19984\/revisions"}],"predecessor-version":[{"id":20146,"href":"https:\/\/noticias.imer.mx\/laferia\/wp-json\/wp\/v2\/posts\/19984\/revisions\/20146"}],"wp:attachment":[{"href":"https:\/\/noticias.imer.mx\/laferia\/wp-json\/wp\/v2\/media?parent=19984"}],"wp:term":[{"taxonomy":"category","embeddable":true,"href":"https:\/\/noticias.imer.mx\/laferia\/wp-json\/wp\/v2\/categories?post=19984"},{"taxonomy":"post_tag","embeddable":true,"href":"https:\/\/noticias.imer.mx\/laferia\/wp-json\/wp\/v2\/tags?post=19984"}],"curies":[{"name":"wp","href":"https:\/\/api.w.org\/{rel}","templated":true}]}}