{"id":19970,"date":"2014-03-31T15:49:11","date_gmt":"2014-03-31T21:49:11","guid":{"rendered":"http:\/\/snn.imer.gob.mx\/laferia\/?p=19970"},"modified":"2014-03-31T15:52:36","modified_gmt":"2014-03-31T21:52:36","slug":"homenaje-a-paz-comision-de-cultura-del-senado-de-la-republica","status":"publish","type":"post","link":"https:\/\/noticias.imer.mx\/laferia\/2014\/03\/31\/homenaje-a-paz-comision-de-cultura-del-senado-de-la-republica\/","title":{"rendered":"Homenaje a Paz: Comisi\u00f3n de Cultura del Senado de la Rep\u00fablica"},"content":{"rendered":"<p><span style=\"line-height: 1.5em\"><a href=\"http:\/\/snn.imer.gob.mx\/laferia\/files\/2014\/03\/senadora-Blanca-Alcala.jpg\"><img decoding=\"async\" loading=\"lazy\" class=\"size-thumbnail wp-image-19971 alignnone\" alt=\"senadora-Blanca-Alcala\" src=\"http:\/\/snn.imer.gob.mx\/laferia\/files\/2014\/03\/senadora-Blanca-Alcala-150x150.jpg\" width=\"150\" height=\"150\" \/><\/a><\/span><span style=\"line-height: 1.5em\">Octavio Paz no escribi\u00f3 de pol\u00edtica por competencia profesional, si no por obligaci\u00f3n moral, labor que deben de sostener los Senadores, se\u00f1al\u00f3 Blanca Alcal\u00e1, Presidenta de la Comisi\u00f3n de Cultura del Senado de la Rep\u00fablica.<!--[if lt IE 9]><script>document.createElement('audio');<\/script><![endif]-->\n<audio class=\"wp-audio-shortcode\" id=\"audio-19970-1\" preload=\"none\" style=\"width: 100%;\" controls=\"controls\"><source type=\"audio\/mpeg\" src=\"http:\/\/snn.imer.gob.mx\/laferia\/files\/2014\/03\/placa-conmemorativa-paz.mp3?_=1\" \/><a href=\"http:\/\/snn.imer.gob.mx\/laferia\/files\/2014\/03\/placa-conmemorativa-paz.mp3\">http:\/\/snn.imer.gob.mx\/laferia\/files\/2014\/03\/placa-conmemorativa-paz.mp3<\/a><\/audio><\/span><\/p>\n","protected":false},"excerpt":{"rendered":"<p>Octavio Paz no escribi\u00f3 de pol\u00edtica por competencia profesional, si no por obligaci\u00f3n moral, labor que deben de sostener los Senadores, se\u00f1al\u00f3 Blanca Alcal\u00e1, Presidenta de la Comisi\u00f3n de Cultura del Senado de la Rep\u00fablica.<\/p>\n","protected":false},"author":8,"featured_media":0,"comment_status":"open","ping_status":"open","sticky":false,"template":"","format":"standard","meta":{"wp_popup_display_lightbox":0,"wp_popup_suppress":"","wp_popup_trigger":"","wp_popup_trigger_amount":0,"wp_popup_disable_on_mobile":false},"categories":[1],"tags":[],"yoast_head":"<!-- This site is optimized with the Yoast SEO plugin v21.0 - https:\/\/yoast.com\/wordpress\/plugins\/seo\/ -->\n<title>Homenaje a Paz: Comisi\u00f3n de Cultura del Senado de la Rep\u00fablica - La Feria, Carrusel Cultural<\/title>\n<meta name=\"robots\" content=\"index, follow, max-snippet:-1, max-image-preview:large, max-video-preview:-1\" \/>\n<link rel=\"canonical\" href=\"https:\/\/noticias.imer.mx\/laferia\/2014\/03\/31\/homenaje-a-paz-comision-de-cultura-del-senado-de-la-republica\/\" \/>\n<meta property=\"og:locale\" content=\"es_ES\" \/>\n<meta property=\"og:type\" content=\"article\" \/>\n<meta property=\"og:title\" content=\"Homenaje a Paz: Comisi\u00f3n de Cultura del Senado de la Rep\u00fablica - La Feria, Carrusel Cultural\" \/>\n<meta property=\"og:description\" content=\"Octavio Paz no escribi\u00f3 de pol\u00edtica por competencia profesional, si no por obligaci\u00f3n moral, labor que deben de sostener los Senadores, se\u00f1al\u00f3 Blanca Alcal\u00e1, Presidenta de la Comisi\u00f3n de Cultura del Senado de la Rep\u00fablica.\" \/>\n<meta property=\"og:url\" content=\"https:\/\/noticias.imer.mx\/laferia\/2014\/03\/31\/homenaje-a-paz-comision-de-cultura-del-senado-de-la-republica\/\" \/>\n<meta property=\"og:site_name\" content=\"La Feria, Carrusel Cultural\" \/>\n<meta property=\"article:published_time\" content=\"2014-03-31T21:49:11+00:00\" \/>\n<meta property=\"article:modified_time\" content=\"2014-03-31T21:52:36+00:00\" \/>\n<meta property=\"og:image\" content=\"http:\/\/snn.imer.gob.mx\/laferia\/files\/2014\/03\/senadora-Blanca-Alcala-150x150.jpg\" \/>\n<meta name=\"author\" content=\"IMER Noticias\" \/>\n<meta name=\"twitter:card\" content=\"summary_large_image\" \/>\n<meta name=\"twitter:label1\" content=\"Escrito por\" \/>\n\t<meta name=\"twitter:data1\" content=\"IMER Noticias\" \/>\n<script type=\"application\/ld+json\" class=\"yoast-schema-graph\">{\"@context\":\"https:\/\/schema.org\",\"@graph\":[{\"@type\":\"WebPage\",\"@id\":\"https:\/\/noticias.imer.mx\/laferia\/2014\/03\/31\/homenaje-a-paz-comision-de-cultura-del-senado-de-la-republica\/\",\"url\":\"https:\/\/noticias.imer.mx\/laferia\/2014\/03\/31\/homenaje-a-paz-comision-de-cultura-del-senado-de-la-republica\/\",\"name\":\"Homenaje a Paz: Comisi\u00f3n de Cultura del Senado de la Rep\u00fablica - La Feria, Carrusel Cultural\",\"isPartOf\":{\"@id\":\"https:\/\/noticias.imer.mx\/laferia\/#website\"},\"datePublished\":\"2014-03-31T21:49:11+00:00\",\"dateModified\":\"2014-03-31T21:52:36+00:00\",\"author\":{\"@id\":\"https:\/\/noticias.imer.mx\/laferia\/#\/schema\/person\/72de5454d165c5239bc56a49873e43c9\"},\"breadcrumb\":{\"@id\":\"https:\/\/noticias.imer.mx\/laferia\/2014\/03\/31\/homenaje-a-paz-comision-de-cultura-del-senado-de-la-republica\/#breadcrumb\"},\"inLanguage\":\"es\",\"potentialAction\":[{\"@type\":\"ReadAction\",\"target\":[\"https:\/\/noticias.imer.mx\/laferia\/2014\/03\/31\/homenaje-a-paz-comision-de-cultura-del-senado-de-la-republica\/\"]}]},{\"@type\":\"BreadcrumbList\",\"@id\":\"https:\/\/noticias.imer.mx\/laferia\/2014\/03\/31\/homenaje-a-paz-comision-de-cultura-del-senado-de-la-republica\/#breadcrumb\",\"itemListElement\":[{\"@type\":\"ListItem\",\"position\":1,\"name\":\"Home\",\"item\":\"https:\/\/noticias.imer.mx\/laferia\/\"},{\"@type\":\"ListItem\",\"position\":2,\"name\":\"Homenaje a Paz: Comisi\u00f3n de Cultura del Senado de la Rep\u00fablica\"}]},{\"@type\":\"WebSite\",\"@id\":\"https:\/\/noticias.imer.mx\/laferia\/#website\",\"url\":\"https:\/\/noticias.imer.mx\/laferia\/\",\"name\":\"La Feria, Carrusel Cultural\",\"description\":\"Instituto Mexicano de la Radio\",\"potentialAction\":[{\"@type\":\"SearchAction\",\"target\":{\"@type\":\"EntryPoint\",\"urlTemplate\":\"https:\/\/noticias.imer.mx\/laferia\/?s={search_term_string}\"},\"query-input\":\"required name=search_term_string\"}],\"inLanguage\":\"es\"},{\"@type\":\"Person\",\"@id\":\"https:\/\/noticias.imer.mx\/laferia\/#\/schema\/person\/72de5454d165c5239bc56a49873e43c9\",\"name\":\"IMER Noticias\",\"image\":{\"@type\":\"ImageObject\",\"inLanguage\":\"es\",\"@id\":\"https:\/\/noticias.imer.mx\/laferia\/#\/schema\/person\/image\/\",\"url\":\"https:\/\/secure.gravatar.com\/avatar\/75ea31d10e46434a3c48f4e7bbc43032?s=96&d=mm&r=g\",\"contentUrl\":\"https:\/\/secure.gravatar.com\/avatar\/75ea31d10e46434a3c48f4e7bbc43032?s=96&d=mm&r=g\",\"caption\":\"IMER Noticias\"},\"url\":\"https:\/\/noticias.imer.mx\/laferia\/author\/antenaradio\/\"}]}<\/script>\n<!-- \/ Yoast SEO plugin. -->","yoast_head_json":{"title":"Homenaje a Paz: Comisi\u00f3n de Cultura del Senado de la Rep\u00fablica - La Feria, Carrusel Cultural","robots":{"index":"index","follow":"follow","max-snippet":"max-snippet:-1","max-image-preview":"max-image-preview:large","max-video-preview":"max-video-preview:-1"},"canonical":"https:\/\/noticias.imer.mx\/laferia\/2014\/03\/31\/homenaje-a-paz-comision-de-cultura-del-senado-de-la-republica\/","og_locale":"es_ES","og_type":"article","og_title":"Homenaje a Paz: Comisi\u00f3n de Cultura del Senado de la Rep\u00fablica - La Feria, Carrusel Cultural","og_description":"Octavio Paz no escribi\u00f3 de pol\u00edtica por competencia profesional, si no por obligaci\u00f3n moral, labor que deben de sostener los Senadores, se\u00f1al\u00f3 Blanca Alcal\u00e1, Presidenta de la Comisi\u00f3n de Cultura del Senado de la Rep\u00fablica.","og_url":"https:\/\/noticias.imer.mx\/laferia\/2014\/03\/31\/homenaje-a-paz-comision-de-cultura-del-senado-de-la-republica\/","og_site_name":"La Feria, Carrusel Cultural","article_published_time":"2014-03-31T21:49:11+00:00","article_modified_time":"2014-03-31T21:52:36+00:00","og_image":[{"url":"http:\/\/snn.imer.gob.mx\/laferia\/files\/2014\/03\/senadora-Blanca-Alcala-150x150.jpg"}],"author":"IMER Noticias","twitter_card":"summary_large_image","twitter_misc":{"Escrito por":"IMER Noticias"},"schema":{"@context":"https:\/\/schema.org","@graph":[{"@type":"WebPage","@id":"https:\/\/noticias.imer.mx\/laferia\/2014\/03\/31\/homenaje-a-paz-comision-de-cultura-del-senado-de-la-republica\/","url":"https:\/\/noticias.imer.mx\/laferia\/2014\/03\/31\/homenaje-a-paz-comision-de-cultura-del-senado-de-la-republica\/","name":"Homenaje a Paz: Comisi\u00f3n de Cultura del Senado de la Rep\u00fablica - La Feria, Carrusel Cultural","isPartOf":{"@id":"https:\/\/noticias.imer.mx\/laferia\/#website"},"datePublished":"2014-03-31T21:49:11+00:00","dateModified":"2014-03-31T21:52:36+00:00","author":{"@id":"https:\/\/noticias.imer.mx\/laferia\/#\/schema\/person\/72de5454d165c5239bc56a49873e43c9"},"breadcrumb":{"@id":"https:\/\/noticias.imer.mx\/laferia\/2014\/03\/31\/homenaje-a-paz-comision-de-cultura-del-senado-de-la-republica\/#breadcrumb"},"inLanguage":"es","potentialAction":[{"@type":"ReadAction","target":["https:\/\/noticias.imer.mx\/laferia\/2014\/03\/31\/homenaje-a-paz-comision-de-cultura-del-senado-de-la-republica\/"]}]},{"@type":"BreadcrumbList","@id":"https:\/\/noticias.imer.mx\/laferia\/2014\/03\/31\/homenaje-a-paz-comision-de-cultura-del-senado-de-la-republica\/#breadcrumb","itemListElement":[{"@type":"ListItem","position":1,"name":"Home","item":"https:\/\/noticias.imer.mx\/laferia\/"},{"@type":"ListItem","position":2,"name":"Homenaje a Paz: Comisi\u00f3n de Cultura del Senado de la Rep\u00fablica"}]},{"@type":"WebSite","@id":"https:\/\/noticias.imer.mx\/laferia\/#website","url":"https:\/\/noticias.imer.mx\/laferia\/","name":"La Feria, Carrusel Cultural","description":"Instituto Mexicano de la Radio","potentialAction":[{"@type":"SearchAction","target":{"@type":"EntryPoint","urlTemplate":"https:\/\/noticias.imer.mx\/laferia\/?s={search_term_string}"},"query-input":"required name=search_term_string"}],"inLanguage":"es"},{"@type":"Person","@id":"https:\/\/noticias.imer.mx\/laferia\/#\/schema\/person\/72de5454d165c5239bc56a49873e43c9","name":"IMER Noticias","image":{"@type":"ImageObject","inLanguage":"es","@id":"https:\/\/noticias.imer.mx\/laferia\/#\/schema\/person\/image\/","url":"https:\/\/secure.gravatar.com\/avatar\/75ea31d10e46434a3c48f4e7bbc43032?s=96&d=mm&r=g","contentUrl":"https:\/\/secure.gravatar.com\/avatar\/75ea31d10e46434a3c48f4e7bbc43032?s=96&d=mm&r=g","caption":"IMER Noticias"},"url":"https:\/\/noticias.imer.mx\/laferia\/author\/antenaradio\/"}]}},"_links":{"self":[{"href":"https:\/\/noticias.imer.mx\/laferia\/wp-json\/wp\/v2\/posts\/19970"}],"collection":[{"href":"https:\/\/noticias.imer.mx\/laferia\/wp-json\/wp\/v2\/posts"}],"about":[{"href":"https:\/\/noticias.imer.mx\/laferia\/wp-json\/wp\/v2\/types\/post"}],"author":[{"embeddable":true,"href":"https:\/\/noticias.imer.mx\/laferia\/wp-json\/wp\/v2\/users\/8"}],"replies":[{"embeddable":true,"href":"https:\/\/noticias.imer.mx\/laferia\/wp-json\/wp\/v2\/comments?post=19970"}],"version-history":[{"count":6,"href":"https:\/\/noticias.imer.mx\/laferia\/wp-json\/wp\/v2\/posts\/19970\/revisions"}],"predecessor-version":[{"id":20010,"href":"https:\/\/noticias.imer.mx\/laferia\/wp-json\/wp\/v2\/posts\/19970\/revisions\/20010"}],"wp:attachment":[{"href":"https:\/\/noticias.imer.mx\/laferia\/wp-json\/wp\/v2\/media?parent=19970"}],"wp:term":[{"taxonomy":"category","embeddable":true,"href":"https:\/\/noticias.imer.mx\/laferia\/wp-json\/wp\/v2\/categories?post=19970"},{"taxonomy":"post_tag","embeddable":true,"href":"https:\/\/noticias.imer.mx\/laferia\/wp-json\/wp\/v2\/tags?post=19970"}],"curies":[{"name":"wp","href":"https:\/\/api.w.org\/{rel}","templated":true}]}}