{"id":19636,"date":"2014-02-19T14:17:00","date_gmt":"2014-02-19T20:17:00","guid":{"rendered":"http:\/\/snn.imer.gob.mx\/laferia\/?p=19636"},"modified":"2014-02-19T14:17:00","modified_gmt":"2014-02-19T20:17:00","slug":"centenario-del-natalicio-del-escritor-octavio-paz","status":"publish","type":"post","link":"https:\/\/noticias.imer.mx\/laferia\/2014\/02\/19\/centenario-del-natalicio-del-escritor-octavio-paz\/","title":{"rendered":"Centenario del Natalicio del escritor Octavio Paz."},"content":{"rendered":"<p><a href=\"http:\/\/snn.imer.gob.mx\/laferia\/files\/2014\/02\/octavio_paz.jpg\"><img decoding=\"async\" loading=\"lazy\" class=\"alignnone size-full wp-image-19637\" alt=\"octavio_paz\" src=\"http:\/\/snn.imer.gob.mx\/laferia\/files\/2014\/02\/octavio_paz.jpg\" width=\"230\" height=\"290\" \/><\/a>Con un encuentro intelectual de car\u00e1cter internacional al que asistir\u00e1n tres premios Nobel de Literatura; exposiciones, presentaciones de libros y mesas de reflexi\u00f3n, se conmemorar\u00e1 a partir del 20 de marzo el Centenario del Natalicio del escritor Octavio Paz.\u00a0<!--[if lt IE 9]><script>document.createElement('audio');<\/script><![endif]-->\n<audio class=\"wp-audio-shortcode\" id=\"audio-19636-1\" preload=\"none\" style=\"width: 100%;\" controls=\"controls\"><source type=\"audio\/mpeg\" src=\"http:\/\/snn.imer.gob.mx\/laferia\/files\/2014\/02\/Octavio-Paz.mp3?_=1\" \/><a href=\"http:\/\/snn.imer.gob.mx\/laferia\/files\/2014\/02\/Octavio-Paz.mp3\">http:\/\/snn.imer.gob.mx\/laferia\/files\/2014\/02\/Octavio-Paz.mp3<\/a><\/audio><\/p>\n","protected":false},"excerpt":{"rendered":"<p>Con un encuentro intelectual de car\u00e1cter internacional al que asistir\u00e1n tres premios Nobel de Literatura; exposiciones, presentaciones de libros y mesas de reflexi\u00f3n, se conmemorar\u00e1 a partir del 20 de marzo el Centenario del Natalicio del escritor Octavio Paz.\u00a0<\/p>\n","protected":false},"author":12,"featured_media":0,"comment_status":"open","ping_status":"open","sticky":false,"template":"","format":"standard","meta":{"wp_popup_display_lightbox":0,"wp_popup_suppress":"","wp_popup_trigger":"","wp_popup_trigger_amount":0,"wp_popup_disable_on_mobile":false},"categories":[1],"tags":[],"yoast_head":"<!-- This site is optimized with the Yoast SEO plugin v21.0 - https:\/\/yoast.com\/wordpress\/plugins\/seo\/ -->\n<title>Centenario del Natalicio del escritor Octavio Paz.  - La Feria, Carrusel Cultural<\/title>\n<meta name=\"robots\" content=\"index, follow, max-snippet:-1, max-image-preview:large, max-video-preview:-1\" \/>\n<link rel=\"canonical\" href=\"https:\/\/noticias.imer.mx\/laferia\/2014\/02\/19\/centenario-del-natalicio-del-escritor-octavio-paz\/\" \/>\n<meta property=\"og:locale\" content=\"es_ES\" \/>\n<meta property=\"og:type\" content=\"article\" \/>\n<meta property=\"og:title\" content=\"Centenario del Natalicio del escritor Octavio Paz.  - La Feria, Carrusel Cultural\" \/>\n<meta property=\"og:description\" content=\"Con un encuentro intelectual de car\u00e1cter internacional al que asistir\u00e1n tres premios Nobel de Literatura; exposiciones, presentaciones de libros y mesas de reflexi\u00f3n, se conmemorar\u00e1 a partir del 20 de marzo el Centenario del Natalicio del escritor Octavio Paz.\u00a0\" \/>\n<meta property=\"og:url\" content=\"https:\/\/noticias.imer.mx\/laferia\/2014\/02\/19\/centenario-del-natalicio-del-escritor-octavio-paz\/\" \/>\n<meta property=\"og:site_name\" content=\"La Feria, Carrusel Cultural\" \/>\n<meta property=\"article:published_time\" content=\"2014-02-19T20:17:00+00:00\" \/>\n<meta property=\"og:image\" content=\"http:\/\/snn.imer.gob.mx\/laferia\/files\/2014\/02\/octavio_paz.jpg\" \/>\n<meta name=\"author\" content=\"La Feria\" \/>\n<meta name=\"twitter:card\" content=\"summary_large_image\" \/>\n<meta name=\"twitter:label1\" content=\"Escrito por\" \/>\n\t<meta name=\"twitter:data1\" content=\"La Feria\" \/>\n<script type=\"application\/ld+json\" class=\"yoast-schema-graph\">{\"@context\":\"https:\/\/schema.org\",\"@graph\":[{\"@type\":\"WebPage\",\"@id\":\"https:\/\/noticias.imer.mx\/laferia\/2014\/02\/19\/centenario-del-natalicio-del-escritor-octavio-paz\/\",\"url\":\"https:\/\/noticias.imer.mx\/laferia\/2014\/02\/19\/centenario-del-natalicio-del-escritor-octavio-paz\/\",\"name\":\"Centenario del Natalicio del escritor Octavio Paz. - La Feria, Carrusel Cultural\",\"isPartOf\":{\"@id\":\"https:\/\/noticias.imer.mx\/laferia\/#website\"},\"datePublished\":\"2014-02-19T20:17:00+00:00\",\"dateModified\":\"2014-02-19T20:17:00+00:00\",\"author\":{\"@id\":\"https:\/\/noticias.imer.mx\/laferia\/#\/schema\/person\/438ebaa433c79f71687928759130ec9f\"},\"breadcrumb\":{\"@id\":\"https:\/\/noticias.imer.mx\/laferia\/2014\/02\/19\/centenario-del-natalicio-del-escritor-octavio-paz\/#breadcrumb\"},\"inLanguage\":\"es\",\"potentialAction\":[{\"@type\":\"ReadAction\",\"target\":[\"https:\/\/noticias.imer.mx\/laferia\/2014\/02\/19\/centenario-del-natalicio-del-escritor-octavio-paz\/\"]}]},{\"@type\":\"BreadcrumbList\",\"@id\":\"https:\/\/noticias.imer.mx\/laferia\/2014\/02\/19\/centenario-del-natalicio-del-escritor-octavio-paz\/#breadcrumb\",\"itemListElement\":[{\"@type\":\"ListItem\",\"position\":1,\"name\":\"Home\",\"item\":\"https:\/\/noticias.imer.mx\/laferia\/\"},{\"@type\":\"ListItem\",\"position\":2,\"name\":\"Centenario del Natalicio del escritor Octavio Paz.\"}]},{\"@type\":\"WebSite\",\"@id\":\"https:\/\/noticias.imer.mx\/laferia\/#website\",\"url\":\"https:\/\/noticias.imer.mx\/laferia\/\",\"name\":\"La Feria, Carrusel Cultural\",\"description\":\"Instituto Mexicano de la Radio\",\"potentialAction\":[{\"@type\":\"SearchAction\",\"target\":{\"@type\":\"EntryPoint\",\"urlTemplate\":\"https:\/\/noticias.imer.mx\/laferia\/?s={search_term_string}\"},\"query-input\":\"required name=search_term_string\"}],\"inLanguage\":\"es\"},{\"@type\":\"Person\",\"@id\":\"https:\/\/noticias.imer.mx\/laferia\/#\/schema\/person\/438ebaa433c79f71687928759130ec9f\",\"name\":\"La Feria\",\"image\":{\"@type\":\"ImageObject\",\"inLanguage\":\"es\",\"@id\":\"https:\/\/noticias.imer.mx\/laferia\/#\/schema\/person\/image\/\",\"url\":\"https:\/\/secure.gravatar.com\/avatar\/69100f68fb4d3a06d1ff6b6cb5310157?s=96&d=mm&r=g\",\"contentUrl\":\"https:\/\/secure.gravatar.com\/avatar\/69100f68fb4d3a06d1ff6b6cb5310157?s=96&d=mm&r=g\",\"caption\":\"La Feria\"},\"description\":\"La Feria Carrusel Cultural, es un noticiario que alienta la participaci\u00f3n ciudadana y presenta informaci\u00f3n cultural y cient\u00edfica, de coyuntura, de M\u00e9xico y el mundo. En media hora puede conocer la cartelera cultural y escuchar, en voz de especialistas, entrevistas, asuntos especiales y mesas de an\u00e1lisis. Conducido por Juan Carlos Vald\u00e9s, La Feria Carrusel Cultural, se transmite todos los martes y jueves, de 15:00 a 15:30 horas por Horizonte, en el 107.9 de FM.\",\"url\":\"https:\/\/noticias.imer.mx\/laferia\/author\/laferia\/\"}]}<\/script>\n<!-- \/ Yoast SEO plugin. -->","yoast_head_json":{"title":"Centenario del Natalicio del escritor Octavio Paz.  - La Feria, Carrusel Cultural","robots":{"index":"index","follow":"follow","max-snippet":"max-snippet:-1","max-image-preview":"max-image-preview:large","max-video-preview":"max-video-preview:-1"},"canonical":"https:\/\/noticias.imer.mx\/laferia\/2014\/02\/19\/centenario-del-natalicio-del-escritor-octavio-paz\/","og_locale":"es_ES","og_type":"article","og_title":"Centenario del Natalicio del escritor Octavio Paz.  - La Feria, Carrusel Cultural","og_description":"Con un encuentro intelectual de car\u00e1cter internacional al que asistir\u00e1n tres premios Nobel de Literatura; exposiciones, presentaciones de libros y mesas de reflexi\u00f3n, se conmemorar\u00e1 a partir del 20 de marzo el Centenario del Natalicio del escritor Octavio Paz.\u00a0","og_url":"https:\/\/noticias.imer.mx\/laferia\/2014\/02\/19\/centenario-del-natalicio-del-escritor-octavio-paz\/","og_site_name":"La Feria, Carrusel Cultural","article_published_time":"2014-02-19T20:17:00+00:00","og_image":[{"url":"http:\/\/snn.imer.gob.mx\/laferia\/files\/2014\/02\/octavio_paz.jpg"}],"author":"La Feria","twitter_card":"summary_large_image","twitter_misc":{"Escrito por":"La Feria"},"schema":{"@context":"https:\/\/schema.org","@graph":[{"@type":"WebPage","@id":"https:\/\/noticias.imer.mx\/laferia\/2014\/02\/19\/centenario-del-natalicio-del-escritor-octavio-paz\/","url":"https:\/\/noticias.imer.mx\/laferia\/2014\/02\/19\/centenario-del-natalicio-del-escritor-octavio-paz\/","name":"Centenario del Natalicio del escritor Octavio Paz. - La Feria, Carrusel Cultural","isPartOf":{"@id":"https:\/\/noticias.imer.mx\/laferia\/#website"},"datePublished":"2014-02-19T20:17:00+00:00","dateModified":"2014-02-19T20:17:00+00:00","author":{"@id":"https:\/\/noticias.imer.mx\/laferia\/#\/schema\/person\/438ebaa433c79f71687928759130ec9f"},"breadcrumb":{"@id":"https:\/\/noticias.imer.mx\/laferia\/2014\/02\/19\/centenario-del-natalicio-del-escritor-octavio-paz\/#breadcrumb"},"inLanguage":"es","potentialAction":[{"@type":"ReadAction","target":["https:\/\/noticias.imer.mx\/laferia\/2014\/02\/19\/centenario-del-natalicio-del-escritor-octavio-paz\/"]}]},{"@type":"BreadcrumbList","@id":"https:\/\/noticias.imer.mx\/laferia\/2014\/02\/19\/centenario-del-natalicio-del-escritor-octavio-paz\/#breadcrumb","itemListElement":[{"@type":"ListItem","position":1,"name":"Home","item":"https:\/\/noticias.imer.mx\/laferia\/"},{"@type":"ListItem","position":2,"name":"Centenario del Natalicio del escritor Octavio Paz."}]},{"@type":"WebSite","@id":"https:\/\/noticias.imer.mx\/laferia\/#website","url":"https:\/\/noticias.imer.mx\/laferia\/","name":"La Feria, Carrusel Cultural","description":"Instituto Mexicano de la Radio","potentialAction":[{"@type":"SearchAction","target":{"@type":"EntryPoint","urlTemplate":"https:\/\/noticias.imer.mx\/laferia\/?s={search_term_string}"},"query-input":"required name=search_term_string"}],"inLanguage":"es"},{"@type":"Person","@id":"https:\/\/noticias.imer.mx\/laferia\/#\/schema\/person\/438ebaa433c79f71687928759130ec9f","name":"La Feria","image":{"@type":"ImageObject","inLanguage":"es","@id":"https:\/\/noticias.imer.mx\/laferia\/#\/schema\/person\/image\/","url":"https:\/\/secure.gravatar.com\/avatar\/69100f68fb4d3a06d1ff6b6cb5310157?s=96&d=mm&r=g","contentUrl":"https:\/\/secure.gravatar.com\/avatar\/69100f68fb4d3a06d1ff6b6cb5310157?s=96&d=mm&r=g","caption":"La Feria"},"description":"La Feria Carrusel Cultural, es un noticiario que alienta la participaci\u00f3n ciudadana y presenta informaci\u00f3n cultural y cient\u00edfica, de coyuntura, de M\u00e9xico y el mundo. En media hora puede conocer la cartelera cultural y escuchar, en voz de especialistas, entrevistas, asuntos especiales y mesas de an\u00e1lisis. Conducido por Juan Carlos Vald\u00e9s, La Feria Carrusel Cultural, se transmite todos los martes y jueves, de 15:00 a 15:30 horas por Horizonte, en el 107.9 de FM.","url":"https:\/\/noticias.imer.mx\/laferia\/author\/laferia\/"}]}},"_links":{"self":[{"href":"https:\/\/noticias.imer.mx\/laferia\/wp-json\/wp\/v2\/posts\/19636"}],"collection":[{"href":"https:\/\/noticias.imer.mx\/laferia\/wp-json\/wp\/v2\/posts"}],"about":[{"href":"https:\/\/noticias.imer.mx\/laferia\/wp-json\/wp\/v2\/types\/post"}],"author":[{"embeddable":true,"href":"https:\/\/noticias.imer.mx\/laferia\/wp-json\/wp\/v2\/users\/12"}],"replies":[{"embeddable":true,"href":"https:\/\/noticias.imer.mx\/laferia\/wp-json\/wp\/v2\/comments?post=19636"}],"version-history":[{"count":1,"href":"https:\/\/noticias.imer.mx\/laferia\/wp-json\/wp\/v2\/posts\/19636\/revisions"}],"predecessor-version":[{"id":19641,"href":"https:\/\/noticias.imer.mx\/laferia\/wp-json\/wp\/v2\/posts\/19636\/revisions\/19641"}],"wp:attachment":[{"href":"https:\/\/noticias.imer.mx\/laferia\/wp-json\/wp\/v2\/media?parent=19636"}],"wp:term":[{"taxonomy":"category","embeddable":true,"href":"https:\/\/noticias.imer.mx\/laferia\/wp-json\/wp\/v2\/categories?post=19636"},{"taxonomy":"post_tag","embeddable":true,"href":"https:\/\/noticias.imer.mx\/laferia\/wp-json\/wp\/v2\/tags?post=19636"}],"curies":[{"name":"wp","href":"https:\/\/api.w.org\/{rel}","templated":true}]}}