{"id":19575,"date":"2014-02-11T23:30:59","date_gmt":"2014-02-12T05:30:59","guid":{"rendered":"http:\/\/snn.imer.gob.mx\/laferia\/?p=19575"},"modified":"2014-02-12T00:31:32","modified_gmt":"2014-02-12T06:31:32","slug":"xeew-el-nuevo-album-del-cecam","status":"publish","type":"post","link":"https:\/\/noticias.imer.mx\/laferia\/2014\/02\/11\/xeew-el-nuevo-album-del-cecam\/","title":{"rendered":"X\u00eb\u00ebw el nuevo \u00e1lbum del CECAM"},"content":{"rendered":"<p><a href=\"http:\/\/snn.imer.gob.mx\/laferia\/files\/2014\/02\/X\u00eb\u00ebw.jpg\"><img decoding=\"async\" loading=\"lazy\" class=\"alignnone size-medium wp-image-19578\" alt=\"X\u00eb\u00ebw\" src=\"http:\/\/snn.imer.gob.mx\/laferia\/files\/2014\/02\/X\u00eb\u00ebw-300x300.jpg\" width=\"300\" height=\"300\" srcset=\"https:\/\/noticias.imer.mx\/laferia\/files\/2014\/02\/X\u00eb\u00ebw-300x300.jpg 300w, https:\/\/noticias.imer.mx\/laferia\/files\/2014\/02\/X\u00eb\u00ebw-150x150.jpg 150w, https:\/\/noticias.imer.mx\/laferia\/files\/2014\/02\/X\u00eb\u00ebw.jpg 386w\" sizes=\"(max-width: 300px) 100vw, 300px\" \/><\/a>Con el objetivo de mantener la m\u00fasica tradicional oaxaque\u00f1a y crear una visi\u00f3n contempor\u00e1nea que fusione las expresiones art\u00edsticas, el CECAM celebra su 35 aniversario con el \u00e1lbum X\u00eb\u00ebw, en \u00e9l participar\u00e1n artistas como Lila Downs, Hello Seahorse, Natalia Lafourcade entre otros.<!--[if lt IE 9]><script>document.createElement('audio');<\/script><![endif]-->\n<audio class=\"wp-audio-shortcode\" id=\"audio-19575-1\" preload=\"none\" style=\"width: 100%;\" controls=\"controls\"><source type=\"audio\/mpeg\" src=\"http:\/\/snn.imer.gob.mx\/laferia\/files\/2014\/02\/musica-tradicional-oaxaque\u00f1a.mp3?_=1\" \/><a href=\"http:\/\/snn.imer.gob.mx\/laferia\/files\/2014\/02\/musica-tradicional-oaxaque\u00f1a.mp3\">http:\/\/snn.imer.gob.mx\/laferia\/files\/2014\/02\/musica-tradicional-oaxaque\u00f1a.mp3<\/a><\/audio><\/p>\n","protected":false},"excerpt":{"rendered":"<p>Con el objetivo de mantener la m\u00fasica tradicional oaxaque\u00f1a y crear una visi\u00f3n contempor\u00e1nea que fusione las expresiones art\u00edsticas, el CECAM celebra su 35 aniversario con el \u00e1lbum X\u00eb\u00ebw, en \u00e9l participar\u00e1n artistas como Lila Downs, Hello Seahorse, Natalia Lafourcade entre otros.<\/p>\n","protected":false},"author":12,"featured_media":0,"comment_status":"open","ping_status":"open","sticky":false,"template":"","format":"standard","meta":{"wp_popup_display_lightbox":0,"wp_popup_suppress":"","wp_popup_trigger":"","wp_popup_trigger_amount":0,"wp_popup_disable_on_mobile":false},"categories":[1],"tags":[],"yoast_head":"<!-- This site is optimized with the Yoast SEO plugin v21.0 - https:\/\/yoast.com\/wordpress\/plugins\/seo\/ -->\n<title>X\u00eb\u00ebw el nuevo \u00e1lbum del CECAM - La Feria, Carrusel Cultural<\/title>\n<meta name=\"robots\" content=\"index, follow, max-snippet:-1, max-image-preview:large, max-video-preview:-1\" \/>\n<link rel=\"canonical\" href=\"https:\/\/noticias.imer.mx\/laferia\/2014\/02\/11\/xeew-el-nuevo-album-del-cecam\/\" \/>\n<meta property=\"og:locale\" content=\"es_ES\" \/>\n<meta property=\"og:type\" content=\"article\" \/>\n<meta property=\"og:title\" content=\"X\u00eb\u00ebw el nuevo \u00e1lbum del CECAM - La Feria, Carrusel Cultural\" \/>\n<meta property=\"og:description\" content=\"Con el objetivo de mantener la m\u00fasica tradicional oaxaque\u00f1a y crear una visi\u00f3n contempor\u00e1nea que fusione las expresiones art\u00edsticas, el CECAM celebra su 35 aniversario con el \u00e1lbum X\u00eb\u00ebw, en \u00e9l participar\u00e1n artistas como Lila Downs, Hello Seahorse, Natalia Lafourcade entre otros.\" \/>\n<meta property=\"og:url\" content=\"https:\/\/noticias.imer.mx\/laferia\/2014\/02\/11\/xeew-el-nuevo-album-del-cecam\/\" \/>\n<meta property=\"og:site_name\" content=\"La Feria, Carrusel Cultural\" \/>\n<meta property=\"article:published_time\" content=\"2014-02-12T05:30:59+00:00\" \/>\n<meta property=\"article:modified_time\" content=\"2014-02-12T06:31:32+00:00\" \/>\n<meta name=\"author\" content=\"La Feria\" \/>\n<meta name=\"twitter:card\" content=\"summary_large_image\" \/>\n<meta name=\"twitter:label1\" content=\"Escrito por\" \/>\n\t<meta name=\"twitter:data1\" content=\"La Feria\" \/>\n<script type=\"application\/ld+json\" class=\"yoast-schema-graph\">{\"@context\":\"https:\/\/schema.org\",\"@graph\":[{\"@type\":\"WebPage\",\"@id\":\"https:\/\/noticias.imer.mx\/laferia\/2014\/02\/11\/xeew-el-nuevo-album-del-cecam\/\",\"url\":\"https:\/\/noticias.imer.mx\/laferia\/2014\/02\/11\/xeew-el-nuevo-album-del-cecam\/\",\"name\":\"X\u00eb\u00ebw el nuevo \u00e1lbum del CECAM - La Feria, Carrusel Cultural\",\"isPartOf\":{\"@id\":\"https:\/\/noticias.imer.mx\/laferia\/#website\"},\"datePublished\":\"2014-02-12T05:30:59+00:00\",\"dateModified\":\"2014-02-12T06:31:32+00:00\",\"author\":{\"@id\":\"https:\/\/noticias.imer.mx\/laferia\/#\/schema\/person\/438ebaa433c79f71687928759130ec9f\"},\"breadcrumb\":{\"@id\":\"https:\/\/noticias.imer.mx\/laferia\/2014\/02\/11\/xeew-el-nuevo-album-del-cecam\/#breadcrumb\"},\"inLanguage\":\"es\",\"potentialAction\":[{\"@type\":\"ReadAction\",\"target\":[\"https:\/\/noticias.imer.mx\/laferia\/2014\/02\/11\/xeew-el-nuevo-album-del-cecam\/\"]}]},{\"@type\":\"BreadcrumbList\",\"@id\":\"https:\/\/noticias.imer.mx\/laferia\/2014\/02\/11\/xeew-el-nuevo-album-del-cecam\/#breadcrumb\",\"itemListElement\":[{\"@type\":\"ListItem\",\"position\":1,\"name\":\"Home\",\"item\":\"https:\/\/noticias.imer.mx\/laferia\/\"},{\"@type\":\"ListItem\",\"position\":2,\"name\":\"X\u00eb\u00ebw el nuevo \u00e1lbum del CECAM\"}]},{\"@type\":\"WebSite\",\"@id\":\"https:\/\/noticias.imer.mx\/laferia\/#website\",\"url\":\"https:\/\/noticias.imer.mx\/laferia\/\",\"name\":\"La Feria, Carrusel Cultural\",\"description\":\"Instituto Mexicano de la Radio\",\"potentialAction\":[{\"@type\":\"SearchAction\",\"target\":{\"@type\":\"EntryPoint\",\"urlTemplate\":\"https:\/\/noticias.imer.mx\/laferia\/?s={search_term_string}\"},\"query-input\":\"required name=search_term_string\"}],\"inLanguage\":\"es\"},{\"@type\":\"Person\",\"@id\":\"https:\/\/noticias.imer.mx\/laferia\/#\/schema\/person\/438ebaa433c79f71687928759130ec9f\",\"name\":\"La Feria\",\"image\":{\"@type\":\"ImageObject\",\"inLanguage\":\"es\",\"@id\":\"https:\/\/noticias.imer.mx\/laferia\/#\/schema\/person\/image\/\",\"url\":\"https:\/\/secure.gravatar.com\/avatar\/69100f68fb4d3a06d1ff6b6cb5310157?s=96&d=mm&r=g\",\"contentUrl\":\"https:\/\/secure.gravatar.com\/avatar\/69100f68fb4d3a06d1ff6b6cb5310157?s=96&d=mm&r=g\",\"caption\":\"La Feria\"},\"description\":\"La Feria Carrusel Cultural, es un noticiario que alienta la participaci\u00f3n ciudadana y presenta informaci\u00f3n cultural y cient\u00edfica, de coyuntura, de M\u00e9xico y el mundo. En media hora puede conocer la cartelera cultural y escuchar, en voz de especialistas, entrevistas, asuntos especiales y mesas de an\u00e1lisis. Conducido por Juan Carlos Vald\u00e9s, La Feria Carrusel Cultural, se transmite todos los martes y jueves, de 15:00 a 15:30 horas por Horizonte, en el 107.9 de FM.\",\"url\":\"https:\/\/noticias.imer.mx\/laferia\/author\/laferia\/\"}]}<\/script>\n<!-- \/ Yoast SEO plugin. -->","yoast_head_json":{"title":"X\u00eb\u00ebw el nuevo \u00e1lbum del CECAM - La Feria, Carrusel Cultural","robots":{"index":"index","follow":"follow","max-snippet":"max-snippet:-1","max-image-preview":"max-image-preview:large","max-video-preview":"max-video-preview:-1"},"canonical":"https:\/\/noticias.imer.mx\/laferia\/2014\/02\/11\/xeew-el-nuevo-album-del-cecam\/","og_locale":"es_ES","og_type":"article","og_title":"X\u00eb\u00ebw el nuevo \u00e1lbum del CECAM - La Feria, Carrusel Cultural","og_description":"Con el objetivo de mantener la m\u00fasica tradicional oaxaque\u00f1a y crear una visi\u00f3n contempor\u00e1nea que fusione las expresiones art\u00edsticas, el CECAM celebra su 35 aniversario con el \u00e1lbum X\u00eb\u00ebw, en \u00e9l participar\u00e1n artistas como Lila Downs, Hello Seahorse, Natalia Lafourcade entre otros.","og_url":"https:\/\/noticias.imer.mx\/laferia\/2014\/02\/11\/xeew-el-nuevo-album-del-cecam\/","og_site_name":"La Feria, Carrusel Cultural","article_published_time":"2014-02-12T05:30:59+00:00","article_modified_time":"2014-02-12T06:31:32+00:00","author":"La Feria","twitter_card":"summary_large_image","twitter_misc":{"Escrito por":"La Feria"},"schema":{"@context":"https:\/\/schema.org","@graph":[{"@type":"WebPage","@id":"https:\/\/noticias.imer.mx\/laferia\/2014\/02\/11\/xeew-el-nuevo-album-del-cecam\/","url":"https:\/\/noticias.imer.mx\/laferia\/2014\/02\/11\/xeew-el-nuevo-album-del-cecam\/","name":"X\u00eb\u00ebw el nuevo \u00e1lbum del CECAM - La Feria, Carrusel Cultural","isPartOf":{"@id":"https:\/\/noticias.imer.mx\/laferia\/#website"},"datePublished":"2014-02-12T05:30:59+00:00","dateModified":"2014-02-12T06:31:32+00:00","author":{"@id":"https:\/\/noticias.imer.mx\/laferia\/#\/schema\/person\/438ebaa433c79f71687928759130ec9f"},"breadcrumb":{"@id":"https:\/\/noticias.imer.mx\/laferia\/2014\/02\/11\/xeew-el-nuevo-album-del-cecam\/#breadcrumb"},"inLanguage":"es","potentialAction":[{"@type":"ReadAction","target":["https:\/\/noticias.imer.mx\/laferia\/2014\/02\/11\/xeew-el-nuevo-album-del-cecam\/"]}]},{"@type":"BreadcrumbList","@id":"https:\/\/noticias.imer.mx\/laferia\/2014\/02\/11\/xeew-el-nuevo-album-del-cecam\/#breadcrumb","itemListElement":[{"@type":"ListItem","position":1,"name":"Home","item":"https:\/\/noticias.imer.mx\/laferia\/"},{"@type":"ListItem","position":2,"name":"X\u00eb\u00ebw el nuevo \u00e1lbum del CECAM"}]},{"@type":"WebSite","@id":"https:\/\/noticias.imer.mx\/laferia\/#website","url":"https:\/\/noticias.imer.mx\/laferia\/","name":"La Feria, Carrusel Cultural","description":"Instituto Mexicano de la Radio","potentialAction":[{"@type":"SearchAction","target":{"@type":"EntryPoint","urlTemplate":"https:\/\/noticias.imer.mx\/laferia\/?s={search_term_string}"},"query-input":"required name=search_term_string"}],"inLanguage":"es"},{"@type":"Person","@id":"https:\/\/noticias.imer.mx\/laferia\/#\/schema\/person\/438ebaa433c79f71687928759130ec9f","name":"La Feria","image":{"@type":"ImageObject","inLanguage":"es","@id":"https:\/\/noticias.imer.mx\/laferia\/#\/schema\/person\/image\/","url":"https:\/\/secure.gravatar.com\/avatar\/69100f68fb4d3a06d1ff6b6cb5310157?s=96&d=mm&r=g","contentUrl":"https:\/\/secure.gravatar.com\/avatar\/69100f68fb4d3a06d1ff6b6cb5310157?s=96&d=mm&r=g","caption":"La Feria"},"description":"La Feria Carrusel Cultural, es un noticiario que alienta la participaci\u00f3n ciudadana y presenta informaci\u00f3n cultural y cient\u00edfica, de coyuntura, de M\u00e9xico y el mundo. En media hora puede conocer la cartelera cultural y escuchar, en voz de especialistas, entrevistas, asuntos especiales y mesas de an\u00e1lisis. Conducido por Juan Carlos Vald\u00e9s, La Feria Carrusel Cultural, se transmite todos los martes y jueves, de 15:00 a 15:30 horas por Horizonte, en el 107.9 de FM.","url":"https:\/\/noticias.imer.mx\/laferia\/author\/laferia\/"}]}},"_links":{"self":[{"href":"https:\/\/noticias.imer.mx\/laferia\/wp-json\/wp\/v2\/posts\/19575"}],"collection":[{"href":"https:\/\/noticias.imer.mx\/laferia\/wp-json\/wp\/v2\/posts"}],"about":[{"href":"https:\/\/noticias.imer.mx\/laferia\/wp-json\/wp\/v2\/types\/post"}],"author":[{"embeddable":true,"href":"https:\/\/noticias.imer.mx\/laferia\/wp-json\/wp\/v2\/users\/12"}],"replies":[{"embeddable":true,"href":"https:\/\/noticias.imer.mx\/laferia\/wp-json\/wp\/v2\/comments?post=19575"}],"version-history":[{"count":3,"href":"https:\/\/noticias.imer.mx\/laferia\/wp-json\/wp\/v2\/posts\/19575\/revisions"}],"predecessor-version":[{"id":19600,"href":"https:\/\/noticias.imer.mx\/laferia\/wp-json\/wp\/v2\/posts\/19575\/revisions\/19600"}],"wp:attachment":[{"href":"https:\/\/noticias.imer.mx\/laferia\/wp-json\/wp\/v2\/media?parent=19575"}],"wp:term":[{"taxonomy":"category","embeddable":true,"href":"https:\/\/noticias.imer.mx\/laferia\/wp-json\/wp\/v2\/categories?post=19575"},{"taxonomy":"post_tag","embeddable":true,"href":"https:\/\/noticias.imer.mx\/laferia\/wp-json\/wp\/v2\/tags?post=19575"}],"curies":[{"name":"wp","href":"https:\/\/api.w.org\/{rel}","templated":true}]}}