{"id":19492,"date":"2014-01-31T15:18:45","date_gmt":"2014-01-31T21:18:45","guid":{"rendered":"http:\/\/snn.imer.gob.mx\/laferia\/?p=19492"},"modified":"2014-04-11T10:03:43","modified_gmt":"2014-04-11T16:03:43","slug":"critico-dulce-pinzon-habla-de-la-fotografa-polixeni-papapetrou","status":"publish","type":"post","link":"https:\/\/noticias.imer.mx\/laferia\/2014\/01\/31\/critico-dulce-pinzon-habla-de-la-fotografa-polixeni-papapetrou\/","title":{"rendered":"Cr\u00edtico: Dulce Pinz\u00f3n habla sobre la fot\u00f3grafa Polixeni Papapetrou"},"content":{"rendered":"<p><a href=\"http:\/\/snn.imer.gob.mx\/laferia\/files\/2014\/01\/Polixeni.jpg\"><img decoding=\"async\" loading=\"lazy\" class=\"alignnone size-medium wp-image-19494\" alt=\"Polixeni\" src=\"http:\/\/snn.imer.gob.mx\/laferia\/files\/2014\/01\/Polixeni-300x228.jpg\" width=\"300\" height=\"228\" srcset=\"https:\/\/noticias.imer.mx\/laferia\/files\/2014\/01\/Polixeni-300x228.jpg 300w, https:\/\/noticias.imer.mx\/laferia\/files\/2014\/01\/Polixeni.jpg 468w\" sizes=\"(max-width: 300px) 100vw, 300px\" \/><\/a>La fot\u00f3grafa australiana <b>Polixeni Papapetrou<\/b> captur\u00f3 im\u00e1genes\u00a0 de menores con m\u00e1scaras luego de reflexionar que las \u00fanicas fotograf\u00edas que existen son de ni\u00f1os del tercer mundo. Comenta en la secci\u00f3n de cr\u00edticos <b>Dulce Pinz\u00f3n<\/b>.\u00a0<!--[if lt IE 9]><script>document.createElement('audio');<\/script><![endif]-->\n<audio class=\"wp-audio-shortcode\" id=\"audio-19492-1\" preload=\"none\" style=\"width: 100%;\" controls=\"controls\"><source type=\"audio\/mpeg\" src=\"http:\/\/snn.imer.gob.mx\/laferia\/files\/2014\/01\/PAPAPETROU.mp3?_=1\" \/><a href=\"http:\/\/snn.imer.gob.mx\/laferia\/files\/2014\/01\/PAPAPETROU.mp3\">http:\/\/snn.imer.gob.mx\/laferia\/files\/2014\/01\/PAPAPETROU.mp3<\/a><\/audio><\/p>\n","protected":false},"excerpt":{"rendered":"<p>La fot\u00f3grafa australiana Polixeni Papapetrou captur\u00f3 im\u00e1genes\u00a0 de menores con m\u00e1scaras luego de reflexionar que las \u00fanicas fotograf\u00edas que existen son de ni\u00f1os del tercer mundo. Comenta en la secci\u00f3n de cr\u00edticos Dulce Pinz\u00f3n.\u00a0<\/p>\n","protected":false},"author":12,"featured_media":0,"comment_status":"open","ping_status":"open","sticky":false,"template":"","format":"standard","meta":{"wp_popup_display_lightbox":0,"wp_popup_suppress":"","wp_popup_trigger":"","wp_popup_trigger_amount":0,"wp_popup_disable_on_mobile":false},"categories":[1],"tags":[],"yoast_head":"<!-- This site is optimized with the Yoast SEO plugin v21.0 - https:\/\/yoast.com\/wordpress\/plugins\/seo\/ -->\n<title>Cr\u00edtico: Dulce Pinz\u00f3n habla sobre la fot\u00f3grafa Polixeni Papapetrou - La Feria, Carrusel Cultural<\/title>\n<meta name=\"robots\" content=\"index, follow, max-snippet:-1, max-image-preview:large, max-video-preview:-1\" \/>\n<link rel=\"canonical\" href=\"https:\/\/noticias.imer.mx\/laferia\/2014\/01\/31\/critico-dulce-pinzon-habla-de-la-fotografa-polixeni-papapetrou\/\" \/>\n<meta property=\"og:locale\" content=\"es_ES\" \/>\n<meta property=\"og:type\" content=\"article\" \/>\n<meta property=\"og:title\" content=\"Cr\u00edtico: Dulce Pinz\u00f3n habla sobre la fot\u00f3grafa Polixeni Papapetrou - La Feria, Carrusel Cultural\" \/>\n<meta property=\"og:description\" content=\"La fot\u00f3grafa australiana Polixeni Papapetrou captur\u00f3 im\u00e1genes\u00a0 de menores con m\u00e1scaras luego de reflexionar que las \u00fanicas fotograf\u00edas que existen son de ni\u00f1os del tercer mundo. Comenta en la secci\u00f3n de cr\u00edticos Dulce Pinz\u00f3n.\u00a0\" \/>\n<meta property=\"og:url\" content=\"https:\/\/noticias.imer.mx\/laferia\/2014\/01\/31\/critico-dulce-pinzon-habla-de-la-fotografa-polixeni-papapetrou\/\" \/>\n<meta property=\"og:site_name\" content=\"La Feria, Carrusel Cultural\" \/>\n<meta property=\"article:published_time\" content=\"2014-01-31T21:18:45+00:00\" \/>\n<meta property=\"article:modified_time\" content=\"2014-04-11T16:03:43+00:00\" \/>\n<meta property=\"og:image\" content=\"http:\/\/snn.imer.gob.mx\/laferia\/files\/2014\/01\/Polixeni-300x228.jpg\" \/>\n<meta name=\"author\" content=\"La Feria\" \/>\n<meta name=\"twitter:card\" content=\"summary_large_image\" \/>\n<meta name=\"twitter:label1\" content=\"Escrito por\" \/>\n\t<meta name=\"twitter:data1\" content=\"La Feria\" \/>\n<script type=\"application\/ld+json\" class=\"yoast-schema-graph\">{\"@context\":\"https:\/\/schema.org\",\"@graph\":[{\"@type\":\"WebPage\",\"@id\":\"https:\/\/noticias.imer.mx\/laferia\/2014\/01\/31\/critico-dulce-pinzon-habla-de-la-fotografa-polixeni-papapetrou\/\",\"url\":\"https:\/\/noticias.imer.mx\/laferia\/2014\/01\/31\/critico-dulce-pinzon-habla-de-la-fotografa-polixeni-papapetrou\/\",\"name\":\"Cr\u00edtico: Dulce Pinz\u00f3n habla sobre la fot\u00f3grafa Polixeni Papapetrou - La Feria, Carrusel Cultural\",\"isPartOf\":{\"@id\":\"https:\/\/noticias.imer.mx\/laferia\/#website\"},\"datePublished\":\"2014-01-31T21:18:45+00:00\",\"dateModified\":\"2014-04-11T16:03:43+00:00\",\"author\":{\"@id\":\"https:\/\/noticias.imer.mx\/laferia\/#\/schema\/person\/438ebaa433c79f71687928759130ec9f\"},\"breadcrumb\":{\"@id\":\"https:\/\/noticias.imer.mx\/laferia\/2014\/01\/31\/critico-dulce-pinzon-habla-de-la-fotografa-polixeni-papapetrou\/#breadcrumb\"},\"inLanguage\":\"es\",\"potentialAction\":[{\"@type\":\"ReadAction\",\"target\":[\"https:\/\/noticias.imer.mx\/laferia\/2014\/01\/31\/critico-dulce-pinzon-habla-de-la-fotografa-polixeni-papapetrou\/\"]}]},{\"@type\":\"BreadcrumbList\",\"@id\":\"https:\/\/noticias.imer.mx\/laferia\/2014\/01\/31\/critico-dulce-pinzon-habla-de-la-fotografa-polixeni-papapetrou\/#breadcrumb\",\"itemListElement\":[{\"@type\":\"ListItem\",\"position\":1,\"name\":\"Home\",\"item\":\"https:\/\/noticias.imer.mx\/laferia\/\"},{\"@type\":\"ListItem\",\"position\":2,\"name\":\"Cr\u00edtico: Dulce Pinz\u00f3n habla sobre la fot\u00f3grafa Polixeni Papapetrou\"}]},{\"@type\":\"WebSite\",\"@id\":\"https:\/\/noticias.imer.mx\/laferia\/#website\",\"url\":\"https:\/\/noticias.imer.mx\/laferia\/\",\"name\":\"La Feria, Carrusel Cultural\",\"description\":\"Instituto Mexicano de la Radio\",\"potentialAction\":[{\"@type\":\"SearchAction\",\"target\":{\"@type\":\"EntryPoint\",\"urlTemplate\":\"https:\/\/noticias.imer.mx\/laferia\/?s={search_term_string}\"},\"query-input\":\"required name=search_term_string\"}],\"inLanguage\":\"es\"},{\"@type\":\"Person\",\"@id\":\"https:\/\/noticias.imer.mx\/laferia\/#\/schema\/person\/438ebaa433c79f71687928759130ec9f\",\"name\":\"La Feria\",\"image\":{\"@type\":\"ImageObject\",\"inLanguage\":\"es\",\"@id\":\"https:\/\/noticias.imer.mx\/laferia\/#\/schema\/person\/image\/\",\"url\":\"https:\/\/secure.gravatar.com\/avatar\/69100f68fb4d3a06d1ff6b6cb5310157?s=96&d=mm&r=g\",\"contentUrl\":\"https:\/\/secure.gravatar.com\/avatar\/69100f68fb4d3a06d1ff6b6cb5310157?s=96&d=mm&r=g\",\"caption\":\"La Feria\"},\"description\":\"La Feria Carrusel Cultural, es un noticiario que alienta la participaci\u00f3n ciudadana y presenta informaci\u00f3n cultural y cient\u00edfica, de coyuntura, de M\u00e9xico y el mundo. En media hora puede conocer la cartelera cultural y escuchar, en voz de especialistas, entrevistas, asuntos especiales y mesas de an\u00e1lisis. Conducido por Juan Carlos Vald\u00e9s, La Feria Carrusel Cultural, se transmite todos los martes y jueves, de 15:00 a 15:30 horas por Horizonte, en el 107.9 de FM.\",\"url\":\"https:\/\/noticias.imer.mx\/laferia\/author\/laferia\/\"}]}<\/script>\n<!-- \/ Yoast SEO plugin. -->","yoast_head_json":{"title":"Cr\u00edtico: Dulce Pinz\u00f3n habla sobre la fot\u00f3grafa Polixeni Papapetrou - La Feria, Carrusel Cultural","robots":{"index":"index","follow":"follow","max-snippet":"max-snippet:-1","max-image-preview":"max-image-preview:large","max-video-preview":"max-video-preview:-1"},"canonical":"https:\/\/noticias.imer.mx\/laferia\/2014\/01\/31\/critico-dulce-pinzon-habla-de-la-fotografa-polixeni-papapetrou\/","og_locale":"es_ES","og_type":"article","og_title":"Cr\u00edtico: Dulce Pinz\u00f3n habla sobre la fot\u00f3grafa Polixeni Papapetrou - La Feria, Carrusel Cultural","og_description":"La fot\u00f3grafa australiana Polixeni Papapetrou captur\u00f3 im\u00e1genes\u00a0 de menores con m\u00e1scaras luego de reflexionar que las \u00fanicas fotograf\u00edas que existen son de ni\u00f1os del tercer mundo. Comenta en la secci\u00f3n de cr\u00edticos Dulce Pinz\u00f3n.\u00a0","og_url":"https:\/\/noticias.imer.mx\/laferia\/2014\/01\/31\/critico-dulce-pinzon-habla-de-la-fotografa-polixeni-papapetrou\/","og_site_name":"La Feria, Carrusel Cultural","article_published_time":"2014-01-31T21:18:45+00:00","article_modified_time":"2014-04-11T16:03:43+00:00","og_image":[{"url":"http:\/\/snn.imer.gob.mx\/laferia\/files\/2014\/01\/Polixeni-300x228.jpg"}],"author":"La Feria","twitter_card":"summary_large_image","twitter_misc":{"Escrito por":"La Feria"},"schema":{"@context":"https:\/\/schema.org","@graph":[{"@type":"WebPage","@id":"https:\/\/noticias.imer.mx\/laferia\/2014\/01\/31\/critico-dulce-pinzon-habla-de-la-fotografa-polixeni-papapetrou\/","url":"https:\/\/noticias.imer.mx\/laferia\/2014\/01\/31\/critico-dulce-pinzon-habla-de-la-fotografa-polixeni-papapetrou\/","name":"Cr\u00edtico: Dulce Pinz\u00f3n habla sobre la fot\u00f3grafa Polixeni Papapetrou - La Feria, Carrusel Cultural","isPartOf":{"@id":"https:\/\/noticias.imer.mx\/laferia\/#website"},"datePublished":"2014-01-31T21:18:45+00:00","dateModified":"2014-04-11T16:03:43+00:00","author":{"@id":"https:\/\/noticias.imer.mx\/laferia\/#\/schema\/person\/438ebaa433c79f71687928759130ec9f"},"breadcrumb":{"@id":"https:\/\/noticias.imer.mx\/laferia\/2014\/01\/31\/critico-dulce-pinzon-habla-de-la-fotografa-polixeni-papapetrou\/#breadcrumb"},"inLanguage":"es","potentialAction":[{"@type":"ReadAction","target":["https:\/\/noticias.imer.mx\/laferia\/2014\/01\/31\/critico-dulce-pinzon-habla-de-la-fotografa-polixeni-papapetrou\/"]}]},{"@type":"BreadcrumbList","@id":"https:\/\/noticias.imer.mx\/laferia\/2014\/01\/31\/critico-dulce-pinzon-habla-de-la-fotografa-polixeni-papapetrou\/#breadcrumb","itemListElement":[{"@type":"ListItem","position":1,"name":"Home","item":"https:\/\/noticias.imer.mx\/laferia\/"},{"@type":"ListItem","position":2,"name":"Cr\u00edtico: Dulce Pinz\u00f3n habla sobre la fot\u00f3grafa Polixeni Papapetrou"}]},{"@type":"WebSite","@id":"https:\/\/noticias.imer.mx\/laferia\/#website","url":"https:\/\/noticias.imer.mx\/laferia\/","name":"La Feria, Carrusel Cultural","description":"Instituto Mexicano de la Radio","potentialAction":[{"@type":"SearchAction","target":{"@type":"EntryPoint","urlTemplate":"https:\/\/noticias.imer.mx\/laferia\/?s={search_term_string}"},"query-input":"required name=search_term_string"}],"inLanguage":"es"},{"@type":"Person","@id":"https:\/\/noticias.imer.mx\/laferia\/#\/schema\/person\/438ebaa433c79f71687928759130ec9f","name":"La Feria","image":{"@type":"ImageObject","inLanguage":"es","@id":"https:\/\/noticias.imer.mx\/laferia\/#\/schema\/person\/image\/","url":"https:\/\/secure.gravatar.com\/avatar\/69100f68fb4d3a06d1ff6b6cb5310157?s=96&d=mm&r=g","contentUrl":"https:\/\/secure.gravatar.com\/avatar\/69100f68fb4d3a06d1ff6b6cb5310157?s=96&d=mm&r=g","caption":"La Feria"},"description":"La Feria Carrusel Cultural, es un noticiario que alienta la participaci\u00f3n ciudadana y presenta informaci\u00f3n cultural y cient\u00edfica, de coyuntura, de M\u00e9xico y el mundo. En media hora puede conocer la cartelera cultural y escuchar, en voz de especialistas, entrevistas, asuntos especiales y mesas de an\u00e1lisis. Conducido por Juan Carlos Vald\u00e9s, La Feria Carrusel Cultural, se transmite todos los martes y jueves, de 15:00 a 15:30 horas por Horizonte, en el 107.9 de FM.","url":"https:\/\/noticias.imer.mx\/laferia\/author\/laferia\/"}]}},"_links":{"self":[{"href":"https:\/\/noticias.imer.mx\/laferia\/wp-json\/wp\/v2\/posts\/19492"}],"collection":[{"href":"https:\/\/noticias.imer.mx\/laferia\/wp-json\/wp\/v2\/posts"}],"about":[{"href":"https:\/\/noticias.imer.mx\/laferia\/wp-json\/wp\/v2\/types\/post"}],"author":[{"embeddable":true,"href":"https:\/\/noticias.imer.mx\/laferia\/wp-json\/wp\/v2\/users\/12"}],"replies":[{"embeddable":true,"href":"https:\/\/noticias.imer.mx\/laferia\/wp-json\/wp\/v2\/comments?post=19492"}],"version-history":[{"count":2,"href":"https:\/\/noticias.imer.mx\/laferia\/wp-json\/wp\/v2\/posts\/19492\/revisions"}],"predecessor-version":[{"id":20151,"href":"https:\/\/noticias.imer.mx\/laferia\/wp-json\/wp\/v2\/posts\/19492\/revisions\/20151"}],"wp:attachment":[{"href":"https:\/\/noticias.imer.mx\/laferia\/wp-json\/wp\/v2\/media?parent=19492"}],"wp:term":[{"taxonomy":"category","embeddable":true,"href":"https:\/\/noticias.imer.mx\/laferia\/wp-json\/wp\/v2\/categories?post=19492"},{"taxonomy":"post_tag","embeddable":true,"href":"https:\/\/noticias.imer.mx\/laferia\/wp-json\/wp\/v2\/tags?post=19492"}],"curies":[{"name":"wp","href":"https:\/\/api.w.org\/{rel}","templated":true}]}}