{"id":19210,"date":"2014-01-03T15:23:49","date_gmt":"2014-01-03T21:23:49","guid":{"rendered":"http:\/\/snn.imer.gob.mx\/laferia\/?p=19210"},"modified":"2014-01-30T11:29:24","modified_gmt":"2014-01-30T17:29:24","slug":"el-americano-produccion-conjunte-de-mexico-y-estados-unidos","status":"publish","type":"post","link":"https:\/\/noticias.imer.mx\/laferia\/2014\/01\/03\/el-americano-produccion-conjunte-de-mexico-y-estados-unidos\/","title":{"rendered":"\u00abEl Americano\u00bb producci\u00f3n entre M\u00e9xico y Estados Unidos"},"content":{"rendered":"<p><a href=\"http:\/\/snn.imer.gob.mx\/laferia\/files\/2014\/01\/El-americano.jpg\"><img decoding=\"async\" loading=\"lazy\" class=\"alignnone size-medium wp-image-19211\" alt=\"El americano\" src=\"http:\/\/snn.imer.gob.mx\/laferia\/files\/2014\/01\/El-americano-300x172.jpg\" width=\"300\" height=\"172\" srcset=\"https:\/\/noticias.imer.mx\/laferia\/files\/2014\/01\/El-americano-300x172.jpg 300w, https:\/\/noticias.imer.mx\/laferia\/files\/2014\/01\/El-americano.jpg 640w\" sizes=\"(max-width: 300px) 100vw, 300px\" \/><\/a><\/p>\n<p>Producci\u00f3n del estadunidense Edward James Olmos y la compa\u00f1\u00eda mexicana Animex, la cinta de animaci\u00f3n en 3D <b><i>El Americano<\/i><\/b> se estrenar\u00e1 durante el 2014.\u00a0<!--[if lt IE 9]><script>document.createElement('audio');<\/script><![endif]-->\n<audio class=\"wp-audio-shortcode\" id=\"audio-19210-1\" preload=\"none\" style=\"width: 100%;\" controls=\"controls\"><source type=\"audio\/mpeg\" src=\"http:\/\/snn.imer.gob.mx\/laferia\/files\/2014\/01\/El-americano.mp3?_=1\" \/><a href=\"http:\/\/snn.imer.gob.mx\/laferia\/files\/2014\/01\/El-americano.mp3\">http:\/\/snn.imer.gob.mx\/laferia\/files\/2014\/01\/El-americano.mp3<\/a><\/audio><\/p>\n","protected":false},"excerpt":{"rendered":"<p>Producci\u00f3n del estadunidense Edward James Olmos y la compa\u00f1\u00eda mexicana Animex, la cinta de animaci\u00f3n en 3D El Americano se estrenar\u00e1 durante el 2014.\u00a0<\/p>\n","protected":false},"author":12,"featured_media":0,"comment_status":"open","ping_status":"open","sticky":false,"template":"","format":"standard","meta":{"wp_popup_display_lightbox":0,"wp_popup_suppress":"","wp_popup_trigger":"","wp_popup_trigger_amount":0,"wp_popup_disable_on_mobile":false},"categories":[1],"tags":[],"yoast_head":"<!-- This site is optimized with the Yoast SEO plugin v21.0 - https:\/\/yoast.com\/wordpress\/plugins\/seo\/ -->\n<title>&quot;El Americano&quot; producci\u00f3n entre M\u00e9xico y Estados Unidos  - La Feria, Carrusel Cultural<\/title>\n<meta name=\"robots\" content=\"index, follow, max-snippet:-1, max-image-preview:large, max-video-preview:-1\" \/>\n<link rel=\"canonical\" href=\"https:\/\/noticias.imer.mx\/laferia\/2014\/01\/03\/el-americano-produccion-conjunte-de-mexico-y-estados-unidos\/\" \/>\n<meta property=\"og:locale\" content=\"es_ES\" \/>\n<meta property=\"og:type\" content=\"article\" \/>\n<meta property=\"og:title\" content=\"&quot;El Americano&quot; producci\u00f3n entre M\u00e9xico y Estados Unidos  - La Feria, Carrusel Cultural\" \/>\n<meta property=\"og:description\" content=\"Producci\u00f3n del estadunidense Edward James Olmos y la compa\u00f1\u00eda mexicana Animex, la cinta de animaci\u00f3n en 3D El Americano se estrenar\u00e1 durante el 2014.\u00a0\" \/>\n<meta property=\"og:url\" content=\"https:\/\/noticias.imer.mx\/laferia\/2014\/01\/03\/el-americano-produccion-conjunte-de-mexico-y-estados-unidos\/\" \/>\n<meta property=\"og:site_name\" content=\"La Feria, Carrusel Cultural\" \/>\n<meta property=\"article:published_time\" content=\"2014-01-03T21:23:49+00:00\" \/>\n<meta property=\"article:modified_time\" content=\"2014-01-30T17:29:24+00:00\" \/>\n<meta property=\"og:image\" content=\"http:\/\/snn.imer.gob.mx\/laferia\/files\/2014\/01\/El-americano-300x172.jpg\" \/>\n<meta name=\"author\" content=\"La Feria\" \/>\n<meta name=\"twitter:card\" content=\"summary_large_image\" \/>\n<meta name=\"twitter:label1\" content=\"Escrito por\" \/>\n\t<meta name=\"twitter:data1\" content=\"La Feria\" \/>\n<script type=\"application\/ld+json\" class=\"yoast-schema-graph\">{\"@context\":\"https:\/\/schema.org\",\"@graph\":[{\"@type\":\"WebPage\",\"@id\":\"https:\/\/noticias.imer.mx\/laferia\/2014\/01\/03\/el-americano-produccion-conjunte-de-mexico-y-estados-unidos\/\",\"url\":\"https:\/\/noticias.imer.mx\/laferia\/2014\/01\/03\/el-americano-produccion-conjunte-de-mexico-y-estados-unidos\/\",\"name\":\"\\\"El Americano\\\" producci\u00f3n entre M\u00e9xico y Estados Unidos - La Feria, Carrusel Cultural\",\"isPartOf\":{\"@id\":\"https:\/\/noticias.imer.mx\/laferia\/#website\"},\"datePublished\":\"2014-01-03T21:23:49+00:00\",\"dateModified\":\"2014-01-30T17:29:24+00:00\",\"author\":{\"@id\":\"https:\/\/noticias.imer.mx\/laferia\/#\/schema\/person\/438ebaa433c79f71687928759130ec9f\"},\"breadcrumb\":{\"@id\":\"https:\/\/noticias.imer.mx\/laferia\/2014\/01\/03\/el-americano-produccion-conjunte-de-mexico-y-estados-unidos\/#breadcrumb\"},\"inLanguage\":\"es\",\"potentialAction\":[{\"@type\":\"ReadAction\",\"target\":[\"https:\/\/noticias.imer.mx\/laferia\/2014\/01\/03\/el-americano-produccion-conjunte-de-mexico-y-estados-unidos\/\"]}]},{\"@type\":\"BreadcrumbList\",\"@id\":\"https:\/\/noticias.imer.mx\/laferia\/2014\/01\/03\/el-americano-produccion-conjunte-de-mexico-y-estados-unidos\/#breadcrumb\",\"itemListElement\":[{\"@type\":\"ListItem\",\"position\":1,\"name\":\"Home\",\"item\":\"https:\/\/noticias.imer.mx\/laferia\/\"},{\"@type\":\"ListItem\",\"position\":2,\"name\":\"&#8220;El Americano&#8221; producci\u00f3n entre M\u00e9xico y Estados Unidos\"}]},{\"@type\":\"WebSite\",\"@id\":\"https:\/\/noticias.imer.mx\/laferia\/#website\",\"url\":\"https:\/\/noticias.imer.mx\/laferia\/\",\"name\":\"La Feria, Carrusel Cultural\",\"description\":\"Instituto Mexicano de la Radio\",\"potentialAction\":[{\"@type\":\"SearchAction\",\"target\":{\"@type\":\"EntryPoint\",\"urlTemplate\":\"https:\/\/noticias.imer.mx\/laferia\/?s={search_term_string}\"},\"query-input\":\"required name=search_term_string\"}],\"inLanguage\":\"es\"},{\"@type\":\"Person\",\"@id\":\"https:\/\/noticias.imer.mx\/laferia\/#\/schema\/person\/438ebaa433c79f71687928759130ec9f\",\"name\":\"La Feria\",\"image\":{\"@type\":\"ImageObject\",\"inLanguage\":\"es\",\"@id\":\"https:\/\/noticias.imer.mx\/laferia\/#\/schema\/person\/image\/\",\"url\":\"https:\/\/secure.gravatar.com\/avatar\/69100f68fb4d3a06d1ff6b6cb5310157?s=96&d=mm&r=g\",\"contentUrl\":\"https:\/\/secure.gravatar.com\/avatar\/69100f68fb4d3a06d1ff6b6cb5310157?s=96&d=mm&r=g\",\"caption\":\"La Feria\"},\"description\":\"La Feria Carrusel Cultural, es un noticiario que alienta la participaci\u00f3n ciudadana y presenta informaci\u00f3n cultural y cient\u00edfica, de coyuntura, de M\u00e9xico y el mundo. En media hora puede conocer la cartelera cultural y escuchar, en voz de especialistas, entrevistas, asuntos especiales y mesas de an\u00e1lisis. Conducido por Juan Carlos Vald\u00e9s, La Feria Carrusel Cultural, se transmite todos los martes y jueves, de 15:00 a 15:30 horas por Horizonte, en el 107.9 de FM.\",\"url\":\"https:\/\/noticias.imer.mx\/laferia\/author\/laferia\/\"}]}<\/script>\n<!-- \/ Yoast SEO plugin. -->","yoast_head_json":{"title":"\"El Americano\" producci\u00f3n entre M\u00e9xico y Estados Unidos  - La Feria, Carrusel Cultural","robots":{"index":"index","follow":"follow","max-snippet":"max-snippet:-1","max-image-preview":"max-image-preview:large","max-video-preview":"max-video-preview:-1"},"canonical":"https:\/\/noticias.imer.mx\/laferia\/2014\/01\/03\/el-americano-produccion-conjunte-de-mexico-y-estados-unidos\/","og_locale":"es_ES","og_type":"article","og_title":"\"El Americano\" producci\u00f3n entre M\u00e9xico y Estados Unidos  - La Feria, Carrusel Cultural","og_description":"Producci\u00f3n del estadunidense Edward James Olmos y la compa\u00f1\u00eda mexicana Animex, la cinta de animaci\u00f3n en 3D El Americano se estrenar\u00e1 durante el 2014.\u00a0","og_url":"https:\/\/noticias.imer.mx\/laferia\/2014\/01\/03\/el-americano-produccion-conjunte-de-mexico-y-estados-unidos\/","og_site_name":"La Feria, Carrusel Cultural","article_published_time":"2014-01-03T21:23:49+00:00","article_modified_time":"2014-01-30T17:29:24+00:00","og_image":[{"url":"http:\/\/snn.imer.gob.mx\/laferia\/files\/2014\/01\/El-americano-300x172.jpg"}],"author":"La Feria","twitter_card":"summary_large_image","twitter_misc":{"Escrito por":"La Feria"},"schema":{"@context":"https:\/\/schema.org","@graph":[{"@type":"WebPage","@id":"https:\/\/noticias.imer.mx\/laferia\/2014\/01\/03\/el-americano-produccion-conjunte-de-mexico-y-estados-unidos\/","url":"https:\/\/noticias.imer.mx\/laferia\/2014\/01\/03\/el-americano-produccion-conjunte-de-mexico-y-estados-unidos\/","name":"\"El Americano\" producci\u00f3n entre M\u00e9xico y Estados Unidos - La Feria, Carrusel Cultural","isPartOf":{"@id":"https:\/\/noticias.imer.mx\/laferia\/#website"},"datePublished":"2014-01-03T21:23:49+00:00","dateModified":"2014-01-30T17:29:24+00:00","author":{"@id":"https:\/\/noticias.imer.mx\/laferia\/#\/schema\/person\/438ebaa433c79f71687928759130ec9f"},"breadcrumb":{"@id":"https:\/\/noticias.imer.mx\/laferia\/2014\/01\/03\/el-americano-produccion-conjunte-de-mexico-y-estados-unidos\/#breadcrumb"},"inLanguage":"es","potentialAction":[{"@type":"ReadAction","target":["https:\/\/noticias.imer.mx\/laferia\/2014\/01\/03\/el-americano-produccion-conjunte-de-mexico-y-estados-unidos\/"]}]},{"@type":"BreadcrumbList","@id":"https:\/\/noticias.imer.mx\/laferia\/2014\/01\/03\/el-americano-produccion-conjunte-de-mexico-y-estados-unidos\/#breadcrumb","itemListElement":[{"@type":"ListItem","position":1,"name":"Home","item":"https:\/\/noticias.imer.mx\/laferia\/"},{"@type":"ListItem","position":2,"name":"&#8220;El Americano&#8221; producci\u00f3n entre M\u00e9xico y Estados Unidos"}]},{"@type":"WebSite","@id":"https:\/\/noticias.imer.mx\/laferia\/#website","url":"https:\/\/noticias.imer.mx\/laferia\/","name":"La Feria, Carrusel Cultural","description":"Instituto Mexicano de la Radio","potentialAction":[{"@type":"SearchAction","target":{"@type":"EntryPoint","urlTemplate":"https:\/\/noticias.imer.mx\/laferia\/?s={search_term_string}"},"query-input":"required name=search_term_string"}],"inLanguage":"es"},{"@type":"Person","@id":"https:\/\/noticias.imer.mx\/laferia\/#\/schema\/person\/438ebaa433c79f71687928759130ec9f","name":"La Feria","image":{"@type":"ImageObject","inLanguage":"es","@id":"https:\/\/noticias.imer.mx\/laferia\/#\/schema\/person\/image\/","url":"https:\/\/secure.gravatar.com\/avatar\/69100f68fb4d3a06d1ff6b6cb5310157?s=96&d=mm&r=g","contentUrl":"https:\/\/secure.gravatar.com\/avatar\/69100f68fb4d3a06d1ff6b6cb5310157?s=96&d=mm&r=g","caption":"La Feria"},"description":"La Feria Carrusel Cultural, es un noticiario que alienta la participaci\u00f3n ciudadana y presenta informaci\u00f3n cultural y cient\u00edfica, de coyuntura, de M\u00e9xico y el mundo. En media hora puede conocer la cartelera cultural y escuchar, en voz de especialistas, entrevistas, asuntos especiales y mesas de an\u00e1lisis. Conducido por Juan Carlos Vald\u00e9s, La Feria Carrusel Cultural, se transmite todos los martes y jueves, de 15:00 a 15:30 horas por Horizonte, en el 107.9 de FM.","url":"https:\/\/noticias.imer.mx\/laferia\/author\/laferia\/"}]}},"_links":{"self":[{"href":"https:\/\/noticias.imer.mx\/laferia\/wp-json\/wp\/v2\/posts\/19210"}],"collection":[{"href":"https:\/\/noticias.imer.mx\/laferia\/wp-json\/wp\/v2\/posts"}],"about":[{"href":"https:\/\/noticias.imer.mx\/laferia\/wp-json\/wp\/v2\/types\/post"}],"author":[{"embeddable":true,"href":"https:\/\/noticias.imer.mx\/laferia\/wp-json\/wp\/v2\/users\/12"}],"replies":[{"embeddable":true,"href":"https:\/\/noticias.imer.mx\/laferia\/wp-json\/wp\/v2\/comments?post=19210"}],"version-history":[{"count":3,"href":"https:\/\/noticias.imer.mx\/laferia\/wp-json\/wp\/v2\/posts\/19210\/revisions"}],"predecessor-version":[{"id":19451,"href":"https:\/\/noticias.imer.mx\/laferia\/wp-json\/wp\/v2\/posts\/19210\/revisions\/19451"}],"wp:attachment":[{"href":"https:\/\/noticias.imer.mx\/laferia\/wp-json\/wp\/v2\/media?parent=19210"}],"wp:term":[{"taxonomy":"category","embeddable":true,"href":"https:\/\/noticias.imer.mx\/laferia\/wp-json\/wp\/v2\/categories?post=19210"},{"taxonomy":"post_tag","embeddable":true,"href":"https:\/\/noticias.imer.mx\/laferia\/wp-json\/wp\/v2\/tags?post=19210"}],"curies":[{"name":"wp","href":"https:\/\/api.w.org\/{rel}","templated":true}]}}