{"id":18917,"date":"2013-11-27T15:36:28","date_gmt":"2013-11-27T21:36:28","guid":{"rendered":"http:\/\/snn.imer.gob.mx\/laferia\/?p=18917"},"modified":"2013-11-27T15:36:35","modified_gmt":"2013-11-27T21:36:35","slug":"coleccion-de-teatro-alternativo","status":"publish","type":"post","link":"https:\/\/noticias.imer.mx\/laferia\/2013\/11\/27\/coleccion-de-teatro-alternativo\/","title":{"rendered":"Colecci\u00f3n de Teatro Alternativo"},"content":{"rendered":"<p><a href=\"http:\/\/snn.imer.gob.mx\/laferia\/files\/2013\/11\/Colecci\u00f3n-de-Teatro-Alternativo.jpg\"><img decoding=\"async\" loading=\"lazy\" class=\"alignnone size-full wp-image-18918\" alt=\"Colecci\u00f3n de Teatro Alternativo\" src=\"http:\/\/snn.imer.gob.mx\/laferia\/files\/2013\/11\/Colecci\u00f3n-de-Teatro-Alternativo.jpg\" width=\"300\" height=\"300\" srcset=\"https:\/\/noticias.imer.mx\/laferia\/files\/2013\/11\/Colecci\u00f3n-de-Teatro-Alternativo.jpg 300w, https:\/\/noticias.imer.mx\/laferia\/files\/2013\/11\/Colecci\u00f3n-de-Teatro-Alternativo-150x150.jpg 150w\" sizes=\"(max-width: 300px) 100vw, 300px\" \/><\/a><\/p>\n<p>Una plataforma de proyectos art\u00edsticos de j\u00f3venes creadores cuyo discurso va m\u00e1s all\u00e1 del teatro es la sexta edici\u00f3n de la <b>Colecci\u00f3n de Teatro Alternativo<\/b>, tema al que dedicamos el programa.\u00a0<!--[if lt IE 9]><script>document.createElement('audio');<\/script><![endif]-->\n<audio class=\"wp-audio-shortcode\" id=\"audio-18917-1\" preload=\"none\" style=\"width: 100%;\" controls=\"controls\"><source type=\"audio\/mpeg\" src=\"http:\/\/snn.imer.gob.mx\/laferia\/files\/2013\/11\/Colecci\u00f3n-de-Teatro-Alternativo.mp3?_=1\" \/><a href=\"http:\/\/snn.imer.gob.mx\/laferia\/files\/2013\/11\/Colecci\u00f3n-de-Teatro-Alternativo.mp3\">http:\/\/snn.imer.gob.mx\/laferia\/files\/2013\/11\/Colecci\u00f3n-de-Teatro-Alternativo.mp3<\/a><\/audio><\/p>\n","protected":false},"excerpt":{"rendered":"<p>Una plataforma de proyectos art\u00edsticos de j\u00f3venes creadores cuyo discurso va m\u00e1s all\u00e1 del teatro es la sexta edici\u00f3n de la Colecci\u00f3n de Teatro Alternativo, tema al que dedicamos el programa.\u00a0<\/p>\n","protected":false},"author":12,"featured_media":0,"comment_status":"open","ping_status":"open","sticky":false,"template":"","format":"standard","meta":{"wp_popup_display_lightbox":0,"wp_popup_suppress":"","wp_popup_trigger":"","wp_popup_trigger_amount":0,"wp_popup_disable_on_mobile":false},"categories":[1],"tags":[],"yoast_head":"<!-- This site is optimized with the Yoast SEO plugin v21.0 - https:\/\/yoast.com\/wordpress\/plugins\/seo\/ -->\n<title>Colecci\u00f3n de Teatro Alternativo - La Feria, Carrusel Cultural<\/title>\n<meta name=\"robots\" content=\"index, follow, max-snippet:-1, max-image-preview:large, max-video-preview:-1\" \/>\n<link rel=\"canonical\" href=\"https:\/\/noticias.imer.mx\/laferia\/2013\/11\/27\/coleccion-de-teatro-alternativo\/\" \/>\n<meta property=\"og:locale\" content=\"es_ES\" \/>\n<meta property=\"og:type\" content=\"article\" \/>\n<meta property=\"og:title\" content=\"Colecci\u00f3n de Teatro Alternativo - La Feria, Carrusel Cultural\" \/>\n<meta property=\"og:description\" content=\"Una plataforma de proyectos art\u00edsticos de j\u00f3venes creadores cuyo discurso va m\u00e1s all\u00e1 del teatro es la sexta edici\u00f3n de la Colecci\u00f3n de Teatro Alternativo, tema al que dedicamos el programa.\u00a0\" \/>\n<meta property=\"og:url\" content=\"https:\/\/noticias.imer.mx\/laferia\/2013\/11\/27\/coleccion-de-teatro-alternativo\/\" \/>\n<meta property=\"og:site_name\" content=\"La Feria, Carrusel Cultural\" \/>\n<meta property=\"article:published_time\" content=\"2013-11-27T21:36:28+00:00\" \/>\n<meta property=\"article:modified_time\" content=\"2013-11-27T21:36:35+00:00\" \/>\n<meta name=\"author\" content=\"La Feria\" \/>\n<meta name=\"twitter:card\" content=\"summary_large_image\" \/>\n<meta name=\"twitter:label1\" content=\"Escrito por\" \/>\n\t<meta name=\"twitter:data1\" content=\"La Feria\" \/>\n<script type=\"application\/ld+json\" class=\"yoast-schema-graph\">{\"@context\":\"https:\/\/schema.org\",\"@graph\":[{\"@type\":\"WebPage\",\"@id\":\"https:\/\/noticias.imer.mx\/laferia\/2013\/11\/27\/coleccion-de-teatro-alternativo\/\",\"url\":\"https:\/\/noticias.imer.mx\/laferia\/2013\/11\/27\/coleccion-de-teatro-alternativo\/\",\"name\":\"Colecci\u00f3n de Teatro Alternativo - La Feria, Carrusel Cultural\",\"isPartOf\":{\"@id\":\"https:\/\/noticias.imer.mx\/laferia\/#website\"},\"datePublished\":\"2013-11-27T21:36:28+00:00\",\"dateModified\":\"2013-11-27T21:36:35+00:00\",\"author\":{\"@id\":\"https:\/\/noticias.imer.mx\/laferia\/#\/schema\/person\/438ebaa433c79f71687928759130ec9f\"},\"breadcrumb\":{\"@id\":\"https:\/\/noticias.imer.mx\/laferia\/2013\/11\/27\/coleccion-de-teatro-alternativo\/#breadcrumb\"},\"inLanguage\":\"es\",\"potentialAction\":[{\"@type\":\"ReadAction\",\"target\":[\"https:\/\/noticias.imer.mx\/laferia\/2013\/11\/27\/coleccion-de-teatro-alternativo\/\"]}]},{\"@type\":\"BreadcrumbList\",\"@id\":\"https:\/\/noticias.imer.mx\/laferia\/2013\/11\/27\/coleccion-de-teatro-alternativo\/#breadcrumb\",\"itemListElement\":[{\"@type\":\"ListItem\",\"position\":1,\"name\":\"Home\",\"item\":\"https:\/\/noticias.imer.mx\/laferia\/\"},{\"@type\":\"ListItem\",\"position\":2,\"name\":\"Colecci\u00f3n de Teatro Alternativo\"}]},{\"@type\":\"WebSite\",\"@id\":\"https:\/\/noticias.imer.mx\/laferia\/#website\",\"url\":\"https:\/\/noticias.imer.mx\/laferia\/\",\"name\":\"La Feria, Carrusel Cultural\",\"description\":\"Instituto Mexicano de la Radio\",\"potentialAction\":[{\"@type\":\"SearchAction\",\"target\":{\"@type\":\"EntryPoint\",\"urlTemplate\":\"https:\/\/noticias.imer.mx\/laferia\/?s={search_term_string}\"},\"query-input\":\"required name=search_term_string\"}],\"inLanguage\":\"es\"},{\"@type\":\"Person\",\"@id\":\"https:\/\/noticias.imer.mx\/laferia\/#\/schema\/person\/438ebaa433c79f71687928759130ec9f\",\"name\":\"La Feria\",\"image\":{\"@type\":\"ImageObject\",\"inLanguage\":\"es\",\"@id\":\"https:\/\/noticias.imer.mx\/laferia\/#\/schema\/person\/image\/\",\"url\":\"https:\/\/secure.gravatar.com\/avatar\/69100f68fb4d3a06d1ff6b6cb5310157?s=96&d=mm&r=g\",\"contentUrl\":\"https:\/\/secure.gravatar.com\/avatar\/69100f68fb4d3a06d1ff6b6cb5310157?s=96&d=mm&r=g\",\"caption\":\"La Feria\"},\"description\":\"La Feria Carrusel Cultural, es un noticiario que alienta la participaci\u00f3n ciudadana y presenta informaci\u00f3n cultural y cient\u00edfica, de coyuntura, de M\u00e9xico y el mundo. En media hora puede conocer la cartelera cultural y escuchar, en voz de especialistas, entrevistas, asuntos especiales y mesas de an\u00e1lisis. Conducido por Juan Carlos Vald\u00e9s, La Feria Carrusel Cultural, se transmite todos los martes y jueves, de 15:00 a 15:30 horas por Horizonte, en el 107.9 de FM.\",\"url\":\"https:\/\/noticias.imer.mx\/laferia\/author\/laferia\/\"}]}<\/script>\n<!-- \/ Yoast SEO plugin. -->","yoast_head_json":{"title":"Colecci\u00f3n de Teatro Alternativo - La Feria, Carrusel Cultural","robots":{"index":"index","follow":"follow","max-snippet":"max-snippet:-1","max-image-preview":"max-image-preview:large","max-video-preview":"max-video-preview:-1"},"canonical":"https:\/\/noticias.imer.mx\/laferia\/2013\/11\/27\/coleccion-de-teatro-alternativo\/","og_locale":"es_ES","og_type":"article","og_title":"Colecci\u00f3n de Teatro Alternativo - La Feria, Carrusel Cultural","og_description":"Una plataforma de proyectos art\u00edsticos de j\u00f3venes creadores cuyo discurso va m\u00e1s all\u00e1 del teatro es la sexta edici\u00f3n de la Colecci\u00f3n de Teatro Alternativo, tema al que dedicamos el programa.\u00a0","og_url":"https:\/\/noticias.imer.mx\/laferia\/2013\/11\/27\/coleccion-de-teatro-alternativo\/","og_site_name":"La Feria, Carrusel Cultural","article_published_time":"2013-11-27T21:36:28+00:00","article_modified_time":"2013-11-27T21:36:35+00:00","author":"La Feria","twitter_card":"summary_large_image","twitter_misc":{"Escrito por":"La Feria"},"schema":{"@context":"https:\/\/schema.org","@graph":[{"@type":"WebPage","@id":"https:\/\/noticias.imer.mx\/laferia\/2013\/11\/27\/coleccion-de-teatro-alternativo\/","url":"https:\/\/noticias.imer.mx\/laferia\/2013\/11\/27\/coleccion-de-teatro-alternativo\/","name":"Colecci\u00f3n de Teatro Alternativo - La Feria, Carrusel Cultural","isPartOf":{"@id":"https:\/\/noticias.imer.mx\/laferia\/#website"},"datePublished":"2013-11-27T21:36:28+00:00","dateModified":"2013-11-27T21:36:35+00:00","author":{"@id":"https:\/\/noticias.imer.mx\/laferia\/#\/schema\/person\/438ebaa433c79f71687928759130ec9f"},"breadcrumb":{"@id":"https:\/\/noticias.imer.mx\/laferia\/2013\/11\/27\/coleccion-de-teatro-alternativo\/#breadcrumb"},"inLanguage":"es","potentialAction":[{"@type":"ReadAction","target":["https:\/\/noticias.imer.mx\/laferia\/2013\/11\/27\/coleccion-de-teatro-alternativo\/"]}]},{"@type":"BreadcrumbList","@id":"https:\/\/noticias.imer.mx\/laferia\/2013\/11\/27\/coleccion-de-teatro-alternativo\/#breadcrumb","itemListElement":[{"@type":"ListItem","position":1,"name":"Home","item":"https:\/\/noticias.imer.mx\/laferia\/"},{"@type":"ListItem","position":2,"name":"Colecci\u00f3n de Teatro Alternativo"}]},{"@type":"WebSite","@id":"https:\/\/noticias.imer.mx\/laferia\/#website","url":"https:\/\/noticias.imer.mx\/laferia\/","name":"La Feria, Carrusel Cultural","description":"Instituto Mexicano de la Radio","potentialAction":[{"@type":"SearchAction","target":{"@type":"EntryPoint","urlTemplate":"https:\/\/noticias.imer.mx\/laferia\/?s={search_term_string}"},"query-input":"required name=search_term_string"}],"inLanguage":"es"},{"@type":"Person","@id":"https:\/\/noticias.imer.mx\/laferia\/#\/schema\/person\/438ebaa433c79f71687928759130ec9f","name":"La Feria","image":{"@type":"ImageObject","inLanguage":"es","@id":"https:\/\/noticias.imer.mx\/laferia\/#\/schema\/person\/image\/","url":"https:\/\/secure.gravatar.com\/avatar\/69100f68fb4d3a06d1ff6b6cb5310157?s=96&d=mm&r=g","contentUrl":"https:\/\/secure.gravatar.com\/avatar\/69100f68fb4d3a06d1ff6b6cb5310157?s=96&d=mm&r=g","caption":"La Feria"},"description":"La Feria Carrusel Cultural, es un noticiario que alienta la participaci\u00f3n ciudadana y presenta informaci\u00f3n cultural y cient\u00edfica, de coyuntura, de M\u00e9xico y el mundo. En media hora puede conocer la cartelera cultural y escuchar, en voz de especialistas, entrevistas, asuntos especiales y mesas de an\u00e1lisis. Conducido por Juan Carlos Vald\u00e9s, La Feria Carrusel Cultural, se transmite todos los martes y jueves, de 15:00 a 15:30 horas por Horizonte, en el 107.9 de FM.","url":"https:\/\/noticias.imer.mx\/laferia\/author\/laferia\/"}]}},"_links":{"self":[{"href":"https:\/\/noticias.imer.mx\/laferia\/wp-json\/wp\/v2\/posts\/18917"}],"collection":[{"href":"https:\/\/noticias.imer.mx\/laferia\/wp-json\/wp\/v2\/posts"}],"about":[{"href":"https:\/\/noticias.imer.mx\/laferia\/wp-json\/wp\/v2\/types\/post"}],"author":[{"embeddable":true,"href":"https:\/\/noticias.imer.mx\/laferia\/wp-json\/wp\/v2\/users\/12"}],"replies":[{"embeddable":true,"href":"https:\/\/noticias.imer.mx\/laferia\/wp-json\/wp\/v2\/comments?post=18917"}],"version-history":[{"count":2,"href":"https:\/\/noticias.imer.mx\/laferia\/wp-json\/wp\/v2\/posts\/18917\/revisions"}],"predecessor-version":[{"id":18921,"href":"https:\/\/noticias.imer.mx\/laferia\/wp-json\/wp\/v2\/posts\/18917\/revisions\/18921"}],"wp:attachment":[{"href":"https:\/\/noticias.imer.mx\/laferia\/wp-json\/wp\/v2\/media?parent=18917"}],"wp:term":[{"taxonomy":"category","embeddable":true,"href":"https:\/\/noticias.imer.mx\/laferia\/wp-json\/wp\/v2\/categories?post=18917"},{"taxonomy":"post_tag","embeddable":true,"href":"https:\/\/noticias.imer.mx\/laferia\/wp-json\/wp\/v2\/tags?post=18917"}],"curies":[{"name":"wp","href":"https:\/\/api.w.org\/{rel}","templated":true}]}}