{"id":18403,"date":"2013-10-02T13:55:42","date_gmt":"2013-10-02T19:55:42","guid":{"rendered":"http:\/\/snn.imer.gob.mx\/laferia\/?p=18403"},"modified":"2013-10-02T13:56:16","modified_gmt":"2013-10-02T19:56:16","slug":"mexico-primer-pais-latinoamericano-en-recibir-la-exposicion-la-maleta-mexicana","status":"publish","type":"post","link":"https:\/\/noticias.imer.mx\/laferia\/2013\/10\/02\/mexico-primer-pais-latinoamericano-en-recibir-la-exposicion-la-maleta-mexicana\/","title":{"rendered":"M\u00e9xico, primer pa\u00eds latinoamericano en recibir la exposici\u00f3n \u00abLa Maleta Mexicana\u00bb"},"content":{"rendered":"<p><a href=\"http:\/\/snn.imer.gob.mx\/laferia\/files\/2013\/10\/Filmoteca.jpg\"><img decoding=\"async\" loading=\"lazy\" class=\"alignnone size-medium wp-image-18401\" alt=\"Filmoteca\" src=\"http:\/\/snn.imer.gob.mx\/laferia\/files\/2013\/10\/Filmoteca-251x300.jpg\" width=\"251\" height=\"300\" srcset=\"https:\/\/noticias.imer.mx\/laferia\/files\/2013\/10\/Filmoteca-251x300.jpg 251w, https:\/\/noticias.imer.mx\/laferia\/files\/2013\/10\/Filmoteca.jpg 703w\" sizes=\"(max-width: 251px) 100vw, 251px\" \/><\/a><\/p>\n<p>M\u00e9xico es el primer pa\u00eds de Am\u00e9rica Latina en recibir la exposici\u00f3n La Maleta Mexicana integrada por los negativos que se redescubrieron en 2007 de los fot\u00f3grafos Robert Capa, David Seymour y Gerda Taro sobre la Guerra Civil Espa\u00f1ola. Se exhibir\u00e1 en el Antiguo Colegio de San Ildefonso a partir del 8 de octubre.\u00a0<!--[if lt IE 9]><script>document.createElement('audio');<\/script><![endif]-->\n<audio class=\"wp-audio-shortcode\" id=\"audio-18403-1\" preload=\"none\" style=\"width: 100%;\" controls=\"controls\"><source type=\"audio\/mpeg\" src=\"http:\/\/snn.imer.gob.mx\/laferia\/files\/2013\/10\/Filmoteca.mp3?_=1\" \/><a href=\"http:\/\/snn.imer.gob.mx\/laferia\/files\/2013\/10\/Filmoteca.mp3\">http:\/\/snn.imer.gob.mx\/laferia\/files\/2013\/10\/Filmoteca.mp3<\/a><\/audio><\/p>\n","protected":false},"excerpt":{"rendered":"<p>M\u00e9xico es el primer pa\u00eds de Am\u00e9rica Latina en recibir la exposici\u00f3n La Maleta Mexicana integrada por los negativos que se redescubrieron en 2007 de los fot\u00f3grafos Robert Capa, David Seymour y Gerda Taro sobre la Guerra Civil Espa\u00f1ola. Se exhibir\u00e1 en el Antiguo Colegio de San Ildefonso a partir del 8 de octubre.\u00a0<\/p>\n","protected":false},"author":12,"featured_media":0,"comment_status":"open","ping_status":"open","sticky":false,"template":"","format":"standard","meta":{"wp_popup_display_lightbox":0,"wp_popup_suppress":"","wp_popup_trigger":"","wp_popup_trigger_amount":0,"wp_popup_disable_on_mobile":false},"categories":[1],"tags":[],"yoast_head":"<!-- This site is optimized with the Yoast SEO plugin v21.0 - https:\/\/yoast.com\/wordpress\/plugins\/seo\/ -->\n<title>M\u00e9xico, primer pa\u00eds latinoamericano en recibir la exposici\u00f3n &quot;La Maleta Mexicana&quot; - La Feria, Carrusel Cultural<\/title>\n<meta name=\"robots\" content=\"index, follow, max-snippet:-1, max-image-preview:large, max-video-preview:-1\" \/>\n<link rel=\"canonical\" href=\"https:\/\/noticias.imer.mx\/laferia\/2013\/10\/02\/mexico-primer-pais-latinoamericano-en-recibir-la-exposicion-la-maleta-mexicana\/\" \/>\n<meta property=\"og:locale\" content=\"es_ES\" \/>\n<meta property=\"og:type\" content=\"article\" \/>\n<meta property=\"og:title\" content=\"M\u00e9xico, primer pa\u00eds latinoamericano en recibir la exposici\u00f3n &quot;La Maleta Mexicana&quot; - La Feria, Carrusel Cultural\" \/>\n<meta property=\"og:description\" content=\"M\u00e9xico es el primer pa\u00eds de Am\u00e9rica Latina en recibir la exposici\u00f3n La Maleta Mexicana integrada por los negativos que se redescubrieron en 2007 de los fot\u00f3grafos Robert Capa, David Seymour y Gerda Taro sobre la Guerra Civil Espa\u00f1ola. Se exhibir\u00e1 en el Antiguo Colegio de San Ildefonso a partir del 8 de octubre.\u00a0\" \/>\n<meta property=\"og:url\" content=\"https:\/\/noticias.imer.mx\/laferia\/2013\/10\/02\/mexico-primer-pais-latinoamericano-en-recibir-la-exposicion-la-maleta-mexicana\/\" \/>\n<meta property=\"og:site_name\" content=\"La Feria, Carrusel Cultural\" \/>\n<meta property=\"article:published_time\" content=\"2013-10-02T19:55:42+00:00\" \/>\n<meta property=\"article:modified_time\" content=\"2013-10-02T19:56:16+00:00\" \/>\n<meta property=\"og:image\" content=\"http:\/\/snn.imer.gob.mx\/laferia\/files\/2013\/10\/Filmoteca-251x300.jpg\" \/>\n<meta name=\"author\" content=\"La Feria\" \/>\n<meta name=\"twitter:card\" content=\"summary_large_image\" \/>\n<meta name=\"twitter:label1\" content=\"Escrito por\" \/>\n\t<meta name=\"twitter:data1\" content=\"La Feria\" \/>\n<script type=\"application\/ld+json\" class=\"yoast-schema-graph\">{\"@context\":\"https:\/\/schema.org\",\"@graph\":[{\"@type\":\"WebPage\",\"@id\":\"https:\/\/noticias.imer.mx\/laferia\/2013\/10\/02\/mexico-primer-pais-latinoamericano-en-recibir-la-exposicion-la-maleta-mexicana\/\",\"url\":\"https:\/\/noticias.imer.mx\/laferia\/2013\/10\/02\/mexico-primer-pais-latinoamericano-en-recibir-la-exposicion-la-maleta-mexicana\/\",\"name\":\"M\u00e9xico, primer pa\u00eds latinoamericano en recibir la exposici\u00f3n \\\"La Maleta Mexicana\\\" - La Feria, Carrusel Cultural\",\"isPartOf\":{\"@id\":\"https:\/\/noticias.imer.mx\/laferia\/#website\"},\"datePublished\":\"2013-10-02T19:55:42+00:00\",\"dateModified\":\"2013-10-02T19:56:16+00:00\",\"author\":{\"@id\":\"https:\/\/noticias.imer.mx\/laferia\/#\/schema\/person\/438ebaa433c79f71687928759130ec9f\"},\"breadcrumb\":{\"@id\":\"https:\/\/noticias.imer.mx\/laferia\/2013\/10\/02\/mexico-primer-pais-latinoamericano-en-recibir-la-exposicion-la-maleta-mexicana\/#breadcrumb\"},\"inLanguage\":\"es\",\"potentialAction\":[{\"@type\":\"ReadAction\",\"target\":[\"https:\/\/noticias.imer.mx\/laferia\/2013\/10\/02\/mexico-primer-pais-latinoamericano-en-recibir-la-exposicion-la-maleta-mexicana\/\"]}]},{\"@type\":\"BreadcrumbList\",\"@id\":\"https:\/\/noticias.imer.mx\/laferia\/2013\/10\/02\/mexico-primer-pais-latinoamericano-en-recibir-la-exposicion-la-maleta-mexicana\/#breadcrumb\",\"itemListElement\":[{\"@type\":\"ListItem\",\"position\":1,\"name\":\"Home\",\"item\":\"https:\/\/noticias.imer.mx\/laferia\/\"},{\"@type\":\"ListItem\",\"position\":2,\"name\":\"M\u00e9xico, primer pa\u00eds latinoamericano en recibir la exposici\u00f3n &#8220;La Maleta Mexicana&#8221;\"}]},{\"@type\":\"WebSite\",\"@id\":\"https:\/\/noticias.imer.mx\/laferia\/#website\",\"url\":\"https:\/\/noticias.imer.mx\/laferia\/\",\"name\":\"La Feria, Carrusel Cultural\",\"description\":\"Instituto Mexicano de la Radio\",\"potentialAction\":[{\"@type\":\"SearchAction\",\"target\":{\"@type\":\"EntryPoint\",\"urlTemplate\":\"https:\/\/noticias.imer.mx\/laferia\/?s={search_term_string}\"},\"query-input\":\"required name=search_term_string\"}],\"inLanguage\":\"es\"},{\"@type\":\"Person\",\"@id\":\"https:\/\/noticias.imer.mx\/laferia\/#\/schema\/person\/438ebaa433c79f71687928759130ec9f\",\"name\":\"La Feria\",\"image\":{\"@type\":\"ImageObject\",\"inLanguage\":\"es\",\"@id\":\"https:\/\/noticias.imer.mx\/laferia\/#\/schema\/person\/image\/\",\"url\":\"https:\/\/secure.gravatar.com\/avatar\/69100f68fb4d3a06d1ff6b6cb5310157?s=96&d=mm&r=g\",\"contentUrl\":\"https:\/\/secure.gravatar.com\/avatar\/69100f68fb4d3a06d1ff6b6cb5310157?s=96&d=mm&r=g\",\"caption\":\"La Feria\"},\"description\":\"La Feria Carrusel Cultural, es un noticiario que alienta la participaci\u00f3n ciudadana y presenta informaci\u00f3n cultural y cient\u00edfica, de coyuntura, de M\u00e9xico y el mundo. En media hora puede conocer la cartelera cultural y escuchar, en voz de especialistas, entrevistas, asuntos especiales y mesas de an\u00e1lisis. Conducido por Juan Carlos Vald\u00e9s, La Feria Carrusel Cultural, se transmite todos los martes y jueves, de 15:00 a 15:30 horas por Horizonte, en el 107.9 de FM.\",\"url\":\"https:\/\/noticias.imer.mx\/laferia\/author\/laferia\/\"}]}<\/script>\n<!-- \/ Yoast SEO plugin. -->","yoast_head_json":{"title":"M\u00e9xico, primer pa\u00eds latinoamericano en recibir la exposici\u00f3n \"La Maleta Mexicana\" - La Feria, Carrusel Cultural","robots":{"index":"index","follow":"follow","max-snippet":"max-snippet:-1","max-image-preview":"max-image-preview:large","max-video-preview":"max-video-preview:-1"},"canonical":"https:\/\/noticias.imer.mx\/laferia\/2013\/10\/02\/mexico-primer-pais-latinoamericano-en-recibir-la-exposicion-la-maleta-mexicana\/","og_locale":"es_ES","og_type":"article","og_title":"M\u00e9xico, primer pa\u00eds latinoamericano en recibir la exposici\u00f3n \"La Maleta Mexicana\" - La Feria, Carrusel Cultural","og_description":"M\u00e9xico es el primer pa\u00eds de Am\u00e9rica Latina en recibir la exposici\u00f3n La Maleta Mexicana integrada por los negativos que se redescubrieron en 2007 de los fot\u00f3grafos Robert Capa, David Seymour y Gerda Taro sobre la Guerra Civil Espa\u00f1ola. Se exhibir\u00e1 en el Antiguo Colegio de San Ildefonso a partir del 8 de octubre.\u00a0","og_url":"https:\/\/noticias.imer.mx\/laferia\/2013\/10\/02\/mexico-primer-pais-latinoamericano-en-recibir-la-exposicion-la-maleta-mexicana\/","og_site_name":"La Feria, Carrusel Cultural","article_published_time":"2013-10-02T19:55:42+00:00","article_modified_time":"2013-10-02T19:56:16+00:00","og_image":[{"url":"http:\/\/snn.imer.gob.mx\/laferia\/files\/2013\/10\/Filmoteca-251x300.jpg"}],"author":"La Feria","twitter_card":"summary_large_image","twitter_misc":{"Escrito por":"La Feria"},"schema":{"@context":"https:\/\/schema.org","@graph":[{"@type":"WebPage","@id":"https:\/\/noticias.imer.mx\/laferia\/2013\/10\/02\/mexico-primer-pais-latinoamericano-en-recibir-la-exposicion-la-maleta-mexicana\/","url":"https:\/\/noticias.imer.mx\/laferia\/2013\/10\/02\/mexico-primer-pais-latinoamericano-en-recibir-la-exposicion-la-maleta-mexicana\/","name":"M\u00e9xico, primer pa\u00eds latinoamericano en recibir la exposici\u00f3n \"La Maleta Mexicana\" - La Feria, Carrusel Cultural","isPartOf":{"@id":"https:\/\/noticias.imer.mx\/laferia\/#website"},"datePublished":"2013-10-02T19:55:42+00:00","dateModified":"2013-10-02T19:56:16+00:00","author":{"@id":"https:\/\/noticias.imer.mx\/laferia\/#\/schema\/person\/438ebaa433c79f71687928759130ec9f"},"breadcrumb":{"@id":"https:\/\/noticias.imer.mx\/laferia\/2013\/10\/02\/mexico-primer-pais-latinoamericano-en-recibir-la-exposicion-la-maleta-mexicana\/#breadcrumb"},"inLanguage":"es","potentialAction":[{"@type":"ReadAction","target":["https:\/\/noticias.imer.mx\/laferia\/2013\/10\/02\/mexico-primer-pais-latinoamericano-en-recibir-la-exposicion-la-maleta-mexicana\/"]}]},{"@type":"BreadcrumbList","@id":"https:\/\/noticias.imer.mx\/laferia\/2013\/10\/02\/mexico-primer-pais-latinoamericano-en-recibir-la-exposicion-la-maleta-mexicana\/#breadcrumb","itemListElement":[{"@type":"ListItem","position":1,"name":"Home","item":"https:\/\/noticias.imer.mx\/laferia\/"},{"@type":"ListItem","position":2,"name":"M\u00e9xico, primer pa\u00eds latinoamericano en recibir la exposici\u00f3n &#8220;La Maleta Mexicana&#8221;"}]},{"@type":"WebSite","@id":"https:\/\/noticias.imer.mx\/laferia\/#website","url":"https:\/\/noticias.imer.mx\/laferia\/","name":"La Feria, Carrusel Cultural","description":"Instituto Mexicano de la Radio","potentialAction":[{"@type":"SearchAction","target":{"@type":"EntryPoint","urlTemplate":"https:\/\/noticias.imer.mx\/laferia\/?s={search_term_string}"},"query-input":"required name=search_term_string"}],"inLanguage":"es"},{"@type":"Person","@id":"https:\/\/noticias.imer.mx\/laferia\/#\/schema\/person\/438ebaa433c79f71687928759130ec9f","name":"La Feria","image":{"@type":"ImageObject","inLanguage":"es","@id":"https:\/\/noticias.imer.mx\/laferia\/#\/schema\/person\/image\/","url":"https:\/\/secure.gravatar.com\/avatar\/69100f68fb4d3a06d1ff6b6cb5310157?s=96&d=mm&r=g","contentUrl":"https:\/\/secure.gravatar.com\/avatar\/69100f68fb4d3a06d1ff6b6cb5310157?s=96&d=mm&r=g","caption":"La Feria"},"description":"La Feria Carrusel Cultural, es un noticiario que alienta la participaci\u00f3n ciudadana y presenta informaci\u00f3n cultural y cient\u00edfica, de coyuntura, de M\u00e9xico y el mundo. En media hora puede conocer la cartelera cultural y escuchar, en voz de especialistas, entrevistas, asuntos especiales y mesas de an\u00e1lisis. Conducido por Juan Carlos Vald\u00e9s, La Feria Carrusel Cultural, se transmite todos los martes y jueves, de 15:00 a 15:30 horas por Horizonte, en el 107.9 de FM.","url":"https:\/\/noticias.imer.mx\/laferia\/author\/laferia\/"}]}},"_links":{"self":[{"href":"https:\/\/noticias.imer.mx\/laferia\/wp-json\/wp\/v2\/posts\/18403"}],"collection":[{"href":"https:\/\/noticias.imer.mx\/laferia\/wp-json\/wp\/v2\/posts"}],"about":[{"href":"https:\/\/noticias.imer.mx\/laferia\/wp-json\/wp\/v2\/types\/post"}],"author":[{"embeddable":true,"href":"https:\/\/noticias.imer.mx\/laferia\/wp-json\/wp\/v2\/users\/12"}],"replies":[{"embeddable":true,"href":"https:\/\/noticias.imer.mx\/laferia\/wp-json\/wp\/v2\/comments?post=18403"}],"version-history":[{"count":1,"href":"https:\/\/noticias.imer.mx\/laferia\/wp-json\/wp\/v2\/posts\/18403\/revisions"}],"predecessor-version":[{"id":18405,"href":"https:\/\/noticias.imer.mx\/laferia\/wp-json\/wp\/v2\/posts\/18403\/revisions\/18405"}],"wp:attachment":[{"href":"https:\/\/noticias.imer.mx\/laferia\/wp-json\/wp\/v2\/media?parent=18403"}],"wp:term":[{"taxonomy":"category","embeddable":true,"href":"https:\/\/noticias.imer.mx\/laferia\/wp-json\/wp\/v2\/categories?post=18403"},{"taxonomy":"post_tag","embeddable":true,"href":"https:\/\/noticias.imer.mx\/laferia\/wp-json\/wp\/v2\/tags?post=18403"}],"curies":[{"name":"wp","href":"https:\/\/api.w.org\/{rel}","templated":true}]}}