{"id":17544,"date":"2013-07-03T11:29:28","date_gmt":"2013-07-03T17:29:28","guid":{"rendered":"http:\/\/snn.imer.gob.mx\/laferia\/?p=17544"},"modified":"2013-07-03T11:29:37","modified_gmt":"2013-07-03T17:29:37","slug":"martha-riva-palacio-obon-ganadora-del-premio-de-literatura-juvenil-gran-angular","status":"publish","type":"post","link":"https:\/\/noticias.imer.mx\/laferia\/2013\/07\/03\/martha-riva-palacio-obon-ganadora-del-premio-de-literatura-juvenil-gran-angular\/","title":{"rendered":"Martha Riva Palacio Ob\u00f3n, ganadora del Premio de Literatura Juvenil Gran Angular"},"content":{"rendered":"<p><a href=\"http:\/\/snn.imer.gob.mx\/laferia\/files\/2013\/07\/Martha-Riva-Palacio-Ob\u00f3n.jpg\"><img decoding=\"async\" loading=\"lazy\" class=\"alignnone size-medium wp-image-17545\" alt=\"Martha Riva Palacio Ob\u00f3n\" src=\"http:\/\/snn.imer.gob.mx\/laferia\/files\/2013\/07\/Martha-Riva-Palacio-Ob\u00f3n-300x157.jpg\" width=\"300\" height=\"157\" srcset=\"https:\/\/noticias.imer.mx\/laferia\/files\/2013\/07\/Martha-Riva-Palacio-Ob\u00f3n-300x157.jpg 300w, https:\/\/noticias.imer.mx\/laferia\/files\/2013\/07\/Martha-Riva-Palacio-Ob\u00f3n.jpg 630w\" sizes=\"(max-width: 300px) 100vw, 300px\" \/><\/a><\/p>\n<p>Por su novela <b>Lepidopterofobia,<\/b> la escritora <b>Martha Riva Palacio Ob\u00f3n,<\/b> fue la ganadora del Premio de Literatura Juvenil Gran Angular, mientras que el Premio de Literatura infantil Barco de Vapor fue declarado desierto. <strong><a href=\"http:\/\/snn.imer.gob.mx\/laferia\/files\/2013\/07\/Martha-Riva-Palacio-Ob\u00f3n.mp3\">Martha Riva Palacio Ob\u00f3n<\/a><\/strong><\/p>\n","protected":false},"excerpt":{"rendered":"<p>Por su novela Lepidopterofobia, la escritora Martha Riva Palacio Ob\u00f3n, fue la ganadora del Premio de Literatura Juvenil Gran Angular, mientras que el Premio de Literatura infantil Barco de Vapor fue declarado desierto. Martha Riva Palacio Ob\u00f3n<\/p>\n","protected":false},"author":12,"featured_media":0,"comment_status":"open","ping_status":"open","sticky":false,"template":"","format":"standard","meta":{"wp_popup_display_lightbox":0,"wp_popup_suppress":"","wp_popup_trigger":"","wp_popup_trigger_amount":0,"wp_popup_disable_on_mobile":false},"categories":[1],"tags":[],"yoast_head":"<!-- This site is optimized with the Yoast SEO plugin v21.0 - https:\/\/yoast.com\/wordpress\/plugins\/seo\/ -->\n<title>Martha Riva Palacio Ob\u00f3n, ganadora del Premio de Literatura Juvenil Gran Angular  - La Feria, Carrusel Cultural<\/title>\n<meta name=\"robots\" content=\"index, follow, max-snippet:-1, max-image-preview:large, max-video-preview:-1\" \/>\n<link rel=\"canonical\" href=\"https:\/\/noticias.imer.mx\/laferia\/2013\/07\/03\/martha-riva-palacio-obon-ganadora-del-premio-de-literatura-juvenil-gran-angular\/\" \/>\n<meta property=\"og:locale\" content=\"es_ES\" \/>\n<meta property=\"og:type\" content=\"article\" \/>\n<meta property=\"og:title\" content=\"Martha Riva Palacio Ob\u00f3n, ganadora del Premio de Literatura Juvenil Gran Angular  - La Feria, Carrusel Cultural\" \/>\n<meta property=\"og:description\" content=\"Por su novela Lepidopterofobia, la escritora Martha Riva Palacio Ob\u00f3n, fue la ganadora del Premio de Literatura Juvenil Gran Angular, mientras que el Premio de Literatura infantil Barco de Vapor fue declarado desierto. Martha Riva Palacio Ob\u00f3n\" \/>\n<meta property=\"og:url\" content=\"https:\/\/noticias.imer.mx\/laferia\/2013\/07\/03\/martha-riva-palacio-obon-ganadora-del-premio-de-literatura-juvenil-gran-angular\/\" \/>\n<meta property=\"og:site_name\" content=\"La Feria, Carrusel Cultural\" \/>\n<meta property=\"article:published_time\" content=\"2013-07-03T17:29:28+00:00\" \/>\n<meta property=\"article:modified_time\" content=\"2013-07-03T17:29:37+00:00\" \/>\n<meta name=\"author\" content=\"La Feria\" \/>\n<meta name=\"twitter:card\" content=\"summary_large_image\" \/>\n<meta name=\"twitter:label1\" content=\"Escrito por\" \/>\n\t<meta name=\"twitter:data1\" content=\"La Feria\" \/>\n<script type=\"application\/ld+json\" class=\"yoast-schema-graph\">{\"@context\":\"https:\/\/schema.org\",\"@graph\":[{\"@type\":\"WebPage\",\"@id\":\"https:\/\/noticias.imer.mx\/laferia\/2013\/07\/03\/martha-riva-palacio-obon-ganadora-del-premio-de-literatura-juvenil-gran-angular\/\",\"url\":\"https:\/\/noticias.imer.mx\/laferia\/2013\/07\/03\/martha-riva-palacio-obon-ganadora-del-premio-de-literatura-juvenil-gran-angular\/\",\"name\":\"Martha Riva Palacio Ob\u00f3n, ganadora del Premio de Literatura Juvenil Gran Angular - La Feria, Carrusel Cultural\",\"isPartOf\":{\"@id\":\"https:\/\/noticias.imer.mx\/laferia\/#website\"},\"datePublished\":\"2013-07-03T17:29:28+00:00\",\"dateModified\":\"2013-07-03T17:29:37+00:00\",\"author\":{\"@id\":\"https:\/\/noticias.imer.mx\/laferia\/#\/schema\/person\/438ebaa433c79f71687928759130ec9f\"},\"breadcrumb\":{\"@id\":\"https:\/\/noticias.imer.mx\/laferia\/2013\/07\/03\/martha-riva-palacio-obon-ganadora-del-premio-de-literatura-juvenil-gran-angular\/#breadcrumb\"},\"inLanguage\":\"es\",\"potentialAction\":[{\"@type\":\"ReadAction\",\"target\":[\"https:\/\/noticias.imer.mx\/laferia\/2013\/07\/03\/martha-riva-palacio-obon-ganadora-del-premio-de-literatura-juvenil-gran-angular\/\"]}]},{\"@type\":\"BreadcrumbList\",\"@id\":\"https:\/\/noticias.imer.mx\/laferia\/2013\/07\/03\/martha-riva-palacio-obon-ganadora-del-premio-de-literatura-juvenil-gran-angular\/#breadcrumb\",\"itemListElement\":[{\"@type\":\"ListItem\",\"position\":1,\"name\":\"Home\",\"item\":\"https:\/\/noticias.imer.mx\/laferia\/\"},{\"@type\":\"ListItem\",\"position\":2,\"name\":\"Martha Riva Palacio Ob\u00f3n, ganadora del Premio de Literatura Juvenil Gran Angular\"}]},{\"@type\":\"WebSite\",\"@id\":\"https:\/\/noticias.imer.mx\/laferia\/#website\",\"url\":\"https:\/\/noticias.imer.mx\/laferia\/\",\"name\":\"La Feria, Carrusel Cultural\",\"description\":\"Instituto Mexicano de la Radio\",\"potentialAction\":[{\"@type\":\"SearchAction\",\"target\":{\"@type\":\"EntryPoint\",\"urlTemplate\":\"https:\/\/noticias.imer.mx\/laferia\/?s={search_term_string}\"},\"query-input\":\"required name=search_term_string\"}],\"inLanguage\":\"es\"},{\"@type\":\"Person\",\"@id\":\"https:\/\/noticias.imer.mx\/laferia\/#\/schema\/person\/438ebaa433c79f71687928759130ec9f\",\"name\":\"La Feria\",\"image\":{\"@type\":\"ImageObject\",\"inLanguage\":\"es\",\"@id\":\"https:\/\/noticias.imer.mx\/laferia\/#\/schema\/person\/image\/\",\"url\":\"https:\/\/secure.gravatar.com\/avatar\/69100f68fb4d3a06d1ff6b6cb5310157?s=96&d=mm&r=g\",\"contentUrl\":\"https:\/\/secure.gravatar.com\/avatar\/69100f68fb4d3a06d1ff6b6cb5310157?s=96&d=mm&r=g\",\"caption\":\"La Feria\"},\"description\":\"La Feria Carrusel Cultural, es un noticiario que alienta la participaci\u00f3n ciudadana y presenta informaci\u00f3n cultural y cient\u00edfica, de coyuntura, de M\u00e9xico y el mundo. En media hora puede conocer la cartelera cultural y escuchar, en voz de especialistas, entrevistas, asuntos especiales y mesas de an\u00e1lisis. Conducido por Juan Carlos Vald\u00e9s, La Feria Carrusel Cultural, se transmite todos los martes y jueves, de 15:00 a 15:30 horas por Horizonte, en el 107.9 de FM.\",\"url\":\"https:\/\/noticias.imer.mx\/laferia\/author\/laferia\/\"}]}<\/script>\n<!-- \/ Yoast SEO plugin. -->","yoast_head_json":{"title":"Martha Riva Palacio Ob\u00f3n, ganadora del Premio de Literatura Juvenil Gran Angular  - La Feria, Carrusel Cultural","robots":{"index":"index","follow":"follow","max-snippet":"max-snippet:-1","max-image-preview":"max-image-preview:large","max-video-preview":"max-video-preview:-1"},"canonical":"https:\/\/noticias.imer.mx\/laferia\/2013\/07\/03\/martha-riva-palacio-obon-ganadora-del-premio-de-literatura-juvenil-gran-angular\/","og_locale":"es_ES","og_type":"article","og_title":"Martha Riva Palacio Ob\u00f3n, ganadora del Premio de Literatura Juvenil Gran Angular  - La Feria, Carrusel Cultural","og_description":"Por su novela Lepidopterofobia, la escritora Martha Riva Palacio Ob\u00f3n, fue la ganadora del Premio de Literatura Juvenil Gran Angular, mientras que el Premio de Literatura infantil Barco de Vapor fue declarado desierto. Martha Riva Palacio Ob\u00f3n","og_url":"https:\/\/noticias.imer.mx\/laferia\/2013\/07\/03\/martha-riva-palacio-obon-ganadora-del-premio-de-literatura-juvenil-gran-angular\/","og_site_name":"La Feria, Carrusel Cultural","article_published_time":"2013-07-03T17:29:28+00:00","article_modified_time":"2013-07-03T17:29:37+00:00","author":"La Feria","twitter_card":"summary_large_image","twitter_misc":{"Escrito por":"La Feria"},"schema":{"@context":"https:\/\/schema.org","@graph":[{"@type":"WebPage","@id":"https:\/\/noticias.imer.mx\/laferia\/2013\/07\/03\/martha-riva-palacio-obon-ganadora-del-premio-de-literatura-juvenil-gran-angular\/","url":"https:\/\/noticias.imer.mx\/laferia\/2013\/07\/03\/martha-riva-palacio-obon-ganadora-del-premio-de-literatura-juvenil-gran-angular\/","name":"Martha Riva Palacio Ob\u00f3n, ganadora del Premio de Literatura Juvenil Gran Angular - La Feria, Carrusel Cultural","isPartOf":{"@id":"https:\/\/noticias.imer.mx\/laferia\/#website"},"datePublished":"2013-07-03T17:29:28+00:00","dateModified":"2013-07-03T17:29:37+00:00","author":{"@id":"https:\/\/noticias.imer.mx\/laferia\/#\/schema\/person\/438ebaa433c79f71687928759130ec9f"},"breadcrumb":{"@id":"https:\/\/noticias.imer.mx\/laferia\/2013\/07\/03\/martha-riva-palacio-obon-ganadora-del-premio-de-literatura-juvenil-gran-angular\/#breadcrumb"},"inLanguage":"es","potentialAction":[{"@type":"ReadAction","target":["https:\/\/noticias.imer.mx\/laferia\/2013\/07\/03\/martha-riva-palacio-obon-ganadora-del-premio-de-literatura-juvenil-gran-angular\/"]}]},{"@type":"BreadcrumbList","@id":"https:\/\/noticias.imer.mx\/laferia\/2013\/07\/03\/martha-riva-palacio-obon-ganadora-del-premio-de-literatura-juvenil-gran-angular\/#breadcrumb","itemListElement":[{"@type":"ListItem","position":1,"name":"Home","item":"https:\/\/noticias.imer.mx\/laferia\/"},{"@type":"ListItem","position":2,"name":"Martha Riva Palacio Ob\u00f3n, ganadora del Premio de Literatura Juvenil Gran Angular"}]},{"@type":"WebSite","@id":"https:\/\/noticias.imer.mx\/laferia\/#website","url":"https:\/\/noticias.imer.mx\/laferia\/","name":"La Feria, Carrusel Cultural","description":"Instituto Mexicano de la Radio","potentialAction":[{"@type":"SearchAction","target":{"@type":"EntryPoint","urlTemplate":"https:\/\/noticias.imer.mx\/laferia\/?s={search_term_string}"},"query-input":"required name=search_term_string"}],"inLanguage":"es"},{"@type":"Person","@id":"https:\/\/noticias.imer.mx\/laferia\/#\/schema\/person\/438ebaa433c79f71687928759130ec9f","name":"La Feria","image":{"@type":"ImageObject","inLanguage":"es","@id":"https:\/\/noticias.imer.mx\/laferia\/#\/schema\/person\/image\/","url":"https:\/\/secure.gravatar.com\/avatar\/69100f68fb4d3a06d1ff6b6cb5310157?s=96&d=mm&r=g","contentUrl":"https:\/\/secure.gravatar.com\/avatar\/69100f68fb4d3a06d1ff6b6cb5310157?s=96&d=mm&r=g","caption":"La Feria"},"description":"La Feria Carrusel Cultural, es un noticiario que alienta la participaci\u00f3n ciudadana y presenta informaci\u00f3n cultural y cient\u00edfica, de coyuntura, de M\u00e9xico y el mundo. En media hora puede conocer la cartelera cultural y escuchar, en voz de especialistas, entrevistas, asuntos especiales y mesas de an\u00e1lisis. Conducido por Juan Carlos Vald\u00e9s, La Feria Carrusel Cultural, se transmite todos los martes y jueves, de 15:00 a 15:30 horas por Horizonte, en el 107.9 de FM.","url":"https:\/\/noticias.imer.mx\/laferia\/author\/laferia\/"}]}},"_links":{"self":[{"href":"https:\/\/noticias.imer.mx\/laferia\/wp-json\/wp\/v2\/posts\/17544"}],"collection":[{"href":"https:\/\/noticias.imer.mx\/laferia\/wp-json\/wp\/v2\/posts"}],"about":[{"href":"https:\/\/noticias.imer.mx\/laferia\/wp-json\/wp\/v2\/types\/post"}],"author":[{"embeddable":true,"href":"https:\/\/noticias.imer.mx\/laferia\/wp-json\/wp\/v2\/users\/12"}],"replies":[{"embeddable":true,"href":"https:\/\/noticias.imer.mx\/laferia\/wp-json\/wp\/v2\/comments?post=17544"}],"version-history":[{"count":2,"href":"https:\/\/noticias.imer.mx\/laferia\/wp-json\/wp\/v2\/posts\/17544\/revisions"}],"predecessor-version":[{"id":17548,"href":"https:\/\/noticias.imer.mx\/laferia\/wp-json\/wp\/v2\/posts\/17544\/revisions\/17548"}],"wp:attachment":[{"href":"https:\/\/noticias.imer.mx\/laferia\/wp-json\/wp\/v2\/media?parent=17544"}],"wp:term":[{"taxonomy":"category","embeddable":true,"href":"https:\/\/noticias.imer.mx\/laferia\/wp-json\/wp\/v2\/categories?post=17544"},{"taxonomy":"post_tag","embeddable":true,"href":"https:\/\/noticias.imer.mx\/laferia\/wp-json\/wp\/v2\/tags?post=17544"}],"curies":[{"name":"wp","href":"https:\/\/api.w.org\/{rel}","templated":true}]}}