{"id":17383,"date":"2013-06-19T14:09:40","date_gmt":"2013-06-19T20:09:40","guid":{"rendered":"http:\/\/snn.imer.gob.mx\/laferia\/?p=17383"},"modified":"2013-06-19T14:09:45","modified_gmt":"2013-06-19T20:09:45","slug":"museo-nacional-de-arte-presento-el-libro-jose-guadalupe-posada-transmisor","status":"publish","type":"post","link":"https:\/\/noticias.imer.mx\/laferia\/2013\/06\/19\/museo-nacional-de-arte-presento-el-libro-jose-guadalupe-posada-transmisor\/","title":{"rendered":"Museo Nacional de Arte present\u00f3 el libro: \u00abJos\u00e9 Guadalupe Posada, Transmisor\u00bb"},"content":{"rendered":"<p><a href=\"http:\/\/snn.imer.gob.mx\/laferia\/files\/2013\/06\/Jos\u00e9-Guadalupe-Posadas.jpg\"><img decoding=\"async\" loading=\"lazy\" class=\"alignnone size-medium wp-image-17384\" alt=\"Jos\u00e9 Guadalupe Posadas\" src=\"http:\/\/snn.imer.gob.mx\/laferia\/files\/2013\/06\/Jos\u00e9-Guadalupe-Posadas-300x225.jpg\" width=\"300\" height=\"225\" srcset=\"https:\/\/noticias.imer.mx\/laferia\/files\/2013\/06\/Jos\u00e9-Guadalupe-Posadas-300x225.jpg 300w, https:\/\/noticias.imer.mx\/laferia\/files\/2013\/06\/Jos\u00e9-Guadalupe-Posadas.jpg 640w\" sizes=\"(max-width: 300px) 100vw, 300px\" \/><\/a><\/p>\n<p>El libro \u00abJos\u00e9 Guadalupe Posada, Transmisor\u00bb; un cat\u00e1logo de la exposici\u00f3n que se presenta desde el 15 de Marzo en el Museo Nacional de Arte, esto, con motivo del centenario de la muerte de Posada. <a href=\"http:\/\/snn.imer.gob.mx\/laferia\/files\/2013\/06\/Jos\u00e9-Guadalupe-Posadas.mp3\">Jos\u00e9 Guadalupe Posadas<\/a><\/p>\n","protected":false},"excerpt":{"rendered":"<p>El libro \u00abJos\u00e9 Guadalupe Posada, Transmisor\u00bb; un cat\u00e1logo de la exposici\u00f3n que se presenta desde el 15 de Marzo en el Museo Nacional de Arte, esto, con motivo del centenario de la muerte de Posada. Jos\u00e9 Guadalupe Posadas<\/p>\n","protected":false},"author":12,"featured_media":0,"comment_status":"open","ping_status":"open","sticky":false,"template":"","format":"standard","meta":{"wp_popup_display_lightbox":0,"wp_popup_suppress":"","wp_popup_trigger":"","wp_popup_trigger_amount":0,"wp_popup_disable_on_mobile":false},"categories":[1],"tags":[],"yoast_head":"<!-- This site is optimized with the Yoast SEO plugin v21.0 - https:\/\/yoast.com\/wordpress\/plugins\/seo\/ -->\n<title>Museo Nacional de Arte present\u00f3 el libro: &quot;Jos\u00e9 Guadalupe Posada, Transmisor&quot;  - La Feria, Carrusel Cultural<\/title>\n<meta name=\"robots\" content=\"index, follow, max-snippet:-1, max-image-preview:large, max-video-preview:-1\" \/>\n<link rel=\"canonical\" href=\"https:\/\/noticias.imer.mx\/laferia\/2013\/06\/19\/museo-nacional-de-arte-presento-el-libro-jose-guadalupe-posada-transmisor\/\" \/>\n<meta property=\"og:locale\" content=\"es_ES\" \/>\n<meta property=\"og:type\" content=\"article\" \/>\n<meta property=\"og:title\" content=\"Museo Nacional de Arte present\u00f3 el libro: &quot;Jos\u00e9 Guadalupe Posada, Transmisor&quot;  - La Feria, Carrusel Cultural\" \/>\n<meta property=\"og:description\" content=\"El libro \u00abJos\u00e9 Guadalupe Posada, Transmisor\u00bb; un cat\u00e1logo de la exposici\u00f3n que se presenta desde el 15 de Marzo en el Museo Nacional de Arte, esto, con motivo del centenario de la muerte de Posada. Jos\u00e9 Guadalupe Posadas\" \/>\n<meta property=\"og:url\" content=\"https:\/\/noticias.imer.mx\/laferia\/2013\/06\/19\/museo-nacional-de-arte-presento-el-libro-jose-guadalupe-posada-transmisor\/\" \/>\n<meta property=\"og:site_name\" content=\"La Feria, Carrusel Cultural\" \/>\n<meta property=\"article:published_time\" content=\"2013-06-19T20:09:40+00:00\" \/>\n<meta property=\"article:modified_time\" content=\"2013-06-19T20:09:45+00:00\" \/>\n<meta name=\"author\" content=\"La Feria\" \/>\n<meta name=\"twitter:card\" content=\"summary_large_image\" \/>\n<meta name=\"twitter:label1\" content=\"Escrito por\" \/>\n\t<meta name=\"twitter:data1\" content=\"La Feria\" \/>\n<script type=\"application\/ld+json\" class=\"yoast-schema-graph\">{\"@context\":\"https:\/\/schema.org\",\"@graph\":[{\"@type\":\"WebPage\",\"@id\":\"https:\/\/noticias.imer.mx\/laferia\/2013\/06\/19\/museo-nacional-de-arte-presento-el-libro-jose-guadalupe-posada-transmisor\/\",\"url\":\"https:\/\/noticias.imer.mx\/laferia\/2013\/06\/19\/museo-nacional-de-arte-presento-el-libro-jose-guadalupe-posada-transmisor\/\",\"name\":\"Museo Nacional de Arte present\u00f3 el libro: \\\"Jos\u00e9 Guadalupe Posada, Transmisor\\\" - La Feria, Carrusel Cultural\",\"isPartOf\":{\"@id\":\"https:\/\/noticias.imer.mx\/laferia\/#website\"},\"datePublished\":\"2013-06-19T20:09:40+00:00\",\"dateModified\":\"2013-06-19T20:09:45+00:00\",\"author\":{\"@id\":\"https:\/\/noticias.imer.mx\/laferia\/#\/schema\/person\/438ebaa433c79f71687928759130ec9f\"},\"breadcrumb\":{\"@id\":\"https:\/\/noticias.imer.mx\/laferia\/2013\/06\/19\/museo-nacional-de-arte-presento-el-libro-jose-guadalupe-posada-transmisor\/#breadcrumb\"},\"inLanguage\":\"es\",\"potentialAction\":[{\"@type\":\"ReadAction\",\"target\":[\"https:\/\/noticias.imer.mx\/laferia\/2013\/06\/19\/museo-nacional-de-arte-presento-el-libro-jose-guadalupe-posada-transmisor\/\"]}]},{\"@type\":\"BreadcrumbList\",\"@id\":\"https:\/\/noticias.imer.mx\/laferia\/2013\/06\/19\/museo-nacional-de-arte-presento-el-libro-jose-guadalupe-posada-transmisor\/#breadcrumb\",\"itemListElement\":[{\"@type\":\"ListItem\",\"position\":1,\"name\":\"Home\",\"item\":\"https:\/\/noticias.imer.mx\/laferia\/\"},{\"@type\":\"ListItem\",\"position\":2,\"name\":\"Museo Nacional de Arte present\u00f3 el libro: &#8220;Jos\u00e9 Guadalupe Posada, Transmisor&#8221;\"}]},{\"@type\":\"WebSite\",\"@id\":\"https:\/\/noticias.imer.mx\/laferia\/#website\",\"url\":\"https:\/\/noticias.imer.mx\/laferia\/\",\"name\":\"La Feria, Carrusel Cultural\",\"description\":\"Instituto Mexicano de la Radio\",\"potentialAction\":[{\"@type\":\"SearchAction\",\"target\":{\"@type\":\"EntryPoint\",\"urlTemplate\":\"https:\/\/noticias.imer.mx\/laferia\/?s={search_term_string}\"},\"query-input\":\"required name=search_term_string\"}],\"inLanguage\":\"es\"},{\"@type\":\"Person\",\"@id\":\"https:\/\/noticias.imer.mx\/laferia\/#\/schema\/person\/438ebaa433c79f71687928759130ec9f\",\"name\":\"La Feria\",\"image\":{\"@type\":\"ImageObject\",\"inLanguage\":\"es\",\"@id\":\"https:\/\/noticias.imer.mx\/laferia\/#\/schema\/person\/image\/\",\"url\":\"https:\/\/secure.gravatar.com\/avatar\/69100f68fb4d3a06d1ff6b6cb5310157?s=96&d=mm&r=g\",\"contentUrl\":\"https:\/\/secure.gravatar.com\/avatar\/69100f68fb4d3a06d1ff6b6cb5310157?s=96&d=mm&r=g\",\"caption\":\"La Feria\"},\"description\":\"La Feria Carrusel Cultural, es un noticiario que alienta la participaci\u00f3n ciudadana y presenta informaci\u00f3n cultural y cient\u00edfica, de coyuntura, de M\u00e9xico y el mundo. En media hora puede conocer la cartelera cultural y escuchar, en voz de especialistas, entrevistas, asuntos especiales y mesas de an\u00e1lisis. Conducido por Juan Carlos Vald\u00e9s, La Feria Carrusel Cultural, se transmite todos los martes y jueves, de 15:00 a 15:30 horas por Horizonte, en el 107.9 de FM.\",\"url\":\"https:\/\/noticias.imer.mx\/laferia\/author\/laferia\/\"}]}<\/script>\n<!-- \/ Yoast SEO plugin. -->","yoast_head_json":{"title":"Museo Nacional de Arte present\u00f3 el libro: \"Jos\u00e9 Guadalupe Posada, Transmisor\"  - La Feria, Carrusel Cultural","robots":{"index":"index","follow":"follow","max-snippet":"max-snippet:-1","max-image-preview":"max-image-preview:large","max-video-preview":"max-video-preview:-1"},"canonical":"https:\/\/noticias.imer.mx\/laferia\/2013\/06\/19\/museo-nacional-de-arte-presento-el-libro-jose-guadalupe-posada-transmisor\/","og_locale":"es_ES","og_type":"article","og_title":"Museo Nacional de Arte present\u00f3 el libro: \"Jos\u00e9 Guadalupe Posada, Transmisor\"  - La Feria, Carrusel Cultural","og_description":"El libro \u00abJos\u00e9 Guadalupe Posada, Transmisor\u00bb; un cat\u00e1logo de la exposici\u00f3n que se presenta desde el 15 de Marzo en el Museo Nacional de Arte, esto, con motivo del centenario de la muerte de Posada. Jos\u00e9 Guadalupe Posadas","og_url":"https:\/\/noticias.imer.mx\/laferia\/2013\/06\/19\/museo-nacional-de-arte-presento-el-libro-jose-guadalupe-posada-transmisor\/","og_site_name":"La Feria, Carrusel Cultural","article_published_time":"2013-06-19T20:09:40+00:00","article_modified_time":"2013-06-19T20:09:45+00:00","author":"La Feria","twitter_card":"summary_large_image","twitter_misc":{"Escrito por":"La Feria"},"schema":{"@context":"https:\/\/schema.org","@graph":[{"@type":"WebPage","@id":"https:\/\/noticias.imer.mx\/laferia\/2013\/06\/19\/museo-nacional-de-arte-presento-el-libro-jose-guadalupe-posada-transmisor\/","url":"https:\/\/noticias.imer.mx\/laferia\/2013\/06\/19\/museo-nacional-de-arte-presento-el-libro-jose-guadalupe-posada-transmisor\/","name":"Museo Nacional de Arte present\u00f3 el libro: \"Jos\u00e9 Guadalupe Posada, Transmisor\" - La Feria, Carrusel Cultural","isPartOf":{"@id":"https:\/\/noticias.imer.mx\/laferia\/#website"},"datePublished":"2013-06-19T20:09:40+00:00","dateModified":"2013-06-19T20:09:45+00:00","author":{"@id":"https:\/\/noticias.imer.mx\/laferia\/#\/schema\/person\/438ebaa433c79f71687928759130ec9f"},"breadcrumb":{"@id":"https:\/\/noticias.imer.mx\/laferia\/2013\/06\/19\/museo-nacional-de-arte-presento-el-libro-jose-guadalupe-posada-transmisor\/#breadcrumb"},"inLanguage":"es","potentialAction":[{"@type":"ReadAction","target":["https:\/\/noticias.imer.mx\/laferia\/2013\/06\/19\/museo-nacional-de-arte-presento-el-libro-jose-guadalupe-posada-transmisor\/"]}]},{"@type":"BreadcrumbList","@id":"https:\/\/noticias.imer.mx\/laferia\/2013\/06\/19\/museo-nacional-de-arte-presento-el-libro-jose-guadalupe-posada-transmisor\/#breadcrumb","itemListElement":[{"@type":"ListItem","position":1,"name":"Home","item":"https:\/\/noticias.imer.mx\/laferia\/"},{"@type":"ListItem","position":2,"name":"Museo Nacional de Arte present\u00f3 el libro: &#8220;Jos\u00e9 Guadalupe Posada, Transmisor&#8221;"}]},{"@type":"WebSite","@id":"https:\/\/noticias.imer.mx\/laferia\/#website","url":"https:\/\/noticias.imer.mx\/laferia\/","name":"La Feria, Carrusel Cultural","description":"Instituto Mexicano de la Radio","potentialAction":[{"@type":"SearchAction","target":{"@type":"EntryPoint","urlTemplate":"https:\/\/noticias.imer.mx\/laferia\/?s={search_term_string}"},"query-input":"required name=search_term_string"}],"inLanguage":"es"},{"@type":"Person","@id":"https:\/\/noticias.imer.mx\/laferia\/#\/schema\/person\/438ebaa433c79f71687928759130ec9f","name":"La Feria","image":{"@type":"ImageObject","inLanguage":"es","@id":"https:\/\/noticias.imer.mx\/laferia\/#\/schema\/person\/image\/","url":"https:\/\/secure.gravatar.com\/avatar\/69100f68fb4d3a06d1ff6b6cb5310157?s=96&d=mm&r=g","contentUrl":"https:\/\/secure.gravatar.com\/avatar\/69100f68fb4d3a06d1ff6b6cb5310157?s=96&d=mm&r=g","caption":"La Feria"},"description":"La Feria Carrusel Cultural, es un noticiario que alienta la participaci\u00f3n ciudadana y presenta informaci\u00f3n cultural y cient\u00edfica, de coyuntura, de M\u00e9xico y el mundo. En media hora puede conocer la cartelera cultural y escuchar, en voz de especialistas, entrevistas, asuntos especiales y mesas de an\u00e1lisis. Conducido por Juan Carlos Vald\u00e9s, La Feria Carrusel Cultural, se transmite todos los martes y jueves, de 15:00 a 15:30 horas por Horizonte, en el 107.9 de FM.","url":"https:\/\/noticias.imer.mx\/laferia\/author\/laferia\/"}]}},"_links":{"self":[{"href":"https:\/\/noticias.imer.mx\/laferia\/wp-json\/wp\/v2\/posts\/17383"}],"collection":[{"href":"https:\/\/noticias.imer.mx\/laferia\/wp-json\/wp\/v2\/posts"}],"about":[{"href":"https:\/\/noticias.imer.mx\/laferia\/wp-json\/wp\/v2\/types\/post"}],"author":[{"embeddable":true,"href":"https:\/\/noticias.imer.mx\/laferia\/wp-json\/wp\/v2\/users\/12"}],"replies":[{"embeddable":true,"href":"https:\/\/noticias.imer.mx\/laferia\/wp-json\/wp\/v2\/comments?post=17383"}],"version-history":[{"count":2,"href":"https:\/\/noticias.imer.mx\/laferia\/wp-json\/wp\/v2\/posts\/17383\/revisions"}],"predecessor-version":[{"id":17387,"href":"https:\/\/noticias.imer.mx\/laferia\/wp-json\/wp\/v2\/posts\/17383\/revisions\/17387"}],"wp:attachment":[{"href":"https:\/\/noticias.imer.mx\/laferia\/wp-json\/wp\/v2\/media?parent=17383"}],"wp:term":[{"taxonomy":"category","embeddable":true,"href":"https:\/\/noticias.imer.mx\/laferia\/wp-json\/wp\/v2\/categories?post=17383"},{"taxonomy":"post_tag","embeddable":true,"href":"https:\/\/noticias.imer.mx\/laferia\/wp-json\/wp\/v2\/tags?post=17383"}],"curies":[{"name":"wp","href":"https:\/\/api.w.org\/{rel}","templated":true}]}}