{"id":17377,"date":"2013-06-19T13:50:03","date_gmt":"2013-06-19T19:50:03","guid":{"rendered":"http:\/\/snn.imer.gob.mx\/laferia\/?p=17377"},"modified":"2013-06-19T13:50:08","modified_gmt":"2013-06-19T19:50:08","slug":"la-corrala-del-mitote-escenario-al-aire-libre-con-capacidad-para-450-personas","status":"publish","type":"post","link":"https:\/\/noticias.imer.mx\/laferia\/2013\/06\/19\/la-corrala-del-mitote-escenario-al-aire-libre-con-capacidad-para-450-personas\/","title":{"rendered":"\u00abLa corrala del Mitote\u00bb, escenario al aire libre con capacidad para 450 personas"},"content":{"rendered":"<p><a href=\"http:\/\/snn.imer.gob.mx\/laferia\/files\/2013\/06\/La-corrala-del-mitote.jpg\"><img decoding=\"async\" loading=\"lazy\" class=\"alignnone size-medium wp-image-17378\" alt=\"La corrala del mitote\" src=\"http:\/\/snn.imer.gob.mx\/laferia\/files\/2013\/06\/La-corrala-del-mitote-300x225.jpg\" width=\"300\" height=\"225\" srcset=\"https:\/\/noticias.imer.mx\/laferia\/files\/2013\/06\/La-corrala-del-mitote-300x225.jpg 300w, https:\/\/noticias.imer.mx\/laferia\/files\/2013\/06\/La-corrala-del-mitote.jpg 533w\" sizes=\"(max-width: 300px) 100vw, 300px\" \/><\/a><\/p>\n<p>Tradici\u00f3n, dramaturgia y reflexi\u00f3n se funden en \u201cLa Corrala del Mitote\u201d, un escenario al aire libre con capacidad para 450 personas, que ser\u00e1 la sede de las obras\u00a0\u00a0 \u201cLa prueba de las promesas\u00bb, \u00abEnrique IV. Primera parte y \u00abVerdades como pu\u00f1os\u00bb. <a href=\"http:\/\/snn.imer.gob.mx\/laferia\/files\/2013\/06\/La-corrala-del-mitote.mp3\">La corrala del mitote<\/a><\/p>\n","protected":false},"excerpt":{"rendered":"<p>Tradici\u00f3n, dramaturgia y reflexi\u00f3n se funden en \u201cLa Corrala del Mitote\u201d, un escenario al aire libre con capacidad para 450 personas, que ser\u00e1 la sede de las obras\u00a0\u00a0 \u201cLa prueba de las promesas\u00bb, \u00abEnrique IV. Primera parte y \u00abVerdades como pu\u00f1os\u00bb. La corrala del mitote<\/p>\n","protected":false},"author":12,"featured_media":0,"comment_status":"open","ping_status":"open","sticky":false,"template":"","format":"standard","meta":{"wp_popup_display_lightbox":0,"wp_popup_suppress":"","wp_popup_trigger":"","wp_popup_trigger_amount":0,"wp_popup_disable_on_mobile":false},"categories":[1],"tags":[],"yoast_head":"<!-- This site is optimized with the Yoast SEO plugin v21.0 - https:\/\/yoast.com\/wordpress\/plugins\/seo\/ -->\n<title>&quot;La corrala del Mitote&quot;, escenario al aire libre con capacidad para 450 personas  - La Feria, Carrusel Cultural<\/title>\n<meta name=\"robots\" content=\"index, follow, max-snippet:-1, max-image-preview:large, max-video-preview:-1\" \/>\n<link rel=\"canonical\" href=\"https:\/\/noticias.imer.mx\/laferia\/2013\/06\/19\/la-corrala-del-mitote-escenario-al-aire-libre-con-capacidad-para-450-personas\/\" \/>\n<meta property=\"og:locale\" content=\"es_ES\" \/>\n<meta property=\"og:type\" content=\"article\" \/>\n<meta property=\"og:title\" content=\"&quot;La corrala del Mitote&quot;, escenario al aire libre con capacidad para 450 personas  - La Feria, Carrusel Cultural\" \/>\n<meta property=\"og:description\" content=\"Tradici\u00f3n, dramaturgia y reflexi\u00f3n se funden en \u201cLa Corrala del Mitote\u201d, un escenario al aire libre con capacidad para 450 personas, que ser\u00e1 la sede de las obras\u00a0\u00a0 \u201cLa prueba de las promesas\u00bb, \u00abEnrique IV. Primera parte y \u00abVerdades como pu\u00f1os\u00bb. La corrala del mitote\" \/>\n<meta property=\"og:url\" content=\"https:\/\/noticias.imer.mx\/laferia\/2013\/06\/19\/la-corrala-del-mitote-escenario-al-aire-libre-con-capacidad-para-450-personas\/\" \/>\n<meta property=\"og:site_name\" content=\"La Feria, Carrusel Cultural\" \/>\n<meta property=\"article:published_time\" content=\"2013-06-19T19:50:03+00:00\" \/>\n<meta property=\"article:modified_time\" content=\"2013-06-19T19:50:08+00:00\" \/>\n<meta property=\"og:image\" content=\"http:\/\/snn.imer.gob.mx\/laferia\/files\/2013\/06\/La-corrala-del-mitote-300x225.jpg\" \/>\n<meta name=\"author\" content=\"La Feria\" \/>\n<meta name=\"twitter:card\" content=\"summary_large_image\" \/>\n<meta name=\"twitter:label1\" content=\"Escrito por\" \/>\n\t<meta name=\"twitter:data1\" content=\"La Feria\" \/>\n<script type=\"application\/ld+json\" class=\"yoast-schema-graph\">{\"@context\":\"https:\/\/schema.org\",\"@graph\":[{\"@type\":\"WebPage\",\"@id\":\"https:\/\/noticias.imer.mx\/laferia\/2013\/06\/19\/la-corrala-del-mitote-escenario-al-aire-libre-con-capacidad-para-450-personas\/\",\"url\":\"https:\/\/noticias.imer.mx\/laferia\/2013\/06\/19\/la-corrala-del-mitote-escenario-al-aire-libre-con-capacidad-para-450-personas\/\",\"name\":\"\\\"La corrala del Mitote\\\", escenario al aire libre con capacidad para 450 personas - La Feria, Carrusel Cultural\",\"isPartOf\":{\"@id\":\"https:\/\/noticias.imer.mx\/laferia\/#website\"},\"datePublished\":\"2013-06-19T19:50:03+00:00\",\"dateModified\":\"2013-06-19T19:50:08+00:00\",\"author\":{\"@id\":\"https:\/\/noticias.imer.mx\/laferia\/#\/schema\/person\/438ebaa433c79f71687928759130ec9f\"},\"breadcrumb\":{\"@id\":\"https:\/\/noticias.imer.mx\/laferia\/2013\/06\/19\/la-corrala-del-mitote-escenario-al-aire-libre-con-capacidad-para-450-personas\/#breadcrumb\"},\"inLanguage\":\"es\",\"potentialAction\":[{\"@type\":\"ReadAction\",\"target\":[\"https:\/\/noticias.imer.mx\/laferia\/2013\/06\/19\/la-corrala-del-mitote-escenario-al-aire-libre-con-capacidad-para-450-personas\/\"]}]},{\"@type\":\"BreadcrumbList\",\"@id\":\"https:\/\/noticias.imer.mx\/laferia\/2013\/06\/19\/la-corrala-del-mitote-escenario-al-aire-libre-con-capacidad-para-450-personas\/#breadcrumb\",\"itemListElement\":[{\"@type\":\"ListItem\",\"position\":1,\"name\":\"Home\",\"item\":\"https:\/\/noticias.imer.mx\/laferia\/\"},{\"@type\":\"ListItem\",\"position\":2,\"name\":\"&#8220;La corrala del Mitote&#8221;, escenario al aire libre con capacidad para 450 personas\"}]},{\"@type\":\"WebSite\",\"@id\":\"https:\/\/noticias.imer.mx\/laferia\/#website\",\"url\":\"https:\/\/noticias.imer.mx\/laferia\/\",\"name\":\"La Feria, Carrusel Cultural\",\"description\":\"Instituto Mexicano de la Radio\",\"potentialAction\":[{\"@type\":\"SearchAction\",\"target\":{\"@type\":\"EntryPoint\",\"urlTemplate\":\"https:\/\/noticias.imer.mx\/laferia\/?s={search_term_string}\"},\"query-input\":\"required name=search_term_string\"}],\"inLanguage\":\"es\"},{\"@type\":\"Person\",\"@id\":\"https:\/\/noticias.imer.mx\/laferia\/#\/schema\/person\/438ebaa433c79f71687928759130ec9f\",\"name\":\"La Feria\",\"image\":{\"@type\":\"ImageObject\",\"inLanguage\":\"es\",\"@id\":\"https:\/\/noticias.imer.mx\/laferia\/#\/schema\/person\/image\/\",\"url\":\"https:\/\/secure.gravatar.com\/avatar\/69100f68fb4d3a06d1ff6b6cb5310157?s=96&d=mm&r=g\",\"contentUrl\":\"https:\/\/secure.gravatar.com\/avatar\/69100f68fb4d3a06d1ff6b6cb5310157?s=96&d=mm&r=g\",\"caption\":\"La Feria\"},\"description\":\"La Feria Carrusel Cultural, es un noticiario que alienta la participaci\u00f3n ciudadana y presenta informaci\u00f3n cultural y cient\u00edfica, de coyuntura, de M\u00e9xico y el mundo. En media hora puede conocer la cartelera cultural y escuchar, en voz de especialistas, entrevistas, asuntos especiales y mesas de an\u00e1lisis. Conducido por Juan Carlos Vald\u00e9s, La Feria Carrusel Cultural, se transmite todos los martes y jueves, de 15:00 a 15:30 horas por Horizonte, en el 107.9 de FM.\",\"url\":\"https:\/\/noticias.imer.mx\/laferia\/author\/laferia\/\"}]}<\/script>\n<!-- \/ Yoast SEO plugin. -->","yoast_head_json":{"title":"\"La corrala del Mitote\", escenario al aire libre con capacidad para 450 personas  - La Feria, Carrusel Cultural","robots":{"index":"index","follow":"follow","max-snippet":"max-snippet:-1","max-image-preview":"max-image-preview:large","max-video-preview":"max-video-preview:-1"},"canonical":"https:\/\/noticias.imer.mx\/laferia\/2013\/06\/19\/la-corrala-del-mitote-escenario-al-aire-libre-con-capacidad-para-450-personas\/","og_locale":"es_ES","og_type":"article","og_title":"\"La corrala del Mitote\", escenario al aire libre con capacidad para 450 personas  - La Feria, Carrusel Cultural","og_description":"Tradici\u00f3n, dramaturgia y reflexi\u00f3n se funden en \u201cLa Corrala del Mitote\u201d, un escenario al aire libre con capacidad para 450 personas, que ser\u00e1 la sede de las obras\u00a0\u00a0 \u201cLa prueba de las promesas\u00bb, \u00abEnrique IV. Primera parte y \u00abVerdades como pu\u00f1os\u00bb. La corrala del mitote","og_url":"https:\/\/noticias.imer.mx\/laferia\/2013\/06\/19\/la-corrala-del-mitote-escenario-al-aire-libre-con-capacidad-para-450-personas\/","og_site_name":"La Feria, Carrusel Cultural","article_published_time":"2013-06-19T19:50:03+00:00","article_modified_time":"2013-06-19T19:50:08+00:00","og_image":[{"url":"http:\/\/snn.imer.gob.mx\/laferia\/files\/2013\/06\/La-corrala-del-mitote-300x225.jpg"}],"author":"La Feria","twitter_card":"summary_large_image","twitter_misc":{"Escrito por":"La Feria"},"schema":{"@context":"https:\/\/schema.org","@graph":[{"@type":"WebPage","@id":"https:\/\/noticias.imer.mx\/laferia\/2013\/06\/19\/la-corrala-del-mitote-escenario-al-aire-libre-con-capacidad-para-450-personas\/","url":"https:\/\/noticias.imer.mx\/laferia\/2013\/06\/19\/la-corrala-del-mitote-escenario-al-aire-libre-con-capacidad-para-450-personas\/","name":"\"La corrala del Mitote\", escenario al aire libre con capacidad para 450 personas - La Feria, Carrusel Cultural","isPartOf":{"@id":"https:\/\/noticias.imer.mx\/laferia\/#website"},"datePublished":"2013-06-19T19:50:03+00:00","dateModified":"2013-06-19T19:50:08+00:00","author":{"@id":"https:\/\/noticias.imer.mx\/laferia\/#\/schema\/person\/438ebaa433c79f71687928759130ec9f"},"breadcrumb":{"@id":"https:\/\/noticias.imer.mx\/laferia\/2013\/06\/19\/la-corrala-del-mitote-escenario-al-aire-libre-con-capacidad-para-450-personas\/#breadcrumb"},"inLanguage":"es","potentialAction":[{"@type":"ReadAction","target":["https:\/\/noticias.imer.mx\/laferia\/2013\/06\/19\/la-corrala-del-mitote-escenario-al-aire-libre-con-capacidad-para-450-personas\/"]}]},{"@type":"BreadcrumbList","@id":"https:\/\/noticias.imer.mx\/laferia\/2013\/06\/19\/la-corrala-del-mitote-escenario-al-aire-libre-con-capacidad-para-450-personas\/#breadcrumb","itemListElement":[{"@type":"ListItem","position":1,"name":"Home","item":"https:\/\/noticias.imer.mx\/laferia\/"},{"@type":"ListItem","position":2,"name":"&#8220;La corrala del Mitote&#8221;, escenario al aire libre con capacidad para 450 personas"}]},{"@type":"WebSite","@id":"https:\/\/noticias.imer.mx\/laferia\/#website","url":"https:\/\/noticias.imer.mx\/laferia\/","name":"La Feria, Carrusel Cultural","description":"Instituto Mexicano de la Radio","potentialAction":[{"@type":"SearchAction","target":{"@type":"EntryPoint","urlTemplate":"https:\/\/noticias.imer.mx\/laferia\/?s={search_term_string}"},"query-input":"required name=search_term_string"}],"inLanguage":"es"},{"@type":"Person","@id":"https:\/\/noticias.imer.mx\/laferia\/#\/schema\/person\/438ebaa433c79f71687928759130ec9f","name":"La Feria","image":{"@type":"ImageObject","inLanguage":"es","@id":"https:\/\/noticias.imer.mx\/laferia\/#\/schema\/person\/image\/","url":"https:\/\/secure.gravatar.com\/avatar\/69100f68fb4d3a06d1ff6b6cb5310157?s=96&d=mm&r=g","contentUrl":"https:\/\/secure.gravatar.com\/avatar\/69100f68fb4d3a06d1ff6b6cb5310157?s=96&d=mm&r=g","caption":"La Feria"},"description":"La Feria Carrusel Cultural, es un noticiario que alienta la participaci\u00f3n ciudadana y presenta informaci\u00f3n cultural y cient\u00edfica, de coyuntura, de M\u00e9xico y el mundo. En media hora puede conocer la cartelera cultural y escuchar, en voz de especialistas, entrevistas, asuntos especiales y mesas de an\u00e1lisis. Conducido por Juan Carlos Vald\u00e9s, La Feria Carrusel Cultural, se transmite todos los martes y jueves, de 15:00 a 15:30 horas por Horizonte, en el 107.9 de FM.","url":"https:\/\/noticias.imer.mx\/laferia\/author\/laferia\/"}]}},"_links":{"self":[{"href":"https:\/\/noticias.imer.mx\/laferia\/wp-json\/wp\/v2\/posts\/17377"}],"collection":[{"href":"https:\/\/noticias.imer.mx\/laferia\/wp-json\/wp\/v2\/posts"}],"about":[{"href":"https:\/\/noticias.imer.mx\/laferia\/wp-json\/wp\/v2\/types\/post"}],"author":[{"embeddable":true,"href":"https:\/\/noticias.imer.mx\/laferia\/wp-json\/wp\/v2\/users\/12"}],"replies":[{"embeddable":true,"href":"https:\/\/noticias.imer.mx\/laferia\/wp-json\/wp\/v2\/comments?post=17377"}],"version-history":[{"count":2,"href":"https:\/\/noticias.imer.mx\/laferia\/wp-json\/wp\/v2\/posts\/17377\/revisions"}],"predecessor-version":[{"id":17381,"href":"https:\/\/noticias.imer.mx\/laferia\/wp-json\/wp\/v2\/posts\/17377\/revisions\/17381"}],"wp:attachment":[{"href":"https:\/\/noticias.imer.mx\/laferia\/wp-json\/wp\/v2\/media?parent=17377"}],"wp:term":[{"taxonomy":"category","embeddable":true,"href":"https:\/\/noticias.imer.mx\/laferia\/wp-json\/wp\/v2\/categories?post=17377"},{"taxonomy":"post_tag","embeddable":true,"href":"https:\/\/noticias.imer.mx\/laferia\/wp-json\/wp\/v2\/tags?post=17377"}],"curies":[{"name":"wp","href":"https:\/\/api.w.org\/{rel}","templated":true}]}}