{"id":17257,"date":"2013-06-17T15:31:17","date_gmt":"2013-06-17T21:31:17","guid":{"rendered":"http:\/\/snn.imer.gob.mx\/laferia\/?p=17257"},"modified":"2013-06-18T11:11:40","modified_gmt":"2013-06-18T17:11:40","slug":"este-jueves-inicia-en-sonora-las-fiestas-del-pitic","status":"publish","type":"post","link":"https:\/\/noticias.imer.mx\/laferia\/2013\/06\/17\/este-jueves-inicia-en-sonora-las-fiestas-del-pitic\/","title":{"rendered":"Este jueves inicia en Sonora las Fiestas del PITIC"},"content":{"rendered":"<p><a href=\"http:\/\/snn.imer.gob.mx\/laferia\/files\/2013\/06\/Fiestas-PITIC-2013.jpg\"><img decoding=\"async\" loading=\"lazy\" class=\"alignnone size-medium wp-image-17259\" alt=\"Fiestas PITIC 2013\" src=\"http:\/\/snn.imer.gob.mx\/laferia\/files\/2013\/06\/Fiestas-PITIC-2013-300x230.jpg\" width=\"300\" height=\"230\" srcset=\"https:\/\/noticias.imer.mx\/laferia\/files\/2013\/06\/Fiestas-PITIC-2013-300x230.jpg 300w, https:\/\/noticias.imer.mx\/laferia\/files\/2013\/06\/Fiestas-PITIC-2013.jpg 960w\" sizes=\"(max-width: 300px) 100vw, 300px\" \/><\/a><\/p>\n<p>Bajo el lema \u201cD\u00e9jate llevar\u201d este \u00a0jueves inicia en Sonora las Fiestas del PITIC, que celebra el aniversario 313 de la fundaci\u00f3n de Hermosillo Sonora tema al que dedicamos nuestra mesa de an\u00e1lisis. <a href=\"http:\/\/snn.imer.gob.mx\/laferia\/files\/2013\/06\/Fiestas-del-PITIC.mp3\">Fiestas del PITIC\u00a0<\/a><\/p>\n<p>&nbsp;<\/p>\n","protected":false},"excerpt":{"rendered":"<p>Bajo el lema \u201cD\u00e9jate llevar\u201d este \u00a0jueves inicia en Sonora las Fiestas del PITIC, que celebra el aniversario 313 de la fundaci\u00f3n de Hermosillo Sonora tema al que dedicamos nuestra mesa de an\u00e1lisis. Fiestas del PITIC\u00a0 &nbsp;<\/p>\n","protected":false},"author":12,"featured_media":0,"comment_status":"open","ping_status":"open","sticky":false,"template":"","format":"standard","meta":{"wp_popup_display_lightbox":0,"wp_popup_suppress":"","wp_popup_trigger":"","wp_popup_trigger_amount":0,"wp_popup_disable_on_mobile":false},"categories":[1],"tags":[],"yoast_head":"<!-- This site is optimized with the Yoast SEO plugin v21.0 - https:\/\/yoast.com\/wordpress\/plugins\/seo\/ -->\n<title>Este jueves inicia en Sonora las Fiestas del PITIC - La Feria, Carrusel Cultural<\/title>\n<meta name=\"robots\" content=\"index, follow, max-snippet:-1, max-image-preview:large, max-video-preview:-1\" \/>\n<link rel=\"canonical\" href=\"https:\/\/noticias.imer.mx\/laferia\/2013\/06\/17\/este-jueves-inicia-en-sonora-las-fiestas-del-pitic\/\" \/>\n<meta property=\"og:locale\" content=\"es_ES\" \/>\n<meta property=\"og:type\" content=\"article\" \/>\n<meta property=\"og:title\" content=\"Este jueves inicia en Sonora las Fiestas del PITIC - La Feria, Carrusel Cultural\" \/>\n<meta property=\"og:description\" content=\"Bajo el lema \u201cD\u00e9jate llevar\u201d este \u00a0jueves inicia en Sonora las Fiestas del PITIC, que celebra el aniversario 313 de la fundaci\u00f3n de Hermosillo Sonora tema al que dedicamos nuestra mesa de an\u00e1lisis. Fiestas del PITIC\u00a0 &nbsp;\" \/>\n<meta property=\"og:url\" content=\"https:\/\/noticias.imer.mx\/laferia\/2013\/06\/17\/este-jueves-inicia-en-sonora-las-fiestas-del-pitic\/\" \/>\n<meta property=\"og:site_name\" content=\"La Feria, Carrusel Cultural\" \/>\n<meta property=\"article:published_time\" content=\"2013-06-17T21:31:17+00:00\" \/>\n<meta property=\"article:modified_time\" content=\"2013-06-18T17:11:40+00:00\" \/>\n<meta property=\"og:image\" content=\"http:\/\/snn.imer.gob.mx\/laferia\/files\/2013\/06\/Fiestas-PITIC-2013-300x230.jpg\" \/>\n<meta name=\"author\" content=\"La Feria\" \/>\n<meta name=\"twitter:card\" content=\"summary_large_image\" \/>\n<meta name=\"twitter:label1\" content=\"Escrito por\" \/>\n\t<meta name=\"twitter:data1\" content=\"La Feria\" \/>\n<script type=\"application\/ld+json\" class=\"yoast-schema-graph\">{\"@context\":\"https:\/\/schema.org\",\"@graph\":[{\"@type\":\"WebPage\",\"@id\":\"https:\/\/noticias.imer.mx\/laferia\/2013\/06\/17\/este-jueves-inicia-en-sonora-las-fiestas-del-pitic\/\",\"url\":\"https:\/\/noticias.imer.mx\/laferia\/2013\/06\/17\/este-jueves-inicia-en-sonora-las-fiestas-del-pitic\/\",\"name\":\"Este jueves inicia en Sonora las Fiestas del PITIC - La Feria, Carrusel Cultural\",\"isPartOf\":{\"@id\":\"https:\/\/noticias.imer.mx\/laferia\/#website\"},\"datePublished\":\"2013-06-17T21:31:17+00:00\",\"dateModified\":\"2013-06-18T17:11:40+00:00\",\"author\":{\"@id\":\"https:\/\/noticias.imer.mx\/laferia\/#\/schema\/person\/438ebaa433c79f71687928759130ec9f\"},\"breadcrumb\":{\"@id\":\"https:\/\/noticias.imer.mx\/laferia\/2013\/06\/17\/este-jueves-inicia-en-sonora-las-fiestas-del-pitic\/#breadcrumb\"},\"inLanguage\":\"es\",\"potentialAction\":[{\"@type\":\"ReadAction\",\"target\":[\"https:\/\/noticias.imer.mx\/laferia\/2013\/06\/17\/este-jueves-inicia-en-sonora-las-fiestas-del-pitic\/\"]}]},{\"@type\":\"BreadcrumbList\",\"@id\":\"https:\/\/noticias.imer.mx\/laferia\/2013\/06\/17\/este-jueves-inicia-en-sonora-las-fiestas-del-pitic\/#breadcrumb\",\"itemListElement\":[{\"@type\":\"ListItem\",\"position\":1,\"name\":\"Home\",\"item\":\"https:\/\/noticias.imer.mx\/laferia\/\"},{\"@type\":\"ListItem\",\"position\":2,\"name\":\"Este jueves inicia en Sonora las Fiestas del PITIC\"}]},{\"@type\":\"WebSite\",\"@id\":\"https:\/\/noticias.imer.mx\/laferia\/#website\",\"url\":\"https:\/\/noticias.imer.mx\/laferia\/\",\"name\":\"La Feria, Carrusel Cultural\",\"description\":\"Instituto Mexicano de la Radio\",\"potentialAction\":[{\"@type\":\"SearchAction\",\"target\":{\"@type\":\"EntryPoint\",\"urlTemplate\":\"https:\/\/noticias.imer.mx\/laferia\/?s={search_term_string}\"},\"query-input\":\"required name=search_term_string\"}],\"inLanguage\":\"es\"},{\"@type\":\"Person\",\"@id\":\"https:\/\/noticias.imer.mx\/laferia\/#\/schema\/person\/438ebaa433c79f71687928759130ec9f\",\"name\":\"La Feria\",\"image\":{\"@type\":\"ImageObject\",\"inLanguage\":\"es\",\"@id\":\"https:\/\/noticias.imer.mx\/laferia\/#\/schema\/person\/image\/\",\"url\":\"https:\/\/secure.gravatar.com\/avatar\/69100f68fb4d3a06d1ff6b6cb5310157?s=96&d=mm&r=g\",\"contentUrl\":\"https:\/\/secure.gravatar.com\/avatar\/69100f68fb4d3a06d1ff6b6cb5310157?s=96&d=mm&r=g\",\"caption\":\"La Feria\"},\"description\":\"La Feria Carrusel Cultural, es un noticiario que alienta la participaci\u00f3n ciudadana y presenta informaci\u00f3n cultural y cient\u00edfica, de coyuntura, de M\u00e9xico y el mundo. En media hora puede conocer la cartelera cultural y escuchar, en voz de especialistas, entrevistas, asuntos especiales y mesas de an\u00e1lisis. Conducido por Juan Carlos Vald\u00e9s, La Feria Carrusel Cultural, se transmite todos los martes y jueves, de 15:00 a 15:30 horas por Horizonte, en el 107.9 de FM.\",\"url\":\"https:\/\/noticias.imer.mx\/laferia\/author\/laferia\/\"}]}<\/script>\n<!-- \/ Yoast SEO plugin. -->","yoast_head_json":{"title":"Este jueves inicia en Sonora las Fiestas del PITIC - La Feria, Carrusel Cultural","robots":{"index":"index","follow":"follow","max-snippet":"max-snippet:-1","max-image-preview":"max-image-preview:large","max-video-preview":"max-video-preview:-1"},"canonical":"https:\/\/noticias.imer.mx\/laferia\/2013\/06\/17\/este-jueves-inicia-en-sonora-las-fiestas-del-pitic\/","og_locale":"es_ES","og_type":"article","og_title":"Este jueves inicia en Sonora las Fiestas del PITIC - La Feria, Carrusel Cultural","og_description":"Bajo el lema \u201cD\u00e9jate llevar\u201d este \u00a0jueves inicia en Sonora las Fiestas del PITIC, que celebra el aniversario 313 de la fundaci\u00f3n de Hermosillo Sonora tema al que dedicamos nuestra mesa de an\u00e1lisis. Fiestas del PITIC\u00a0 &nbsp;","og_url":"https:\/\/noticias.imer.mx\/laferia\/2013\/06\/17\/este-jueves-inicia-en-sonora-las-fiestas-del-pitic\/","og_site_name":"La Feria, Carrusel Cultural","article_published_time":"2013-06-17T21:31:17+00:00","article_modified_time":"2013-06-18T17:11:40+00:00","og_image":[{"url":"http:\/\/snn.imer.gob.mx\/laferia\/files\/2013\/06\/Fiestas-PITIC-2013-300x230.jpg"}],"author":"La Feria","twitter_card":"summary_large_image","twitter_misc":{"Escrito por":"La Feria"},"schema":{"@context":"https:\/\/schema.org","@graph":[{"@type":"WebPage","@id":"https:\/\/noticias.imer.mx\/laferia\/2013\/06\/17\/este-jueves-inicia-en-sonora-las-fiestas-del-pitic\/","url":"https:\/\/noticias.imer.mx\/laferia\/2013\/06\/17\/este-jueves-inicia-en-sonora-las-fiestas-del-pitic\/","name":"Este jueves inicia en Sonora las Fiestas del PITIC - La Feria, Carrusel Cultural","isPartOf":{"@id":"https:\/\/noticias.imer.mx\/laferia\/#website"},"datePublished":"2013-06-17T21:31:17+00:00","dateModified":"2013-06-18T17:11:40+00:00","author":{"@id":"https:\/\/noticias.imer.mx\/laferia\/#\/schema\/person\/438ebaa433c79f71687928759130ec9f"},"breadcrumb":{"@id":"https:\/\/noticias.imer.mx\/laferia\/2013\/06\/17\/este-jueves-inicia-en-sonora-las-fiestas-del-pitic\/#breadcrumb"},"inLanguage":"es","potentialAction":[{"@type":"ReadAction","target":["https:\/\/noticias.imer.mx\/laferia\/2013\/06\/17\/este-jueves-inicia-en-sonora-las-fiestas-del-pitic\/"]}]},{"@type":"BreadcrumbList","@id":"https:\/\/noticias.imer.mx\/laferia\/2013\/06\/17\/este-jueves-inicia-en-sonora-las-fiestas-del-pitic\/#breadcrumb","itemListElement":[{"@type":"ListItem","position":1,"name":"Home","item":"https:\/\/noticias.imer.mx\/laferia\/"},{"@type":"ListItem","position":2,"name":"Este jueves inicia en Sonora las Fiestas del PITIC"}]},{"@type":"WebSite","@id":"https:\/\/noticias.imer.mx\/laferia\/#website","url":"https:\/\/noticias.imer.mx\/laferia\/","name":"La Feria, Carrusel Cultural","description":"Instituto Mexicano de la Radio","potentialAction":[{"@type":"SearchAction","target":{"@type":"EntryPoint","urlTemplate":"https:\/\/noticias.imer.mx\/laferia\/?s={search_term_string}"},"query-input":"required name=search_term_string"}],"inLanguage":"es"},{"@type":"Person","@id":"https:\/\/noticias.imer.mx\/laferia\/#\/schema\/person\/438ebaa433c79f71687928759130ec9f","name":"La Feria","image":{"@type":"ImageObject","inLanguage":"es","@id":"https:\/\/noticias.imer.mx\/laferia\/#\/schema\/person\/image\/","url":"https:\/\/secure.gravatar.com\/avatar\/69100f68fb4d3a06d1ff6b6cb5310157?s=96&d=mm&r=g","contentUrl":"https:\/\/secure.gravatar.com\/avatar\/69100f68fb4d3a06d1ff6b6cb5310157?s=96&d=mm&r=g","caption":"La Feria"},"description":"La Feria Carrusel Cultural, es un noticiario que alienta la participaci\u00f3n ciudadana y presenta informaci\u00f3n cultural y cient\u00edfica, de coyuntura, de M\u00e9xico y el mundo. En media hora puede conocer la cartelera cultural y escuchar, en voz de especialistas, entrevistas, asuntos especiales y mesas de an\u00e1lisis. Conducido por Juan Carlos Vald\u00e9s, La Feria Carrusel Cultural, se transmite todos los martes y jueves, de 15:00 a 15:30 horas por Horizonte, en el 107.9 de FM.","url":"https:\/\/noticias.imer.mx\/laferia\/author\/laferia\/"}]}},"_links":{"self":[{"href":"https:\/\/noticias.imer.mx\/laferia\/wp-json\/wp\/v2\/posts\/17257"}],"collection":[{"href":"https:\/\/noticias.imer.mx\/laferia\/wp-json\/wp\/v2\/posts"}],"about":[{"href":"https:\/\/noticias.imer.mx\/laferia\/wp-json\/wp\/v2\/types\/post"}],"author":[{"embeddable":true,"href":"https:\/\/noticias.imer.mx\/laferia\/wp-json\/wp\/v2\/users\/12"}],"replies":[{"embeddable":true,"href":"https:\/\/noticias.imer.mx\/laferia\/wp-json\/wp\/v2\/comments?post=17257"}],"version-history":[{"count":4,"href":"https:\/\/noticias.imer.mx\/laferia\/wp-json\/wp\/v2\/posts\/17257\/revisions"}],"predecessor-version":[{"id":17270,"href":"https:\/\/noticias.imer.mx\/laferia\/wp-json\/wp\/v2\/posts\/17257\/revisions\/17270"}],"wp:attachment":[{"href":"https:\/\/noticias.imer.mx\/laferia\/wp-json\/wp\/v2\/media?parent=17257"}],"wp:term":[{"taxonomy":"category","embeddable":true,"href":"https:\/\/noticias.imer.mx\/laferia\/wp-json\/wp\/v2\/categories?post=17257"},{"taxonomy":"post_tag","embeddable":true,"href":"https:\/\/noticias.imer.mx\/laferia\/wp-json\/wp\/v2\/tags?post=17257"}],"curies":[{"name":"wp","href":"https:\/\/api.w.org\/{rel}","templated":true}]}}