{"id":16789,"date":"2013-04-05T15:46:12","date_gmt":"2013-04-05T21:46:12","guid":{"rendered":"http:\/\/www.blogs.imer.gob.mx\/laferia\/?p=16789"},"modified":"2013-04-05T16:57:14","modified_gmt":"2013-04-05T22:57:14","slug":"horacio-franco-celebra-35-anos-de-carrera","status":"publish","type":"post","link":"https:\/\/noticias.imer.mx\/laferia\/2013\/04\/05\/horacio-franco-celebra-35-anos-de-carrera\/","title":{"rendered":"Horacio Franco celebra 35 a\u00f1os de carrera"},"content":{"rendered":"<h5><a href=\"http:\/\/snn.imer.gob.mx\/laferia\/files\/2013\/04\/35-a\u00f1os.jpg\"><img decoding=\"async\" loading=\"lazy\" class=\"alignnone size-full wp-image-16791\" alt=\"35 a\u00f1os\" src=\"http:\/\/snn.imer.gob.mx\/laferia\/files\/2013\/04\/35-a\u00f1os.jpg\" width=\"227\" height=\"175\" \/><\/a><\/h5>\n<p><span style=\"color: #000000\">Con giras en M\u00e9xico y el extranjero, el m\u00fasico Horacio Franco ha logrado cambiar la percepci\u00f3n sobre la flauta de pico, de ser considerado un instrumento para aficionados, lo ha elevado al \u00e1mbito profesional. Entrevista con el flautista \u00a0que celebra 35 a\u00f1os de trayectoria.\u00a0<\/span><a href=\"http:\/\/snn.imer.gob.mx\/laferia\/files\/2013\/04\/Horacio-Franco.mp3\">Horacio Franco<\/a><\/p>\n<p>&nbsp;<\/p>\n","protected":false},"excerpt":{"rendered":"<p>Con giras en M\u00e9xico y el extranjero, el m\u00fasico Horacio Franco ha logrado cambiar la percepci\u00f3n sobre la flauta de pico, de ser considerado un instrumento para aficionados, lo ha elevado al \u00e1mbito profesional. Entrevista con el flautista \u00a0que celebra 35 a\u00f1os de trayectoria.\u00a0Horacio Franco &nbsp;<\/p>\n","protected":false},"author":12,"featured_media":0,"comment_status":"open","ping_status":"open","sticky":false,"template":"","format":"standard","meta":{"wp_popup_display_lightbox":0,"wp_popup_suppress":"","wp_popup_trigger":"","wp_popup_trigger_amount":0,"wp_popup_disable_on_mobile":false},"categories":[1],"tags":[],"yoast_head":"<!-- This site is optimized with the Yoast SEO plugin v21.0 - https:\/\/yoast.com\/wordpress\/plugins\/seo\/ -->\n<title>Horacio Franco celebra 35 a\u00f1os de carrera  - La Feria, Carrusel Cultural<\/title>\n<meta name=\"robots\" content=\"index, follow, max-snippet:-1, max-image-preview:large, max-video-preview:-1\" \/>\n<link rel=\"canonical\" href=\"https:\/\/noticias.imer.mx\/laferia\/2013\/04\/05\/horacio-franco-celebra-35-anos-de-carrera\/\" \/>\n<meta property=\"og:locale\" content=\"es_ES\" \/>\n<meta property=\"og:type\" content=\"article\" \/>\n<meta property=\"og:title\" content=\"Horacio Franco celebra 35 a\u00f1os de carrera  - La Feria, Carrusel Cultural\" \/>\n<meta property=\"og:description\" content=\"Con giras en M\u00e9xico y el extranjero, el m\u00fasico Horacio Franco ha logrado cambiar la percepci\u00f3n sobre la flauta de pico, de ser considerado un instrumento para aficionados, lo ha elevado al \u00e1mbito profesional. Entrevista con el flautista \u00a0que celebra 35 a\u00f1os de trayectoria.\u00a0Horacio Franco &nbsp;\" \/>\n<meta property=\"og:url\" content=\"https:\/\/noticias.imer.mx\/laferia\/2013\/04\/05\/horacio-franco-celebra-35-anos-de-carrera\/\" \/>\n<meta property=\"og:site_name\" content=\"La Feria, Carrusel Cultural\" \/>\n<meta property=\"article:published_time\" content=\"2013-04-05T21:46:12+00:00\" \/>\n<meta property=\"article:modified_time\" content=\"2013-04-05T22:57:14+00:00\" \/>\n<meta name=\"author\" content=\"La Feria\" \/>\n<meta name=\"twitter:card\" content=\"summary_large_image\" \/>\n<meta name=\"twitter:label1\" content=\"Escrito por\" \/>\n\t<meta name=\"twitter:data1\" content=\"La Feria\" \/>\n<script type=\"application\/ld+json\" class=\"yoast-schema-graph\">{\"@context\":\"https:\/\/schema.org\",\"@graph\":[{\"@type\":\"WebPage\",\"@id\":\"https:\/\/noticias.imer.mx\/laferia\/2013\/04\/05\/horacio-franco-celebra-35-anos-de-carrera\/\",\"url\":\"https:\/\/noticias.imer.mx\/laferia\/2013\/04\/05\/horacio-franco-celebra-35-anos-de-carrera\/\",\"name\":\"Horacio Franco celebra 35 a\u00f1os de carrera - La Feria, Carrusel Cultural\",\"isPartOf\":{\"@id\":\"https:\/\/noticias.imer.mx\/laferia\/#website\"},\"datePublished\":\"2013-04-05T21:46:12+00:00\",\"dateModified\":\"2013-04-05T22:57:14+00:00\",\"author\":{\"@id\":\"https:\/\/noticias.imer.mx\/laferia\/#\/schema\/person\/438ebaa433c79f71687928759130ec9f\"},\"breadcrumb\":{\"@id\":\"https:\/\/noticias.imer.mx\/laferia\/2013\/04\/05\/horacio-franco-celebra-35-anos-de-carrera\/#breadcrumb\"},\"inLanguage\":\"es\",\"potentialAction\":[{\"@type\":\"ReadAction\",\"target\":[\"https:\/\/noticias.imer.mx\/laferia\/2013\/04\/05\/horacio-franco-celebra-35-anos-de-carrera\/\"]}]},{\"@type\":\"BreadcrumbList\",\"@id\":\"https:\/\/noticias.imer.mx\/laferia\/2013\/04\/05\/horacio-franco-celebra-35-anos-de-carrera\/#breadcrumb\",\"itemListElement\":[{\"@type\":\"ListItem\",\"position\":1,\"name\":\"Home\",\"item\":\"https:\/\/noticias.imer.mx\/laferia\/\"},{\"@type\":\"ListItem\",\"position\":2,\"name\":\"Horacio Franco celebra 35 a\u00f1os de carrera\"}]},{\"@type\":\"WebSite\",\"@id\":\"https:\/\/noticias.imer.mx\/laferia\/#website\",\"url\":\"https:\/\/noticias.imer.mx\/laferia\/\",\"name\":\"La Feria, Carrusel Cultural\",\"description\":\"Instituto Mexicano de la Radio\",\"potentialAction\":[{\"@type\":\"SearchAction\",\"target\":{\"@type\":\"EntryPoint\",\"urlTemplate\":\"https:\/\/noticias.imer.mx\/laferia\/?s={search_term_string}\"},\"query-input\":\"required name=search_term_string\"}],\"inLanguage\":\"es\"},{\"@type\":\"Person\",\"@id\":\"https:\/\/noticias.imer.mx\/laferia\/#\/schema\/person\/438ebaa433c79f71687928759130ec9f\",\"name\":\"La Feria\",\"image\":{\"@type\":\"ImageObject\",\"inLanguage\":\"es\",\"@id\":\"https:\/\/noticias.imer.mx\/laferia\/#\/schema\/person\/image\/\",\"url\":\"https:\/\/secure.gravatar.com\/avatar\/69100f68fb4d3a06d1ff6b6cb5310157?s=96&d=mm&r=g\",\"contentUrl\":\"https:\/\/secure.gravatar.com\/avatar\/69100f68fb4d3a06d1ff6b6cb5310157?s=96&d=mm&r=g\",\"caption\":\"La Feria\"},\"description\":\"La Feria Carrusel Cultural, es un noticiario que alienta la participaci\u00f3n ciudadana y presenta informaci\u00f3n cultural y cient\u00edfica, de coyuntura, de M\u00e9xico y el mundo. En media hora puede conocer la cartelera cultural y escuchar, en voz de especialistas, entrevistas, asuntos especiales y mesas de an\u00e1lisis. Conducido por Juan Carlos Vald\u00e9s, La Feria Carrusel Cultural, se transmite todos los martes y jueves, de 15:00 a 15:30 horas por Horizonte, en el 107.9 de FM.\",\"url\":\"https:\/\/noticias.imer.mx\/laferia\/author\/laferia\/\"}]}<\/script>\n<!-- \/ Yoast SEO plugin. -->","yoast_head_json":{"title":"Horacio Franco celebra 35 a\u00f1os de carrera  - La Feria, Carrusel Cultural","robots":{"index":"index","follow":"follow","max-snippet":"max-snippet:-1","max-image-preview":"max-image-preview:large","max-video-preview":"max-video-preview:-1"},"canonical":"https:\/\/noticias.imer.mx\/laferia\/2013\/04\/05\/horacio-franco-celebra-35-anos-de-carrera\/","og_locale":"es_ES","og_type":"article","og_title":"Horacio Franco celebra 35 a\u00f1os de carrera  - La Feria, Carrusel Cultural","og_description":"Con giras en M\u00e9xico y el extranjero, el m\u00fasico Horacio Franco ha logrado cambiar la percepci\u00f3n sobre la flauta de pico, de ser considerado un instrumento para aficionados, lo ha elevado al \u00e1mbito profesional. Entrevista con el flautista \u00a0que celebra 35 a\u00f1os de trayectoria.\u00a0Horacio Franco &nbsp;","og_url":"https:\/\/noticias.imer.mx\/laferia\/2013\/04\/05\/horacio-franco-celebra-35-anos-de-carrera\/","og_site_name":"La Feria, Carrusel Cultural","article_published_time":"2013-04-05T21:46:12+00:00","article_modified_time":"2013-04-05T22:57:14+00:00","author":"La Feria","twitter_card":"summary_large_image","twitter_misc":{"Escrito por":"La Feria"},"schema":{"@context":"https:\/\/schema.org","@graph":[{"@type":"WebPage","@id":"https:\/\/noticias.imer.mx\/laferia\/2013\/04\/05\/horacio-franco-celebra-35-anos-de-carrera\/","url":"https:\/\/noticias.imer.mx\/laferia\/2013\/04\/05\/horacio-franco-celebra-35-anos-de-carrera\/","name":"Horacio Franco celebra 35 a\u00f1os de carrera - La Feria, Carrusel Cultural","isPartOf":{"@id":"https:\/\/noticias.imer.mx\/laferia\/#website"},"datePublished":"2013-04-05T21:46:12+00:00","dateModified":"2013-04-05T22:57:14+00:00","author":{"@id":"https:\/\/noticias.imer.mx\/laferia\/#\/schema\/person\/438ebaa433c79f71687928759130ec9f"},"breadcrumb":{"@id":"https:\/\/noticias.imer.mx\/laferia\/2013\/04\/05\/horacio-franco-celebra-35-anos-de-carrera\/#breadcrumb"},"inLanguage":"es","potentialAction":[{"@type":"ReadAction","target":["https:\/\/noticias.imer.mx\/laferia\/2013\/04\/05\/horacio-franco-celebra-35-anos-de-carrera\/"]}]},{"@type":"BreadcrumbList","@id":"https:\/\/noticias.imer.mx\/laferia\/2013\/04\/05\/horacio-franco-celebra-35-anos-de-carrera\/#breadcrumb","itemListElement":[{"@type":"ListItem","position":1,"name":"Home","item":"https:\/\/noticias.imer.mx\/laferia\/"},{"@type":"ListItem","position":2,"name":"Horacio Franco celebra 35 a\u00f1os de carrera"}]},{"@type":"WebSite","@id":"https:\/\/noticias.imer.mx\/laferia\/#website","url":"https:\/\/noticias.imer.mx\/laferia\/","name":"La Feria, Carrusel Cultural","description":"Instituto Mexicano de la Radio","potentialAction":[{"@type":"SearchAction","target":{"@type":"EntryPoint","urlTemplate":"https:\/\/noticias.imer.mx\/laferia\/?s={search_term_string}"},"query-input":"required name=search_term_string"}],"inLanguage":"es"},{"@type":"Person","@id":"https:\/\/noticias.imer.mx\/laferia\/#\/schema\/person\/438ebaa433c79f71687928759130ec9f","name":"La Feria","image":{"@type":"ImageObject","inLanguage":"es","@id":"https:\/\/noticias.imer.mx\/laferia\/#\/schema\/person\/image\/","url":"https:\/\/secure.gravatar.com\/avatar\/69100f68fb4d3a06d1ff6b6cb5310157?s=96&d=mm&r=g","contentUrl":"https:\/\/secure.gravatar.com\/avatar\/69100f68fb4d3a06d1ff6b6cb5310157?s=96&d=mm&r=g","caption":"La Feria"},"description":"La Feria Carrusel Cultural, es un noticiario que alienta la participaci\u00f3n ciudadana y presenta informaci\u00f3n cultural y cient\u00edfica, de coyuntura, de M\u00e9xico y el mundo. En media hora puede conocer la cartelera cultural y escuchar, en voz de especialistas, entrevistas, asuntos especiales y mesas de an\u00e1lisis. Conducido por Juan Carlos Vald\u00e9s, La Feria Carrusel Cultural, se transmite todos los martes y jueves, de 15:00 a 15:30 horas por Horizonte, en el 107.9 de FM.","url":"https:\/\/noticias.imer.mx\/laferia\/author\/laferia\/"}]}},"_links":{"self":[{"href":"https:\/\/noticias.imer.mx\/laferia\/wp-json\/wp\/v2\/posts\/16789"}],"collection":[{"href":"https:\/\/noticias.imer.mx\/laferia\/wp-json\/wp\/v2\/posts"}],"about":[{"href":"https:\/\/noticias.imer.mx\/laferia\/wp-json\/wp\/v2\/types\/post"}],"author":[{"embeddable":true,"href":"https:\/\/noticias.imer.mx\/laferia\/wp-json\/wp\/v2\/users\/12"}],"replies":[{"embeddable":true,"href":"https:\/\/noticias.imer.mx\/laferia\/wp-json\/wp\/v2\/comments?post=16789"}],"version-history":[{"count":3,"href":"https:\/\/noticias.imer.mx\/laferia\/wp-json\/wp\/v2\/posts\/16789\/revisions"}],"predecessor-version":[{"id":16795,"href":"https:\/\/noticias.imer.mx\/laferia\/wp-json\/wp\/v2\/posts\/16789\/revisions\/16795"}],"wp:attachment":[{"href":"https:\/\/noticias.imer.mx\/laferia\/wp-json\/wp\/v2\/media?parent=16789"}],"wp:term":[{"taxonomy":"category","embeddable":true,"href":"https:\/\/noticias.imer.mx\/laferia\/wp-json\/wp\/v2\/categories?post=16789"},{"taxonomy":"post_tag","embeddable":true,"href":"https:\/\/noticias.imer.mx\/laferia\/wp-json\/wp\/v2\/tags?post=16789"}],"curies":[{"name":"wp","href":"https:\/\/api.w.org\/{rel}","templated":true}]}}