{"id":16681,"date":"2013-03-27T16:35:46","date_gmt":"2013-03-27T22:35:46","guid":{"rendered":"http:\/\/www.blogs.imer.gob.mx\/laferia\/?p=16681"},"modified":"2013-04-05T18:47:41","modified_gmt":"2013-04-06T00:47:41","slug":"en-septiembre-concluira-la-remodelacion-de-la-cineteca-nacional","status":"publish","type":"post","link":"https:\/\/noticias.imer.mx\/laferia\/2013\/03\/27\/en-septiembre-concluira-la-remodelacion-de-la-cineteca-nacional\/","title":{"rendered":"En septiembre concluir\u00e1 remodelaci\u00f3n de la Cineteca Nacional"},"content":{"rendered":"<h5><a href=\"http:\/\/snn.imer.gob.mx\/laferia\/files\/2013\/03\/cineteca_-nacional.jpg\"><img decoding=\"async\" loading=\"lazy\" class=\"alignnone size-full wp-image-16682\" alt=\"cineteca_ nacional\" src=\"http:\/\/snn.imer.gob.mx\/laferia\/files\/2013\/03\/cineteca_-nacional.jpg\" width=\"203\" height=\"106\" \/><\/a><\/h5>\n<p><span style=\"color: #000000\">En Septiembre concluir\u00e1 la totalidad de los trabajos de remodelaci\u00f3n y ampliaci\u00f3n de la\u00a0 Cineteca Nacional, anunci\u00f3 su directora general <b>Paula Astorga<\/b>, al destacar que las modificaciones que se desarrollan actualmente est\u00e1n previstas en la <b>Ley de Obras P\u00fablicas<\/b>. Informaci\u00f3n Amelia Rojas\u00a0<\/span><a href=\"http:\/\/snn.imer.gob.mx\/laferia\/files\/2013\/03\/Cineteca.mp3\">Cineteca<\/a><\/p>\n<p>&nbsp;<\/p>\n","protected":false},"excerpt":{"rendered":"<p>En Septiembre concluir\u00e1 la totalidad de los trabajos de remodelaci\u00f3n y ampliaci\u00f3n de la\u00a0 Cineteca Nacional, anunci\u00f3 su directora general Paula Astorga, al destacar que las modificaciones que se desarrollan actualmente est\u00e1n previstas en la Ley de Obras P\u00fablicas. Informaci\u00f3n Amelia Rojas\u00a0Cineteca &nbsp;<\/p>\n","protected":false},"author":12,"featured_media":0,"comment_status":"open","ping_status":"open","sticky":false,"template":"","format":"standard","meta":{"wp_popup_display_lightbox":0,"wp_popup_suppress":"","wp_popup_trigger":"","wp_popup_trigger_amount":0,"wp_popup_disable_on_mobile":false},"categories":[1],"tags":[],"yoast_head":"<!-- This site is optimized with the Yoast SEO plugin v21.0 - https:\/\/yoast.com\/wordpress\/plugins\/seo\/ -->\n<title>En septiembre concluir\u00e1 remodelaci\u00f3n de la Cineteca Nacional - La Feria, Carrusel Cultural<\/title>\n<meta name=\"robots\" content=\"index, follow, max-snippet:-1, max-image-preview:large, max-video-preview:-1\" \/>\n<link rel=\"canonical\" href=\"https:\/\/noticias.imer.mx\/laferia\/2013\/03\/27\/en-septiembre-concluira-la-remodelacion-de-la-cineteca-nacional\/\" \/>\n<meta property=\"og:locale\" content=\"es_ES\" \/>\n<meta property=\"og:type\" content=\"article\" \/>\n<meta property=\"og:title\" content=\"En septiembre concluir\u00e1 remodelaci\u00f3n de la Cineteca Nacional - La Feria, Carrusel Cultural\" \/>\n<meta property=\"og:description\" content=\"En Septiembre concluir\u00e1 la totalidad de los trabajos de remodelaci\u00f3n y ampliaci\u00f3n de la\u00a0 Cineteca Nacional, anunci\u00f3 su directora general Paula Astorga, al destacar que las modificaciones que se desarrollan actualmente est\u00e1n previstas en la Ley de Obras P\u00fablicas. Informaci\u00f3n Amelia Rojas\u00a0Cineteca &nbsp;\" \/>\n<meta property=\"og:url\" content=\"https:\/\/noticias.imer.mx\/laferia\/2013\/03\/27\/en-septiembre-concluira-la-remodelacion-de-la-cineteca-nacional\/\" \/>\n<meta property=\"og:site_name\" content=\"La Feria, Carrusel Cultural\" \/>\n<meta property=\"article:published_time\" content=\"2013-03-27T22:35:46+00:00\" \/>\n<meta property=\"article:modified_time\" content=\"2013-04-06T00:47:41+00:00\" \/>\n<meta property=\"og:image\" content=\"http:\/\/snn.imer.gob.mx\/laferia\/files\/2013\/03\/cineteca_-nacional.jpg\" \/>\n<meta name=\"author\" content=\"La Feria\" \/>\n<meta name=\"twitter:card\" content=\"summary_large_image\" \/>\n<meta name=\"twitter:label1\" content=\"Escrito por\" \/>\n\t<meta name=\"twitter:data1\" content=\"La Feria\" \/>\n<script type=\"application\/ld+json\" class=\"yoast-schema-graph\">{\"@context\":\"https:\/\/schema.org\",\"@graph\":[{\"@type\":\"WebPage\",\"@id\":\"https:\/\/noticias.imer.mx\/laferia\/2013\/03\/27\/en-septiembre-concluira-la-remodelacion-de-la-cineteca-nacional\/\",\"url\":\"https:\/\/noticias.imer.mx\/laferia\/2013\/03\/27\/en-septiembre-concluira-la-remodelacion-de-la-cineteca-nacional\/\",\"name\":\"En septiembre concluir\u00e1 remodelaci\u00f3n de la Cineteca Nacional - La Feria, Carrusel Cultural\",\"isPartOf\":{\"@id\":\"https:\/\/noticias.imer.mx\/laferia\/#website\"},\"datePublished\":\"2013-03-27T22:35:46+00:00\",\"dateModified\":\"2013-04-06T00:47:41+00:00\",\"author\":{\"@id\":\"https:\/\/noticias.imer.mx\/laferia\/#\/schema\/person\/438ebaa433c79f71687928759130ec9f\"},\"breadcrumb\":{\"@id\":\"https:\/\/noticias.imer.mx\/laferia\/2013\/03\/27\/en-septiembre-concluira-la-remodelacion-de-la-cineteca-nacional\/#breadcrumb\"},\"inLanguage\":\"es\",\"potentialAction\":[{\"@type\":\"ReadAction\",\"target\":[\"https:\/\/noticias.imer.mx\/laferia\/2013\/03\/27\/en-septiembre-concluira-la-remodelacion-de-la-cineteca-nacional\/\"]}]},{\"@type\":\"BreadcrumbList\",\"@id\":\"https:\/\/noticias.imer.mx\/laferia\/2013\/03\/27\/en-septiembre-concluira-la-remodelacion-de-la-cineteca-nacional\/#breadcrumb\",\"itemListElement\":[{\"@type\":\"ListItem\",\"position\":1,\"name\":\"Home\",\"item\":\"https:\/\/noticias.imer.mx\/laferia\/\"},{\"@type\":\"ListItem\",\"position\":2,\"name\":\"En septiembre concluir\u00e1 remodelaci\u00f3n de la Cineteca Nacional\"}]},{\"@type\":\"WebSite\",\"@id\":\"https:\/\/noticias.imer.mx\/laferia\/#website\",\"url\":\"https:\/\/noticias.imer.mx\/laferia\/\",\"name\":\"La Feria, Carrusel Cultural\",\"description\":\"Instituto Mexicano de la Radio\",\"potentialAction\":[{\"@type\":\"SearchAction\",\"target\":{\"@type\":\"EntryPoint\",\"urlTemplate\":\"https:\/\/noticias.imer.mx\/laferia\/?s={search_term_string}\"},\"query-input\":\"required name=search_term_string\"}],\"inLanguage\":\"es\"},{\"@type\":\"Person\",\"@id\":\"https:\/\/noticias.imer.mx\/laferia\/#\/schema\/person\/438ebaa433c79f71687928759130ec9f\",\"name\":\"La Feria\",\"image\":{\"@type\":\"ImageObject\",\"inLanguage\":\"es\",\"@id\":\"https:\/\/noticias.imer.mx\/laferia\/#\/schema\/person\/image\/\",\"url\":\"https:\/\/secure.gravatar.com\/avatar\/69100f68fb4d3a06d1ff6b6cb5310157?s=96&d=mm&r=g\",\"contentUrl\":\"https:\/\/secure.gravatar.com\/avatar\/69100f68fb4d3a06d1ff6b6cb5310157?s=96&d=mm&r=g\",\"caption\":\"La Feria\"},\"description\":\"La Feria Carrusel Cultural, es un noticiario que alienta la participaci\u00f3n ciudadana y presenta informaci\u00f3n cultural y cient\u00edfica, de coyuntura, de M\u00e9xico y el mundo. En media hora puede conocer la cartelera cultural y escuchar, en voz de especialistas, entrevistas, asuntos especiales y mesas de an\u00e1lisis. Conducido por Juan Carlos Vald\u00e9s, La Feria Carrusel Cultural, se transmite todos los martes y jueves, de 15:00 a 15:30 horas por Horizonte, en el 107.9 de FM.\",\"url\":\"https:\/\/noticias.imer.mx\/laferia\/author\/laferia\/\"}]}<\/script>\n<!-- \/ Yoast SEO plugin. -->","yoast_head_json":{"title":"En septiembre concluir\u00e1 remodelaci\u00f3n de la Cineteca Nacional - La Feria, Carrusel Cultural","robots":{"index":"index","follow":"follow","max-snippet":"max-snippet:-1","max-image-preview":"max-image-preview:large","max-video-preview":"max-video-preview:-1"},"canonical":"https:\/\/noticias.imer.mx\/laferia\/2013\/03\/27\/en-septiembre-concluira-la-remodelacion-de-la-cineteca-nacional\/","og_locale":"es_ES","og_type":"article","og_title":"En septiembre concluir\u00e1 remodelaci\u00f3n de la Cineteca Nacional - La Feria, Carrusel Cultural","og_description":"En Septiembre concluir\u00e1 la totalidad de los trabajos de remodelaci\u00f3n y ampliaci\u00f3n de la\u00a0 Cineteca Nacional, anunci\u00f3 su directora general Paula Astorga, al destacar que las modificaciones que se desarrollan actualmente est\u00e1n previstas en la Ley de Obras P\u00fablicas. Informaci\u00f3n Amelia Rojas\u00a0Cineteca &nbsp;","og_url":"https:\/\/noticias.imer.mx\/laferia\/2013\/03\/27\/en-septiembre-concluira-la-remodelacion-de-la-cineteca-nacional\/","og_site_name":"La Feria, Carrusel Cultural","article_published_time":"2013-03-27T22:35:46+00:00","article_modified_time":"2013-04-06T00:47:41+00:00","og_image":[{"url":"http:\/\/snn.imer.gob.mx\/laferia\/files\/2013\/03\/cineteca_-nacional.jpg"}],"author":"La Feria","twitter_card":"summary_large_image","twitter_misc":{"Escrito por":"La Feria"},"schema":{"@context":"https:\/\/schema.org","@graph":[{"@type":"WebPage","@id":"https:\/\/noticias.imer.mx\/laferia\/2013\/03\/27\/en-septiembre-concluira-la-remodelacion-de-la-cineteca-nacional\/","url":"https:\/\/noticias.imer.mx\/laferia\/2013\/03\/27\/en-septiembre-concluira-la-remodelacion-de-la-cineteca-nacional\/","name":"En septiembre concluir\u00e1 remodelaci\u00f3n de la Cineteca Nacional - La Feria, Carrusel Cultural","isPartOf":{"@id":"https:\/\/noticias.imer.mx\/laferia\/#website"},"datePublished":"2013-03-27T22:35:46+00:00","dateModified":"2013-04-06T00:47:41+00:00","author":{"@id":"https:\/\/noticias.imer.mx\/laferia\/#\/schema\/person\/438ebaa433c79f71687928759130ec9f"},"breadcrumb":{"@id":"https:\/\/noticias.imer.mx\/laferia\/2013\/03\/27\/en-septiembre-concluira-la-remodelacion-de-la-cineteca-nacional\/#breadcrumb"},"inLanguage":"es","potentialAction":[{"@type":"ReadAction","target":["https:\/\/noticias.imer.mx\/laferia\/2013\/03\/27\/en-septiembre-concluira-la-remodelacion-de-la-cineteca-nacional\/"]}]},{"@type":"BreadcrumbList","@id":"https:\/\/noticias.imer.mx\/laferia\/2013\/03\/27\/en-septiembre-concluira-la-remodelacion-de-la-cineteca-nacional\/#breadcrumb","itemListElement":[{"@type":"ListItem","position":1,"name":"Home","item":"https:\/\/noticias.imer.mx\/laferia\/"},{"@type":"ListItem","position":2,"name":"En septiembre concluir\u00e1 remodelaci\u00f3n de la Cineteca Nacional"}]},{"@type":"WebSite","@id":"https:\/\/noticias.imer.mx\/laferia\/#website","url":"https:\/\/noticias.imer.mx\/laferia\/","name":"La Feria, Carrusel Cultural","description":"Instituto Mexicano de la Radio","potentialAction":[{"@type":"SearchAction","target":{"@type":"EntryPoint","urlTemplate":"https:\/\/noticias.imer.mx\/laferia\/?s={search_term_string}"},"query-input":"required name=search_term_string"}],"inLanguage":"es"},{"@type":"Person","@id":"https:\/\/noticias.imer.mx\/laferia\/#\/schema\/person\/438ebaa433c79f71687928759130ec9f","name":"La Feria","image":{"@type":"ImageObject","inLanguage":"es","@id":"https:\/\/noticias.imer.mx\/laferia\/#\/schema\/person\/image\/","url":"https:\/\/secure.gravatar.com\/avatar\/69100f68fb4d3a06d1ff6b6cb5310157?s=96&d=mm&r=g","contentUrl":"https:\/\/secure.gravatar.com\/avatar\/69100f68fb4d3a06d1ff6b6cb5310157?s=96&d=mm&r=g","caption":"La Feria"},"description":"La Feria Carrusel Cultural, es un noticiario que alienta la participaci\u00f3n ciudadana y presenta informaci\u00f3n cultural y cient\u00edfica, de coyuntura, de M\u00e9xico y el mundo. En media hora puede conocer la cartelera cultural y escuchar, en voz de especialistas, entrevistas, asuntos especiales y mesas de an\u00e1lisis. Conducido por Juan Carlos Vald\u00e9s, La Feria Carrusel Cultural, se transmite todos los martes y jueves, de 15:00 a 15:30 horas por Horizonte, en el 107.9 de FM.","url":"https:\/\/noticias.imer.mx\/laferia\/author\/laferia\/"}]}},"_links":{"self":[{"href":"https:\/\/noticias.imer.mx\/laferia\/wp-json\/wp\/v2\/posts\/16681"}],"collection":[{"href":"https:\/\/noticias.imer.mx\/laferia\/wp-json\/wp\/v2\/posts"}],"about":[{"href":"https:\/\/noticias.imer.mx\/laferia\/wp-json\/wp\/v2\/types\/post"}],"author":[{"embeddable":true,"href":"https:\/\/noticias.imer.mx\/laferia\/wp-json\/wp\/v2\/users\/12"}],"replies":[{"embeddable":true,"href":"https:\/\/noticias.imer.mx\/laferia\/wp-json\/wp\/v2\/comments?post=16681"}],"version-history":[{"count":2,"href":"https:\/\/noticias.imer.mx\/laferia\/wp-json\/wp\/v2\/posts\/16681\/revisions"}],"predecessor-version":[{"id":16818,"href":"https:\/\/noticias.imer.mx\/laferia\/wp-json\/wp\/v2\/posts\/16681\/revisions\/16818"}],"wp:attachment":[{"href":"https:\/\/noticias.imer.mx\/laferia\/wp-json\/wp\/v2\/media?parent=16681"}],"wp:term":[{"taxonomy":"category","embeddable":true,"href":"https:\/\/noticias.imer.mx\/laferia\/wp-json\/wp\/v2\/categories?post=16681"},{"taxonomy":"post_tag","embeddable":true,"href":"https:\/\/noticias.imer.mx\/laferia\/wp-json\/wp\/v2\/tags?post=16681"}],"curies":[{"name":"wp","href":"https:\/\/api.w.org\/{rel}","templated":true}]}}