{"id":16580,"date":"2013-03-15T17:01:51","date_gmt":"2013-03-15T23:01:51","guid":{"rendered":"http:\/\/www.blogs.imer.gob.mx\/laferia\/?p=16580"},"modified":"2013-03-15T17:02:31","modified_gmt":"2013-03-15T23:02:31","slug":"santo-el-enmascarado-de-plata","status":"publish","type":"post","link":"https:\/\/noticias.imer.mx\/laferia\/2013\/03\/15\/santo-el-enmascarado-de-plata\/","title":{"rendered":"Santo el enmascarado de plata"},"content":{"rendered":"<h5><a href=\"http:\/\/snn.imer.gob.mx\/laferia\/files\/2013\/03\/Santo1.jpg\"><img decoding=\"async\" loading=\"lazy\" class=\"alignnone size-full wp-image-16581\" alt=\"Santo1\" src=\"http:\/\/snn.imer.gob.mx\/laferia\/files\/2013\/03\/Santo1.jpg\" width=\"175\" height=\"206\" \/><\/a><span style=\"color: #000000\">Gracias al cine y el ritual que gener\u00f3 durante los enfrentamientos de lucha libre, el <b>Santo<\/b> logr\u00f3 cohesionar a la sociedad mexicana de los a\u00f1os 50, sostuvo el investigador de la Universidad de Guadalajara, <b>\u00c1lvaro H. Fern\u00e1ndez.<\/b> Presentaremos una conversaci\u00f3n con el autor del libro <\/span><b><i><span style=\"color: #000000\">Santo el enmascarado de plata. Mito y realidad de un h\u00e9roe mexicano moderno<\/span>.<a href=\"http:\/\/snn.imer.gob.mx\/laferia\/files\/2013\/03\/El-enmascarado-de-plata.mp3\">El enmascarado de plata<\/a><\/i><\/b><\/h5>\n","protected":false},"excerpt":{"rendered":"<p>Gracias al cine y el ritual que gener\u00f3 durante los enfrentamientos de lucha libre, el Santo logr\u00f3 cohesionar a la sociedad mexicana de los a\u00f1os 50, sostuvo el investigador de la Universidad de Guadalajara, \u00c1lvaro H. Fern\u00e1ndez. Presentaremos una conversaci\u00f3n con el autor del libro Santo el enmascarado de plata. Mito y realidad de un&hellip;<\/p>\n","protected":false},"author":12,"featured_media":0,"comment_status":"open","ping_status":"open","sticky":false,"template":"","format":"standard","meta":{"wp_popup_display_lightbox":0,"wp_popup_suppress":"","wp_popup_trigger":"","wp_popup_trigger_amount":0,"wp_popup_disable_on_mobile":false},"categories":[1],"tags":[],"yoast_head":"<!-- This site is optimized with the Yoast SEO plugin v21.0 - https:\/\/yoast.com\/wordpress\/plugins\/seo\/ -->\n<title>Santo el enmascarado de plata - La Feria, Carrusel Cultural<\/title>\n<meta name=\"robots\" content=\"index, follow, max-snippet:-1, max-image-preview:large, max-video-preview:-1\" \/>\n<link rel=\"canonical\" href=\"https:\/\/noticias.imer.mx\/laferia\/2013\/03\/15\/santo-el-enmascarado-de-plata\/\" \/>\n<meta property=\"og:locale\" content=\"es_ES\" \/>\n<meta property=\"og:type\" content=\"article\" \/>\n<meta property=\"og:title\" content=\"Santo el enmascarado de plata - La Feria, Carrusel Cultural\" \/>\n<meta property=\"og:description\" content=\"Gracias al cine y el ritual que gener\u00f3 durante los enfrentamientos de lucha libre, el Santo logr\u00f3 cohesionar a la sociedad mexicana de los a\u00f1os 50, sostuvo el investigador de la Universidad de Guadalajara, \u00c1lvaro H. Fern\u00e1ndez. Presentaremos una conversaci\u00f3n con el autor del libro Santo el enmascarado de plata. Mito y realidad de un&hellip;\" \/>\n<meta property=\"og:url\" content=\"https:\/\/noticias.imer.mx\/laferia\/2013\/03\/15\/santo-el-enmascarado-de-plata\/\" \/>\n<meta property=\"og:site_name\" content=\"La Feria, Carrusel Cultural\" \/>\n<meta property=\"article:published_time\" content=\"2013-03-15T23:01:51+00:00\" \/>\n<meta property=\"article:modified_time\" content=\"2013-03-15T23:02:31+00:00\" \/>\n<meta property=\"og:image\" content=\"http:\/\/snn.imer.gob.mx\/laferia\/files\/2013\/03\/Santo1.jpg\" \/>\n<meta name=\"author\" content=\"La Feria\" \/>\n<meta name=\"twitter:card\" content=\"summary_large_image\" \/>\n<meta name=\"twitter:label1\" content=\"Escrito por\" \/>\n\t<meta name=\"twitter:data1\" content=\"La Feria\" \/>\n<script type=\"application\/ld+json\" class=\"yoast-schema-graph\">{\"@context\":\"https:\/\/schema.org\",\"@graph\":[{\"@type\":\"WebPage\",\"@id\":\"https:\/\/noticias.imer.mx\/laferia\/2013\/03\/15\/santo-el-enmascarado-de-plata\/\",\"url\":\"https:\/\/noticias.imer.mx\/laferia\/2013\/03\/15\/santo-el-enmascarado-de-plata\/\",\"name\":\"Santo el enmascarado de plata - La Feria, Carrusel Cultural\",\"isPartOf\":{\"@id\":\"https:\/\/noticias.imer.mx\/laferia\/#website\"},\"datePublished\":\"2013-03-15T23:01:51+00:00\",\"dateModified\":\"2013-03-15T23:02:31+00:00\",\"author\":{\"@id\":\"https:\/\/noticias.imer.mx\/laferia\/#\/schema\/person\/438ebaa433c79f71687928759130ec9f\"},\"breadcrumb\":{\"@id\":\"https:\/\/noticias.imer.mx\/laferia\/2013\/03\/15\/santo-el-enmascarado-de-plata\/#breadcrumb\"},\"inLanguage\":\"es\",\"potentialAction\":[{\"@type\":\"ReadAction\",\"target\":[\"https:\/\/noticias.imer.mx\/laferia\/2013\/03\/15\/santo-el-enmascarado-de-plata\/\"]}]},{\"@type\":\"BreadcrumbList\",\"@id\":\"https:\/\/noticias.imer.mx\/laferia\/2013\/03\/15\/santo-el-enmascarado-de-plata\/#breadcrumb\",\"itemListElement\":[{\"@type\":\"ListItem\",\"position\":1,\"name\":\"Home\",\"item\":\"https:\/\/noticias.imer.mx\/laferia\/\"},{\"@type\":\"ListItem\",\"position\":2,\"name\":\"Santo el enmascarado de plata\"}]},{\"@type\":\"WebSite\",\"@id\":\"https:\/\/noticias.imer.mx\/laferia\/#website\",\"url\":\"https:\/\/noticias.imer.mx\/laferia\/\",\"name\":\"La Feria, Carrusel Cultural\",\"description\":\"Instituto Mexicano de la Radio\",\"potentialAction\":[{\"@type\":\"SearchAction\",\"target\":{\"@type\":\"EntryPoint\",\"urlTemplate\":\"https:\/\/noticias.imer.mx\/laferia\/?s={search_term_string}\"},\"query-input\":\"required name=search_term_string\"}],\"inLanguage\":\"es\"},{\"@type\":\"Person\",\"@id\":\"https:\/\/noticias.imer.mx\/laferia\/#\/schema\/person\/438ebaa433c79f71687928759130ec9f\",\"name\":\"La Feria\",\"image\":{\"@type\":\"ImageObject\",\"inLanguage\":\"es\",\"@id\":\"https:\/\/noticias.imer.mx\/laferia\/#\/schema\/person\/image\/\",\"url\":\"https:\/\/secure.gravatar.com\/avatar\/69100f68fb4d3a06d1ff6b6cb5310157?s=96&d=mm&r=g\",\"contentUrl\":\"https:\/\/secure.gravatar.com\/avatar\/69100f68fb4d3a06d1ff6b6cb5310157?s=96&d=mm&r=g\",\"caption\":\"La Feria\"},\"description\":\"La Feria Carrusel Cultural, es un noticiario que alienta la participaci\u00f3n ciudadana y presenta informaci\u00f3n cultural y cient\u00edfica, de coyuntura, de M\u00e9xico y el mundo. En media hora puede conocer la cartelera cultural y escuchar, en voz de especialistas, entrevistas, asuntos especiales y mesas de an\u00e1lisis. Conducido por Juan Carlos Vald\u00e9s, La Feria Carrusel Cultural, se transmite todos los martes y jueves, de 15:00 a 15:30 horas por Horizonte, en el 107.9 de FM.\",\"url\":\"https:\/\/noticias.imer.mx\/laferia\/author\/laferia\/\"}]}<\/script>\n<!-- \/ Yoast SEO plugin. -->","yoast_head_json":{"title":"Santo el enmascarado de plata - La Feria, Carrusel Cultural","robots":{"index":"index","follow":"follow","max-snippet":"max-snippet:-1","max-image-preview":"max-image-preview:large","max-video-preview":"max-video-preview:-1"},"canonical":"https:\/\/noticias.imer.mx\/laferia\/2013\/03\/15\/santo-el-enmascarado-de-plata\/","og_locale":"es_ES","og_type":"article","og_title":"Santo el enmascarado de plata - La Feria, Carrusel Cultural","og_description":"Gracias al cine y el ritual que gener\u00f3 durante los enfrentamientos de lucha libre, el Santo logr\u00f3 cohesionar a la sociedad mexicana de los a\u00f1os 50, sostuvo el investigador de la Universidad de Guadalajara, \u00c1lvaro H. Fern\u00e1ndez. Presentaremos una conversaci\u00f3n con el autor del libro Santo el enmascarado de plata. Mito y realidad de un&hellip;","og_url":"https:\/\/noticias.imer.mx\/laferia\/2013\/03\/15\/santo-el-enmascarado-de-plata\/","og_site_name":"La Feria, Carrusel Cultural","article_published_time":"2013-03-15T23:01:51+00:00","article_modified_time":"2013-03-15T23:02:31+00:00","og_image":[{"url":"http:\/\/snn.imer.gob.mx\/laferia\/files\/2013\/03\/Santo1.jpg"}],"author":"La Feria","twitter_card":"summary_large_image","twitter_misc":{"Escrito por":"La Feria"},"schema":{"@context":"https:\/\/schema.org","@graph":[{"@type":"WebPage","@id":"https:\/\/noticias.imer.mx\/laferia\/2013\/03\/15\/santo-el-enmascarado-de-plata\/","url":"https:\/\/noticias.imer.mx\/laferia\/2013\/03\/15\/santo-el-enmascarado-de-plata\/","name":"Santo el enmascarado de plata - La Feria, Carrusel Cultural","isPartOf":{"@id":"https:\/\/noticias.imer.mx\/laferia\/#website"},"datePublished":"2013-03-15T23:01:51+00:00","dateModified":"2013-03-15T23:02:31+00:00","author":{"@id":"https:\/\/noticias.imer.mx\/laferia\/#\/schema\/person\/438ebaa433c79f71687928759130ec9f"},"breadcrumb":{"@id":"https:\/\/noticias.imer.mx\/laferia\/2013\/03\/15\/santo-el-enmascarado-de-plata\/#breadcrumb"},"inLanguage":"es","potentialAction":[{"@type":"ReadAction","target":["https:\/\/noticias.imer.mx\/laferia\/2013\/03\/15\/santo-el-enmascarado-de-plata\/"]}]},{"@type":"BreadcrumbList","@id":"https:\/\/noticias.imer.mx\/laferia\/2013\/03\/15\/santo-el-enmascarado-de-plata\/#breadcrumb","itemListElement":[{"@type":"ListItem","position":1,"name":"Home","item":"https:\/\/noticias.imer.mx\/laferia\/"},{"@type":"ListItem","position":2,"name":"Santo el enmascarado de plata"}]},{"@type":"WebSite","@id":"https:\/\/noticias.imer.mx\/laferia\/#website","url":"https:\/\/noticias.imer.mx\/laferia\/","name":"La Feria, Carrusel Cultural","description":"Instituto Mexicano de la Radio","potentialAction":[{"@type":"SearchAction","target":{"@type":"EntryPoint","urlTemplate":"https:\/\/noticias.imer.mx\/laferia\/?s={search_term_string}"},"query-input":"required name=search_term_string"}],"inLanguage":"es"},{"@type":"Person","@id":"https:\/\/noticias.imer.mx\/laferia\/#\/schema\/person\/438ebaa433c79f71687928759130ec9f","name":"La Feria","image":{"@type":"ImageObject","inLanguage":"es","@id":"https:\/\/noticias.imer.mx\/laferia\/#\/schema\/person\/image\/","url":"https:\/\/secure.gravatar.com\/avatar\/69100f68fb4d3a06d1ff6b6cb5310157?s=96&d=mm&r=g","contentUrl":"https:\/\/secure.gravatar.com\/avatar\/69100f68fb4d3a06d1ff6b6cb5310157?s=96&d=mm&r=g","caption":"La Feria"},"description":"La Feria Carrusel Cultural, es un noticiario que alienta la participaci\u00f3n ciudadana y presenta informaci\u00f3n cultural y cient\u00edfica, de coyuntura, de M\u00e9xico y el mundo. En media hora puede conocer la cartelera cultural y escuchar, en voz de especialistas, entrevistas, asuntos especiales y mesas de an\u00e1lisis. Conducido por Juan Carlos Vald\u00e9s, La Feria Carrusel Cultural, se transmite todos los martes y jueves, de 15:00 a 15:30 horas por Horizonte, en el 107.9 de FM.","url":"https:\/\/noticias.imer.mx\/laferia\/author\/laferia\/"}]}},"_links":{"self":[{"href":"https:\/\/noticias.imer.mx\/laferia\/wp-json\/wp\/v2\/posts\/16580"}],"collection":[{"href":"https:\/\/noticias.imer.mx\/laferia\/wp-json\/wp\/v2\/posts"}],"about":[{"href":"https:\/\/noticias.imer.mx\/laferia\/wp-json\/wp\/v2\/types\/post"}],"author":[{"embeddable":true,"href":"https:\/\/noticias.imer.mx\/laferia\/wp-json\/wp\/v2\/users\/12"}],"replies":[{"embeddable":true,"href":"https:\/\/noticias.imer.mx\/laferia\/wp-json\/wp\/v2\/comments?post=16580"}],"version-history":[{"count":2,"href":"https:\/\/noticias.imer.mx\/laferia\/wp-json\/wp\/v2\/posts\/16580\/revisions"}],"predecessor-version":[{"id":16587,"href":"https:\/\/noticias.imer.mx\/laferia\/wp-json\/wp\/v2\/posts\/16580\/revisions\/16587"}],"wp:attachment":[{"href":"https:\/\/noticias.imer.mx\/laferia\/wp-json\/wp\/v2\/media?parent=16580"}],"wp:term":[{"taxonomy":"category","embeddable":true,"href":"https:\/\/noticias.imer.mx\/laferia\/wp-json\/wp\/v2\/categories?post=16580"},{"taxonomy":"post_tag","embeddable":true,"href":"https:\/\/noticias.imer.mx\/laferia\/wp-json\/wp\/v2\/tags?post=16580"}],"curies":[{"name":"wp","href":"https:\/\/api.w.org\/{rel}","templated":true}]}}