{"id":16352,"date":"2013-02-22T16:15:33","date_gmt":"2013-02-22T22:15:33","guid":{"rendered":"http:\/\/www.blogs.imer.gob.mx\/laferia\/?p=16352"},"modified":"2013-03-01T11:04:21","modified_gmt":"2013-03-01T17:04:21","slug":"6o-seminario-internacional-de-educacion-integral","status":"publish","type":"post","link":"https:\/\/noticias.imer.mx\/laferia\/2013\/02\/22\/6o-seminario-internacional-de-educacion-integral\/","title":{"rendered":"6\u00ba Seminario Internacional de Educaci\u00f3n Integral"},"content":{"rendered":"<p><a href=\"http:\/\/snn.imer.gob.mx\/laferia\/files\/2013\/02\/seminario1.png\"><img decoding=\"async\" loading=\"lazy\" class=\"alignnone size-medium wp-image-16354\" alt=\"seminario\" src=\"http:\/\/snn.imer.gob.mx\/laferia\/files\/2013\/02\/seminario1-300x57.png\" width=\"300\" height=\"57\" srcset=\"https:\/\/noticias.imer.mx\/laferia\/files\/2013\/02\/seminario1-300x57.png 300w, https:\/\/noticias.imer.mx\/laferia\/files\/2013\/02\/seminario1.png 786w\" sizes=\"(max-width: 300px) 100vw, 300px\" \/><\/a><\/p>\n<p><span style=\"color: #000000\">La pol\u00edtica de evaluar a docentes y alumnos provoca cambios culturales y organizacionales, que ser\u00e1n analizados en el <\/span><strong><span style=\"color: #000000\">6\u00ba Seminario Internacional de Educaci\u00f3n Integral. Tema al que dedicamos la mesa de an\u00e1lisis de La feria.<\/span> <\/strong>\u00a0Entrevista con\u00a0Cecilia Espinosa, Gerente de Contenidos y Servicios Educativos de Editorial SM y coordinadora de Talleres.\u00a0<a href=\"http:\/\/snn.imer.gob.mx\/laferia\/files\/2013\/02\/Seminario-Internacional-de-Educaci\u00f3n-Integral.mp3\">Seminario Internacional de Educaci\u00f3n Integral<\/a><\/p>\n","protected":false},"excerpt":{"rendered":"<p>La pol\u00edtica de evaluar a docentes y alumnos provoca cambios culturales y organizacionales, que ser\u00e1n analizados en el 6\u00ba Seminario Internacional de Educaci\u00f3n Integral. Tema al que dedicamos la mesa de an\u00e1lisis de La feria. \u00a0Entrevista con\u00a0Cecilia Espinosa, Gerente de Contenidos y Servicios Educativos de Editorial SM y coordinadora de Talleres.\u00a0Seminario Internacional de Educaci\u00f3n Integral<\/p>\n","protected":false},"author":12,"featured_media":0,"comment_status":"open","ping_status":"open","sticky":false,"template":"","format":"standard","meta":{"wp_popup_display_lightbox":0,"wp_popup_suppress":"","wp_popup_trigger":"","wp_popup_trigger_amount":0,"wp_popup_disable_on_mobile":false},"categories":[1],"tags":[],"yoast_head":"<!-- This site is optimized with the Yoast SEO plugin v21.0 - https:\/\/yoast.com\/wordpress\/plugins\/seo\/ -->\n<title>6\u00ba Seminario Internacional de Educaci\u00f3n Integral - La Feria, Carrusel Cultural<\/title>\n<meta name=\"robots\" content=\"index, follow, max-snippet:-1, max-image-preview:large, max-video-preview:-1\" \/>\n<link rel=\"canonical\" href=\"https:\/\/noticias.imer.mx\/laferia\/2013\/02\/22\/6o-seminario-internacional-de-educacion-integral\/\" \/>\n<meta property=\"og:locale\" content=\"es_ES\" \/>\n<meta property=\"og:type\" content=\"article\" \/>\n<meta property=\"og:title\" content=\"6\u00ba Seminario Internacional de Educaci\u00f3n Integral - La Feria, Carrusel Cultural\" \/>\n<meta property=\"og:description\" content=\"La pol\u00edtica de evaluar a docentes y alumnos provoca cambios culturales y organizacionales, que ser\u00e1n analizados en el 6\u00ba Seminario Internacional de Educaci\u00f3n Integral. Tema al que dedicamos la mesa de an\u00e1lisis de La feria. \u00a0Entrevista con\u00a0Cecilia Espinosa, Gerente de Contenidos y Servicios Educativos de Editorial SM y coordinadora de Talleres.\u00a0Seminario Internacional de Educaci\u00f3n Integral\" \/>\n<meta property=\"og:url\" content=\"https:\/\/noticias.imer.mx\/laferia\/2013\/02\/22\/6o-seminario-internacional-de-educacion-integral\/\" \/>\n<meta property=\"og:site_name\" content=\"La Feria, Carrusel Cultural\" \/>\n<meta property=\"article:published_time\" content=\"2013-02-22T22:15:33+00:00\" \/>\n<meta property=\"article:modified_time\" content=\"2013-03-01T17:04:21+00:00\" \/>\n<meta property=\"og:image\" content=\"http:\/\/snn.imer.gob.mx\/laferia\/files\/2013\/02\/seminario1-300x57.png\" \/>\n<meta name=\"author\" content=\"La Feria\" \/>\n<meta name=\"twitter:card\" content=\"summary_large_image\" \/>\n<meta name=\"twitter:label1\" content=\"Escrito por\" \/>\n\t<meta name=\"twitter:data1\" content=\"La Feria\" \/>\n<script type=\"application\/ld+json\" class=\"yoast-schema-graph\">{\"@context\":\"https:\/\/schema.org\",\"@graph\":[{\"@type\":\"WebPage\",\"@id\":\"https:\/\/noticias.imer.mx\/laferia\/2013\/02\/22\/6o-seminario-internacional-de-educacion-integral\/\",\"url\":\"https:\/\/noticias.imer.mx\/laferia\/2013\/02\/22\/6o-seminario-internacional-de-educacion-integral\/\",\"name\":\"6\u00ba Seminario Internacional de Educaci\u00f3n Integral - La Feria, Carrusel Cultural\",\"isPartOf\":{\"@id\":\"https:\/\/noticias.imer.mx\/laferia\/#website\"},\"datePublished\":\"2013-02-22T22:15:33+00:00\",\"dateModified\":\"2013-03-01T17:04:21+00:00\",\"author\":{\"@id\":\"https:\/\/noticias.imer.mx\/laferia\/#\/schema\/person\/438ebaa433c79f71687928759130ec9f\"},\"breadcrumb\":{\"@id\":\"https:\/\/noticias.imer.mx\/laferia\/2013\/02\/22\/6o-seminario-internacional-de-educacion-integral\/#breadcrumb\"},\"inLanguage\":\"es\",\"potentialAction\":[{\"@type\":\"ReadAction\",\"target\":[\"https:\/\/noticias.imer.mx\/laferia\/2013\/02\/22\/6o-seminario-internacional-de-educacion-integral\/\"]}]},{\"@type\":\"BreadcrumbList\",\"@id\":\"https:\/\/noticias.imer.mx\/laferia\/2013\/02\/22\/6o-seminario-internacional-de-educacion-integral\/#breadcrumb\",\"itemListElement\":[{\"@type\":\"ListItem\",\"position\":1,\"name\":\"Home\",\"item\":\"https:\/\/noticias.imer.mx\/laferia\/\"},{\"@type\":\"ListItem\",\"position\":2,\"name\":\"6\u00ba Seminario Internacional de Educaci\u00f3n Integral\"}]},{\"@type\":\"WebSite\",\"@id\":\"https:\/\/noticias.imer.mx\/laferia\/#website\",\"url\":\"https:\/\/noticias.imer.mx\/laferia\/\",\"name\":\"La Feria, Carrusel Cultural\",\"description\":\"Instituto Mexicano de la Radio\",\"potentialAction\":[{\"@type\":\"SearchAction\",\"target\":{\"@type\":\"EntryPoint\",\"urlTemplate\":\"https:\/\/noticias.imer.mx\/laferia\/?s={search_term_string}\"},\"query-input\":\"required name=search_term_string\"}],\"inLanguage\":\"es\"},{\"@type\":\"Person\",\"@id\":\"https:\/\/noticias.imer.mx\/laferia\/#\/schema\/person\/438ebaa433c79f71687928759130ec9f\",\"name\":\"La Feria\",\"image\":{\"@type\":\"ImageObject\",\"inLanguage\":\"es\",\"@id\":\"https:\/\/noticias.imer.mx\/laferia\/#\/schema\/person\/image\/\",\"url\":\"https:\/\/secure.gravatar.com\/avatar\/69100f68fb4d3a06d1ff6b6cb5310157?s=96&d=mm&r=g\",\"contentUrl\":\"https:\/\/secure.gravatar.com\/avatar\/69100f68fb4d3a06d1ff6b6cb5310157?s=96&d=mm&r=g\",\"caption\":\"La Feria\"},\"description\":\"La Feria Carrusel Cultural, es un noticiario que alienta la participaci\u00f3n ciudadana y presenta informaci\u00f3n cultural y cient\u00edfica, de coyuntura, de M\u00e9xico y el mundo. En media hora puede conocer la cartelera cultural y escuchar, en voz de especialistas, entrevistas, asuntos especiales y mesas de an\u00e1lisis. Conducido por Juan Carlos Vald\u00e9s, La Feria Carrusel Cultural, se transmite todos los martes y jueves, de 15:00 a 15:30 horas por Horizonte, en el 107.9 de FM.\",\"url\":\"https:\/\/noticias.imer.mx\/laferia\/author\/laferia\/\"}]}<\/script>\n<!-- \/ Yoast SEO plugin. -->","yoast_head_json":{"title":"6\u00ba Seminario Internacional de Educaci\u00f3n Integral - La Feria, Carrusel Cultural","robots":{"index":"index","follow":"follow","max-snippet":"max-snippet:-1","max-image-preview":"max-image-preview:large","max-video-preview":"max-video-preview:-1"},"canonical":"https:\/\/noticias.imer.mx\/laferia\/2013\/02\/22\/6o-seminario-internacional-de-educacion-integral\/","og_locale":"es_ES","og_type":"article","og_title":"6\u00ba Seminario Internacional de Educaci\u00f3n Integral - La Feria, Carrusel Cultural","og_description":"La pol\u00edtica de evaluar a docentes y alumnos provoca cambios culturales y organizacionales, que ser\u00e1n analizados en el 6\u00ba Seminario Internacional de Educaci\u00f3n Integral. Tema al que dedicamos la mesa de an\u00e1lisis de La feria. \u00a0Entrevista con\u00a0Cecilia Espinosa, Gerente de Contenidos y Servicios Educativos de Editorial SM y coordinadora de Talleres.\u00a0Seminario Internacional de Educaci\u00f3n Integral","og_url":"https:\/\/noticias.imer.mx\/laferia\/2013\/02\/22\/6o-seminario-internacional-de-educacion-integral\/","og_site_name":"La Feria, Carrusel Cultural","article_published_time":"2013-02-22T22:15:33+00:00","article_modified_time":"2013-03-01T17:04:21+00:00","og_image":[{"url":"http:\/\/snn.imer.gob.mx\/laferia\/files\/2013\/02\/seminario1-300x57.png"}],"author":"La Feria","twitter_card":"summary_large_image","twitter_misc":{"Escrito por":"La Feria"},"schema":{"@context":"https:\/\/schema.org","@graph":[{"@type":"WebPage","@id":"https:\/\/noticias.imer.mx\/laferia\/2013\/02\/22\/6o-seminario-internacional-de-educacion-integral\/","url":"https:\/\/noticias.imer.mx\/laferia\/2013\/02\/22\/6o-seminario-internacional-de-educacion-integral\/","name":"6\u00ba Seminario Internacional de Educaci\u00f3n Integral - La Feria, Carrusel Cultural","isPartOf":{"@id":"https:\/\/noticias.imer.mx\/laferia\/#website"},"datePublished":"2013-02-22T22:15:33+00:00","dateModified":"2013-03-01T17:04:21+00:00","author":{"@id":"https:\/\/noticias.imer.mx\/laferia\/#\/schema\/person\/438ebaa433c79f71687928759130ec9f"},"breadcrumb":{"@id":"https:\/\/noticias.imer.mx\/laferia\/2013\/02\/22\/6o-seminario-internacional-de-educacion-integral\/#breadcrumb"},"inLanguage":"es","potentialAction":[{"@type":"ReadAction","target":["https:\/\/noticias.imer.mx\/laferia\/2013\/02\/22\/6o-seminario-internacional-de-educacion-integral\/"]}]},{"@type":"BreadcrumbList","@id":"https:\/\/noticias.imer.mx\/laferia\/2013\/02\/22\/6o-seminario-internacional-de-educacion-integral\/#breadcrumb","itemListElement":[{"@type":"ListItem","position":1,"name":"Home","item":"https:\/\/noticias.imer.mx\/laferia\/"},{"@type":"ListItem","position":2,"name":"6\u00ba Seminario Internacional de Educaci\u00f3n Integral"}]},{"@type":"WebSite","@id":"https:\/\/noticias.imer.mx\/laferia\/#website","url":"https:\/\/noticias.imer.mx\/laferia\/","name":"La Feria, Carrusel Cultural","description":"Instituto Mexicano de la Radio","potentialAction":[{"@type":"SearchAction","target":{"@type":"EntryPoint","urlTemplate":"https:\/\/noticias.imer.mx\/laferia\/?s={search_term_string}"},"query-input":"required name=search_term_string"}],"inLanguage":"es"},{"@type":"Person","@id":"https:\/\/noticias.imer.mx\/laferia\/#\/schema\/person\/438ebaa433c79f71687928759130ec9f","name":"La Feria","image":{"@type":"ImageObject","inLanguage":"es","@id":"https:\/\/noticias.imer.mx\/laferia\/#\/schema\/person\/image\/","url":"https:\/\/secure.gravatar.com\/avatar\/69100f68fb4d3a06d1ff6b6cb5310157?s=96&d=mm&r=g","contentUrl":"https:\/\/secure.gravatar.com\/avatar\/69100f68fb4d3a06d1ff6b6cb5310157?s=96&d=mm&r=g","caption":"La Feria"},"description":"La Feria Carrusel Cultural, es un noticiario que alienta la participaci\u00f3n ciudadana y presenta informaci\u00f3n cultural y cient\u00edfica, de coyuntura, de M\u00e9xico y el mundo. En media hora puede conocer la cartelera cultural y escuchar, en voz de especialistas, entrevistas, asuntos especiales y mesas de an\u00e1lisis. Conducido por Juan Carlos Vald\u00e9s, La Feria Carrusel Cultural, se transmite todos los martes y jueves, de 15:00 a 15:30 horas por Horizonte, en el 107.9 de FM.","url":"https:\/\/noticias.imer.mx\/laferia\/author\/laferia\/"}]}},"_links":{"self":[{"href":"https:\/\/noticias.imer.mx\/laferia\/wp-json\/wp\/v2\/posts\/16352"}],"collection":[{"href":"https:\/\/noticias.imer.mx\/laferia\/wp-json\/wp\/v2\/posts"}],"about":[{"href":"https:\/\/noticias.imer.mx\/laferia\/wp-json\/wp\/v2\/types\/post"}],"author":[{"embeddable":true,"href":"https:\/\/noticias.imer.mx\/laferia\/wp-json\/wp\/v2\/users\/12"}],"replies":[{"embeddable":true,"href":"https:\/\/noticias.imer.mx\/laferia\/wp-json\/wp\/v2\/comments?post=16352"}],"version-history":[{"count":2,"href":"https:\/\/noticias.imer.mx\/laferia\/wp-json\/wp\/v2\/posts\/16352\/revisions"}],"predecessor-version":[{"id":16395,"href":"https:\/\/noticias.imer.mx\/laferia\/wp-json\/wp\/v2\/posts\/16352\/revisions\/16395"}],"wp:attachment":[{"href":"https:\/\/noticias.imer.mx\/laferia\/wp-json\/wp\/v2\/media?parent=16352"}],"wp:term":[{"taxonomy":"category","embeddable":true,"href":"https:\/\/noticias.imer.mx\/laferia\/wp-json\/wp\/v2\/categories?post=16352"},{"taxonomy":"post_tag","embeddable":true,"href":"https:\/\/noticias.imer.mx\/laferia\/wp-json\/wp\/v2\/tags?post=16352"}],"curies":[{"name":"wp","href":"https:\/\/api.w.org\/{rel}","templated":true}]}}