{"id":16341,"date":"2013-02-22T14:36:59","date_gmt":"2013-02-22T20:36:59","guid":{"rendered":"http:\/\/www.blogs.imer.gob.mx\/laferia\/?p=16341"},"modified":"2013-03-01T11:05:56","modified_gmt":"2013-03-01T17:05:56","slug":"el-foro-mexicano-para-el-cine-nuevo","status":"publish","type":"post","link":"https:\/\/noticias.imer.mx\/laferia\/2013\/02\/22\/el-foro-mexicano-para-el-cine-nuevo\/","title":{"rendered":"El Foro Mexicano para el Cine Nuevo"},"content":{"rendered":"<p><b><a href=\"http:\/\/snn.imer.gob.mx\/laferia\/files\/2013\/02\/novel.jpg\"><img decoding=\"async\" loading=\"lazy\" class=\"alignnone size-thumbnail wp-image-16343\" alt=\"novel\" src=\"http:\/\/snn.imer.gob.mx\/laferia\/files\/2013\/02\/novel-150x150.jpg\" width=\"150\" height=\"150\" \/><\/a><\/b><\/p>\n<p><b><span style=\"color: #000000\">El Foro Mexicano para el Cine Nuevo<\/span><\/b><span style=\"color: #000000\"> buscar\u00e1, en todas sus vertientes, apoyar al cine nacional, que es cada vez m\u00e1s escaso, desde la conformaci\u00f3n de festivales con car\u00e1cter internacional, se\u00f1al\u00f3 su director <b>Alejandro Ram\u00edrez. <\/b>Informaci\u00f3n Amelia Rojas.<b> \u00a0<\/b><\/span><a href=\"http:\/\/snn.imer.gob.mx\/laferia\/files\/2013\/02\/El-Foro-Mexicano-para-el-Cine-Nuevo.mp3\">El Foro Mexicano para el Cine Nuevo<\/a><\/p>\n","protected":false},"excerpt":{"rendered":"<p>El Foro Mexicano para el Cine Nuevo buscar\u00e1, en todas sus vertientes, apoyar al cine nacional, que es cada vez m\u00e1s escaso, desde la conformaci\u00f3n de festivales con car\u00e1cter internacional, se\u00f1al\u00f3 su director Alejandro Ram\u00edrez. Informaci\u00f3n Amelia Rojas. \u00a0El Foro Mexicano para el Cine Nuevo<\/p>\n","protected":false},"author":12,"featured_media":0,"comment_status":"open","ping_status":"open","sticky":false,"template":"","format":"standard","meta":{"wp_popup_display_lightbox":0,"wp_popup_suppress":"","wp_popup_trigger":"","wp_popup_trigger_amount":0,"wp_popup_disable_on_mobile":false},"categories":[1],"tags":[],"yoast_head":"<!-- This site is optimized with the Yoast SEO plugin v21.0 - https:\/\/yoast.com\/wordpress\/plugins\/seo\/ -->\n<title>El Foro Mexicano para el Cine Nuevo - La Feria, Carrusel Cultural<\/title>\n<meta name=\"robots\" content=\"index, follow, max-snippet:-1, max-image-preview:large, max-video-preview:-1\" \/>\n<link rel=\"canonical\" href=\"https:\/\/noticias.imer.mx\/laferia\/2013\/02\/22\/el-foro-mexicano-para-el-cine-nuevo\/\" \/>\n<meta property=\"og:locale\" content=\"es_ES\" \/>\n<meta property=\"og:type\" content=\"article\" \/>\n<meta property=\"og:title\" content=\"El Foro Mexicano para el Cine Nuevo - La Feria, Carrusel Cultural\" \/>\n<meta property=\"og:description\" content=\"El Foro Mexicano para el Cine Nuevo buscar\u00e1, en todas sus vertientes, apoyar al cine nacional, que es cada vez m\u00e1s escaso, desde la conformaci\u00f3n de festivales con car\u00e1cter internacional, se\u00f1al\u00f3 su director Alejandro Ram\u00edrez. Informaci\u00f3n Amelia Rojas. \u00a0El Foro Mexicano para el Cine Nuevo\" \/>\n<meta property=\"og:url\" content=\"https:\/\/noticias.imer.mx\/laferia\/2013\/02\/22\/el-foro-mexicano-para-el-cine-nuevo\/\" \/>\n<meta property=\"og:site_name\" content=\"La Feria, Carrusel Cultural\" \/>\n<meta property=\"article:published_time\" content=\"2013-02-22T20:36:59+00:00\" \/>\n<meta property=\"article:modified_time\" content=\"2013-03-01T17:05:56+00:00\" \/>\n<meta property=\"og:image\" content=\"http:\/\/snn.imer.gob.mx\/laferia\/files\/2013\/02\/novel-150x150.jpg\" \/>\n<meta name=\"author\" content=\"La Feria\" \/>\n<meta name=\"twitter:card\" content=\"summary_large_image\" \/>\n<meta name=\"twitter:label1\" content=\"Escrito por\" \/>\n\t<meta name=\"twitter:data1\" content=\"La Feria\" \/>\n<script type=\"application\/ld+json\" class=\"yoast-schema-graph\">{\"@context\":\"https:\/\/schema.org\",\"@graph\":[{\"@type\":\"WebPage\",\"@id\":\"https:\/\/noticias.imer.mx\/laferia\/2013\/02\/22\/el-foro-mexicano-para-el-cine-nuevo\/\",\"url\":\"https:\/\/noticias.imer.mx\/laferia\/2013\/02\/22\/el-foro-mexicano-para-el-cine-nuevo\/\",\"name\":\"El Foro Mexicano para el Cine Nuevo - La Feria, Carrusel Cultural\",\"isPartOf\":{\"@id\":\"https:\/\/noticias.imer.mx\/laferia\/#website\"},\"datePublished\":\"2013-02-22T20:36:59+00:00\",\"dateModified\":\"2013-03-01T17:05:56+00:00\",\"author\":{\"@id\":\"https:\/\/noticias.imer.mx\/laferia\/#\/schema\/person\/438ebaa433c79f71687928759130ec9f\"},\"breadcrumb\":{\"@id\":\"https:\/\/noticias.imer.mx\/laferia\/2013\/02\/22\/el-foro-mexicano-para-el-cine-nuevo\/#breadcrumb\"},\"inLanguage\":\"es\",\"potentialAction\":[{\"@type\":\"ReadAction\",\"target\":[\"https:\/\/noticias.imer.mx\/laferia\/2013\/02\/22\/el-foro-mexicano-para-el-cine-nuevo\/\"]}]},{\"@type\":\"BreadcrumbList\",\"@id\":\"https:\/\/noticias.imer.mx\/laferia\/2013\/02\/22\/el-foro-mexicano-para-el-cine-nuevo\/#breadcrumb\",\"itemListElement\":[{\"@type\":\"ListItem\",\"position\":1,\"name\":\"Home\",\"item\":\"https:\/\/noticias.imer.mx\/laferia\/\"},{\"@type\":\"ListItem\",\"position\":2,\"name\":\"El Foro Mexicano para el Cine Nuevo\"}]},{\"@type\":\"WebSite\",\"@id\":\"https:\/\/noticias.imer.mx\/laferia\/#website\",\"url\":\"https:\/\/noticias.imer.mx\/laferia\/\",\"name\":\"La Feria, Carrusel Cultural\",\"description\":\"Instituto Mexicano de la Radio\",\"potentialAction\":[{\"@type\":\"SearchAction\",\"target\":{\"@type\":\"EntryPoint\",\"urlTemplate\":\"https:\/\/noticias.imer.mx\/laferia\/?s={search_term_string}\"},\"query-input\":\"required name=search_term_string\"}],\"inLanguage\":\"es\"},{\"@type\":\"Person\",\"@id\":\"https:\/\/noticias.imer.mx\/laferia\/#\/schema\/person\/438ebaa433c79f71687928759130ec9f\",\"name\":\"La Feria\",\"image\":{\"@type\":\"ImageObject\",\"inLanguage\":\"es\",\"@id\":\"https:\/\/noticias.imer.mx\/laferia\/#\/schema\/person\/image\/\",\"url\":\"https:\/\/secure.gravatar.com\/avatar\/69100f68fb4d3a06d1ff6b6cb5310157?s=96&d=mm&r=g\",\"contentUrl\":\"https:\/\/secure.gravatar.com\/avatar\/69100f68fb4d3a06d1ff6b6cb5310157?s=96&d=mm&r=g\",\"caption\":\"La Feria\"},\"description\":\"La Feria Carrusel Cultural, es un noticiario que alienta la participaci\u00f3n ciudadana y presenta informaci\u00f3n cultural y cient\u00edfica, de coyuntura, de M\u00e9xico y el mundo. En media hora puede conocer la cartelera cultural y escuchar, en voz de especialistas, entrevistas, asuntos especiales y mesas de an\u00e1lisis. Conducido por Juan Carlos Vald\u00e9s, La Feria Carrusel Cultural, se transmite todos los martes y jueves, de 15:00 a 15:30 horas por Horizonte, en el 107.9 de FM.\",\"url\":\"https:\/\/noticias.imer.mx\/laferia\/author\/laferia\/\"}]}<\/script>\n<!-- \/ Yoast SEO plugin. -->","yoast_head_json":{"title":"El Foro Mexicano para el Cine Nuevo - La Feria, Carrusel Cultural","robots":{"index":"index","follow":"follow","max-snippet":"max-snippet:-1","max-image-preview":"max-image-preview:large","max-video-preview":"max-video-preview:-1"},"canonical":"https:\/\/noticias.imer.mx\/laferia\/2013\/02\/22\/el-foro-mexicano-para-el-cine-nuevo\/","og_locale":"es_ES","og_type":"article","og_title":"El Foro Mexicano para el Cine Nuevo - La Feria, Carrusel Cultural","og_description":"El Foro Mexicano para el Cine Nuevo buscar\u00e1, en todas sus vertientes, apoyar al cine nacional, que es cada vez m\u00e1s escaso, desde la conformaci\u00f3n de festivales con car\u00e1cter internacional, se\u00f1al\u00f3 su director Alejandro Ram\u00edrez. Informaci\u00f3n Amelia Rojas. \u00a0El Foro Mexicano para el Cine Nuevo","og_url":"https:\/\/noticias.imer.mx\/laferia\/2013\/02\/22\/el-foro-mexicano-para-el-cine-nuevo\/","og_site_name":"La Feria, Carrusel Cultural","article_published_time":"2013-02-22T20:36:59+00:00","article_modified_time":"2013-03-01T17:05:56+00:00","og_image":[{"url":"http:\/\/snn.imer.gob.mx\/laferia\/files\/2013\/02\/novel-150x150.jpg"}],"author":"La Feria","twitter_card":"summary_large_image","twitter_misc":{"Escrito por":"La Feria"},"schema":{"@context":"https:\/\/schema.org","@graph":[{"@type":"WebPage","@id":"https:\/\/noticias.imer.mx\/laferia\/2013\/02\/22\/el-foro-mexicano-para-el-cine-nuevo\/","url":"https:\/\/noticias.imer.mx\/laferia\/2013\/02\/22\/el-foro-mexicano-para-el-cine-nuevo\/","name":"El Foro Mexicano para el Cine Nuevo - La Feria, Carrusel Cultural","isPartOf":{"@id":"https:\/\/noticias.imer.mx\/laferia\/#website"},"datePublished":"2013-02-22T20:36:59+00:00","dateModified":"2013-03-01T17:05:56+00:00","author":{"@id":"https:\/\/noticias.imer.mx\/laferia\/#\/schema\/person\/438ebaa433c79f71687928759130ec9f"},"breadcrumb":{"@id":"https:\/\/noticias.imer.mx\/laferia\/2013\/02\/22\/el-foro-mexicano-para-el-cine-nuevo\/#breadcrumb"},"inLanguage":"es","potentialAction":[{"@type":"ReadAction","target":["https:\/\/noticias.imer.mx\/laferia\/2013\/02\/22\/el-foro-mexicano-para-el-cine-nuevo\/"]}]},{"@type":"BreadcrumbList","@id":"https:\/\/noticias.imer.mx\/laferia\/2013\/02\/22\/el-foro-mexicano-para-el-cine-nuevo\/#breadcrumb","itemListElement":[{"@type":"ListItem","position":1,"name":"Home","item":"https:\/\/noticias.imer.mx\/laferia\/"},{"@type":"ListItem","position":2,"name":"El Foro Mexicano para el Cine Nuevo"}]},{"@type":"WebSite","@id":"https:\/\/noticias.imer.mx\/laferia\/#website","url":"https:\/\/noticias.imer.mx\/laferia\/","name":"La Feria, Carrusel Cultural","description":"Instituto Mexicano de la Radio","potentialAction":[{"@type":"SearchAction","target":{"@type":"EntryPoint","urlTemplate":"https:\/\/noticias.imer.mx\/laferia\/?s={search_term_string}"},"query-input":"required name=search_term_string"}],"inLanguage":"es"},{"@type":"Person","@id":"https:\/\/noticias.imer.mx\/laferia\/#\/schema\/person\/438ebaa433c79f71687928759130ec9f","name":"La Feria","image":{"@type":"ImageObject","inLanguage":"es","@id":"https:\/\/noticias.imer.mx\/laferia\/#\/schema\/person\/image\/","url":"https:\/\/secure.gravatar.com\/avatar\/69100f68fb4d3a06d1ff6b6cb5310157?s=96&d=mm&r=g","contentUrl":"https:\/\/secure.gravatar.com\/avatar\/69100f68fb4d3a06d1ff6b6cb5310157?s=96&d=mm&r=g","caption":"La Feria"},"description":"La Feria Carrusel Cultural, es un noticiario que alienta la participaci\u00f3n ciudadana y presenta informaci\u00f3n cultural y cient\u00edfica, de coyuntura, de M\u00e9xico y el mundo. En media hora puede conocer la cartelera cultural y escuchar, en voz de especialistas, entrevistas, asuntos especiales y mesas de an\u00e1lisis. Conducido por Juan Carlos Vald\u00e9s, La Feria Carrusel Cultural, se transmite todos los martes y jueves, de 15:00 a 15:30 horas por Horizonte, en el 107.9 de FM.","url":"https:\/\/noticias.imer.mx\/laferia\/author\/laferia\/"}]}},"_links":{"self":[{"href":"https:\/\/noticias.imer.mx\/laferia\/wp-json\/wp\/v2\/posts\/16341"}],"collection":[{"href":"https:\/\/noticias.imer.mx\/laferia\/wp-json\/wp\/v2\/posts"}],"about":[{"href":"https:\/\/noticias.imer.mx\/laferia\/wp-json\/wp\/v2\/types\/post"}],"author":[{"embeddable":true,"href":"https:\/\/noticias.imer.mx\/laferia\/wp-json\/wp\/v2\/users\/12"}],"replies":[{"embeddable":true,"href":"https:\/\/noticias.imer.mx\/laferia\/wp-json\/wp\/v2\/comments?post=16341"}],"version-history":[{"count":3,"href":"https:\/\/noticias.imer.mx\/laferia\/wp-json\/wp\/v2\/posts\/16341\/revisions"}],"predecessor-version":[{"id":16396,"href":"https:\/\/noticias.imer.mx\/laferia\/wp-json\/wp\/v2\/posts\/16341\/revisions\/16396"}],"wp:attachment":[{"href":"https:\/\/noticias.imer.mx\/laferia\/wp-json\/wp\/v2\/media?parent=16341"}],"wp:term":[{"taxonomy":"category","embeddable":true,"href":"https:\/\/noticias.imer.mx\/laferia\/wp-json\/wp\/v2\/categories?post=16341"},{"taxonomy":"post_tag","embeddable":true,"href":"https:\/\/noticias.imer.mx\/laferia\/wp-json\/wp\/v2\/tags?post=16341"}],"curies":[{"name":"wp","href":"https:\/\/api.w.org\/{rel}","templated":true}]}}