{"id":16336,"date":"2013-02-22T14:32:33","date_gmt":"2013-02-22T20:32:33","guid":{"rendered":"http:\/\/www.blogs.imer.gob.mx\/laferia\/?p=16336"},"modified":"2013-03-01T11:06:49","modified_gmt":"2013-03-01T17:06:49","slug":"libro-tardaras-un-rato-en-morir","status":"publish","type":"post","link":"https:\/\/noticias.imer.mx\/laferia\/2013\/02\/22\/libro-tardaras-un-rato-en-morir\/","title":{"rendered":"Tardar\u00e1s un rato en morir"},"content":{"rendered":"<p><a href=\"http:\/\/snn.imer.gob.mx\/laferia\/files\/2013\/02\/Tardar\u00e1s-un-rato-en-morir.jpg\"><img decoding=\"async\" loading=\"lazy\" class=\"alignnone size-thumbnail wp-image-16338\" alt=\"Tardar\u00e1s un rato en morir\" src=\"http:\/\/snn.imer.gob.mx\/laferia\/files\/2013\/02\/Tardar\u00e1s-un-rato-en-morir-150x150.jpg\" width=\"150\" height=\"150\" \/><\/a><\/p>\n<p><span style=\"color: #000000\">Una reflexi\u00f3n sobre la inclinaci\u00f3n de la naturaleza humana para infringir dolor al pr\u00f3jimo, propone el escritor espa\u00f1ol <b>Imanol Caneyeda<\/b><\/span> <span style=\"color: #000000\">en el libro: <b>\u201cTardar\u00e1s un rato en morir<\/b>\u201d<\/span>.Informaci\u00f3n Juan Carlos Vald\u00e9s.\u00a0<a href=\"http:\/\/snn.imer.gob.mx\/laferia\/files\/2013\/02\/Imanol-Caneyeda.mp3\">Imanol Caneyeda<\/a><\/p>\n<p>&nbsp;<\/p>\n","protected":false},"excerpt":{"rendered":"<p>Una reflexi\u00f3n sobre la inclinaci\u00f3n de la naturaleza humana para infringir dolor al pr\u00f3jimo, propone el escritor espa\u00f1ol Imanol Caneyeda en el libro: \u201cTardar\u00e1s un rato en morir\u201d.Informaci\u00f3n Juan Carlos Vald\u00e9s.\u00a0Imanol Caneyeda &nbsp;<\/p>\n","protected":false},"author":12,"featured_media":0,"comment_status":"open","ping_status":"open","sticky":false,"template":"","format":"standard","meta":{"wp_popup_display_lightbox":0,"wp_popup_suppress":"","wp_popup_trigger":"","wp_popup_trigger_amount":0,"wp_popup_disable_on_mobile":false},"categories":[1],"tags":[],"yoast_head":"<!-- This site is optimized with the Yoast SEO plugin v21.0 - https:\/\/yoast.com\/wordpress\/plugins\/seo\/ -->\n<title>Tardar\u00e1s un rato en morir - La Feria, Carrusel Cultural<\/title>\n<meta name=\"robots\" content=\"index, follow, max-snippet:-1, max-image-preview:large, max-video-preview:-1\" \/>\n<link rel=\"canonical\" href=\"https:\/\/noticias.imer.mx\/laferia\/2013\/02\/22\/libro-tardaras-un-rato-en-morir\/\" \/>\n<meta property=\"og:locale\" content=\"es_ES\" \/>\n<meta property=\"og:type\" content=\"article\" \/>\n<meta property=\"og:title\" content=\"Tardar\u00e1s un rato en morir - La Feria, Carrusel Cultural\" \/>\n<meta property=\"og:description\" content=\"Una reflexi\u00f3n sobre la inclinaci\u00f3n de la naturaleza humana para infringir dolor al pr\u00f3jimo, propone el escritor espa\u00f1ol Imanol Caneyeda en el libro: \u201cTardar\u00e1s un rato en morir\u201d.Informaci\u00f3n Juan Carlos Vald\u00e9s.\u00a0Imanol Caneyeda &nbsp;\" \/>\n<meta property=\"og:url\" content=\"https:\/\/noticias.imer.mx\/laferia\/2013\/02\/22\/libro-tardaras-un-rato-en-morir\/\" \/>\n<meta property=\"og:site_name\" content=\"La Feria, Carrusel Cultural\" \/>\n<meta property=\"article:published_time\" content=\"2013-02-22T20:32:33+00:00\" \/>\n<meta property=\"article:modified_time\" content=\"2013-03-01T17:06:49+00:00\" \/>\n<meta name=\"author\" content=\"La Feria\" \/>\n<meta name=\"twitter:card\" content=\"summary_large_image\" \/>\n<meta name=\"twitter:label1\" content=\"Escrito por\" \/>\n\t<meta name=\"twitter:data1\" content=\"La Feria\" \/>\n<script type=\"application\/ld+json\" class=\"yoast-schema-graph\">{\"@context\":\"https:\/\/schema.org\",\"@graph\":[{\"@type\":\"WebPage\",\"@id\":\"https:\/\/noticias.imer.mx\/laferia\/2013\/02\/22\/libro-tardaras-un-rato-en-morir\/\",\"url\":\"https:\/\/noticias.imer.mx\/laferia\/2013\/02\/22\/libro-tardaras-un-rato-en-morir\/\",\"name\":\"Tardar\u00e1s un rato en morir - La Feria, Carrusel Cultural\",\"isPartOf\":{\"@id\":\"https:\/\/noticias.imer.mx\/laferia\/#website\"},\"datePublished\":\"2013-02-22T20:32:33+00:00\",\"dateModified\":\"2013-03-01T17:06:49+00:00\",\"author\":{\"@id\":\"https:\/\/noticias.imer.mx\/laferia\/#\/schema\/person\/438ebaa433c79f71687928759130ec9f\"},\"breadcrumb\":{\"@id\":\"https:\/\/noticias.imer.mx\/laferia\/2013\/02\/22\/libro-tardaras-un-rato-en-morir\/#breadcrumb\"},\"inLanguage\":\"es\",\"potentialAction\":[{\"@type\":\"ReadAction\",\"target\":[\"https:\/\/noticias.imer.mx\/laferia\/2013\/02\/22\/libro-tardaras-un-rato-en-morir\/\"]}]},{\"@type\":\"BreadcrumbList\",\"@id\":\"https:\/\/noticias.imer.mx\/laferia\/2013\/02\/22\/libro-tardaras-un-rato-en-morir\/#breadcrumb\",\"itemListElement\":[{\"@type\":\"ListItem\",\"position\":1,\"name\":\"Home\",\"item\":\"https:\/\/noticias.imer.mx\/laferia\/\"},{\"@type\":\"ListItem\",\"position\":2,\"name\":\"Tardar\u00e1s un rato en morir\"}]},{\"@type\":\"WebSite\",\"@id\":\"https:\/\/noticias.imer.mx\/laferia\/#website\",\"url\":\"https:\/\/noticias.imer.mx\/laferia\/\",\"name\":\"La Feria, Carrusel Cultural\",\"description\":\"Instituto Mexicano de la Radio\",\"potentialAction\":[{\"@type\":\"SearchAction\",\"target\":{\"@type\":\"EntryPoint\",\"urlTemplate\":\"https:\/\/noticias.imer.mx\/laferia\/?s={search_term_string}\"},\"query-input\":\"required name=search_term_string\"}],\"inLanguage\":\"es\"},{\"@type\":\"Person\",\"@id\":\"https:\/\/noticias.imer.mx\/laferia\/#\/schema\/person\/438ebaa433c79f71687928759130ec9f\",\"name\":\"La Feria\",\"image\":{\"@type\":\"ImageObject\",\"inLanguage\":\"es\",\"@id\":\"https:\/\/noticias.imer.mx\/laferia\/#\/schema\/person\/image\/\",\"url\":\"https:\/\/secure.gravatar.com\/avatar\/69100f68fb4d3a06d1ff6b6cb5310157?s=96&d=mm&r=g\",\"contentUrl\":\"https:\/\/secure.gravatar.com\/avatar\/69100f68fb4d3a06d1ff6b6cb5310157?s=96&d=mm&r=g\",\"caption\":\"La Feria\"},\"description\":\"La Feria Carrusel Cultural, es un noticiario que alienta la participaci\u00f3n ciudadana y presenta informaci\u00f3n cultural y cient\u00edfica, de coyuntura, de M\u00e9xico y el mundo. En media hora puede conocer la cartelera cultural y escuchar, en voz de especialistas, entrevistas, asuntos especiales y mesas de an\u00e1lisis. Conducido por Juan Carlos Vald\u00e9s, La Feria Carrusel Cultural, se transmite todos los martes y jueves, de 15:00 a 15:30 horas por Horizonte, en el 107.9 de FM.\",\"url\":\"https:\/\/noticias.imer.mx\/laferia\/author\/laferia\/\"}]}<\/script>\n<!-- \/ Yoast SEO plugin. -->","yoast_head_json":{"title":"Tardar\u00e1s un rato en morir - La Feria, Carrusel Cultural","robots":{"index":"index","follow":"follow","max-snippet":"max-snippet:-1","max-image-preview":"max-image-preview:large","max-video-preview":"max-video-preview:-1"},"canonical":"https:\/\/noticias.imer.mx\/laferia\/2013\/02\/22\/libro-tardaras-un-rato-en-morir\/","og_locale":"es_ES","og_type":"article","og_title":"Tardar\u00e1s un rato en morir - La Feria, Carrusel Cultural","og_description":"Una reflexi\u00f3n sobre la inclinaci\u00f3n de la naturaleza humana para infringir dolor al pr\u00f3jimo, propone el escritor espa\u00f1ol Imanol Caneyeda en el libro: \u201cTardar\u00e1s un rato en morir\u201d.Informaci\u00f3n Juan Carlos Vald\u00e9s.\u00a0Imanol Caneyeda &nbsp;","og_url":"https:\/\/noticias.imer.mx\/laferia\/2013\/02\/22\/libro-tardaras-un-rato-en-morir\/","og_site_name":"La Feria, Carrusel Cultural","article_published_time":"2013-02-22T20:32:33+00:00","article_modified_time":"2013-03-01T17:06:49+00:00","author":"La Feria","twitter_card":"summary_large_image","twitter_misc":{"Escrito por":"La Feria"},"schema":{"@context":"https:\/\/schema.org","@graph":[{"@type":"WebPage","@id":"https:\/\/noticias.imer.mx\/laferia\/2013\/02\/22\/libro-tardaras-un-rato-en-morir\/","url":"https:\/\/noticias.imer.mx\/laferia\/2013\/02\/22\/libro-tardaras-un-rato-en-morir\/","name":"Tardar\u00e1s un rato en morir - La Feria, Carrusel Cultural","isPartOf":{"@id":"https:\/\/noticias.imer.mx\/laferia\/#website"},"datePublished":"2013-02-22T20:32:33+00:00","dateModified":"2013-03-01T17:06:49+00:00","author":{"@id":"https:\/\/noticias.imer.mx\/laferia\/#\/schema\/person\/438ebaa433c79f71687928759130ec9f"},"breadcrumb":{"@id":"https:\/\/noticias.imer.mx\/laferia\/2013\/02\/22\/libro-tardaras-un-rato-en-morir\/#breadcrumb"},"inLanguage":"es","potentialAction":[{"@type":"ReadAction","target":["https:\/\/noticias.imer.mx\/laferia\/2013\/02\/22\/libro-tardaras-un-rato-en-morir\/"]}]},{"@type":"BreadcrumbList","@id":"https:\/\/noticias.imer.mx\/laferia\/2013\/02\/22\/libro-tardaras-un-rato-en-morir\/#breadcrumb","itemListElement":[{"@type":"ListItem","position":1,"name":"Home","item":"https:\/\/noticias.imer.mx\/laferia\/"},{"@type":"ListItem","position":2,"name":"Tardar\u00e1s un rato en morir"}]},{"@type":"WebSite","@id":"https:\/\/noticias.imer.mx\/laferia\/#website","url":"https:\/\/noticias.imer.mx\/laferia\/","name":"La Feria, Carrusel Cultural","description":"Instituto Mexicano de la Radio","potentialAction":[{"@type":"SearchAction","target":{"@type":"EntryPoint","urlTemplate":"https:\/\/noticias.imer.mx\/laferia\/?s={search_term_string}"},"query-input":"required name=search_term_string"}],"inLanguage":"es"},{"@type":"Person","@id":"https:\/\/noticias.imer.mx\/laferia\/#\/schema\/person\/438ebaa433c79f71687928759130ec9f","name":"La Feria","image":{"@type":"ImageObject","inLanguage":"es","@id":"https:\/\/noticias.imer.mx\/laferia\/#\/schema\/person\/image\/","url":"https:\/\/secure.gravatar.com\/avatar\/69100f68fb4d3a06d1ff6b6cb5310157?s=96&d=mm&r=g","contentUrl":"https:\/\/secure.gravatar.com\/avatar\/69100f68fb4d3a06d1ff6b6cb5310157?s=96&d=mm&r=g","caption":"La Feria"},"description":"La Feria Carrusel Cultural, es un noticiario que alienta la participaci\u00f3n ciudadana y presenta informaci\u00f3n cultural y cient\u00edfica, de coyuntura, de M\u00e9xico y el mundo. En media hora puede conocer la cartelera cultural y escuchar, en voz de especialistas, entrevistas, asuntos especiales y mesas de an\u00e1lisis. Conducido por Juan Carlos Vald\u00e9s, La Feria Carrusel Cultural, se transmite todos los martes y jueves, de 15:00 a 15:30 horas por Horizonte, en el 107.9 de FM.","url":"https:\/\/noticias.imer.mx\/laferia\/author\/laferia\/"}]}},"_links":{"self":[{"href":"https:\/\/noticias.imer.mx\/laferia\/wp-json\/wp\/v2\/posts\/16336"}],"collection":[{"href":"https:\/\/noticias.imer.mx\/laferia\/wp-json\/wp\/v2\/posts"}],"about":[{"href":"https:\/\/noticias.imer.mx\/laferia\/wp-json\/wp\/v2\/types\/post"}],"author":[{"embeddable":true,"href":"https:\/\/noticias.imer.mx\/laferia\/wp-json\/wp\/v2\/users\/12"}],"replies":[{"embeddable":true,"href":"https:\/\/noticias.imer.mx\/laferia\/wp-json\/wp\/v2\/comments?post=16336"}],"version-history":[{"count":2,"href":"https:\/\/noticias.imer.mx\/laferia\/wp-json\/wp\/v2\/posts\/16336\/revisions"}],"predecessor-version":[{"id":16398,"href":"https:\/\/noticias.imer.mx\/laferia\/wp-json\/wp\/v2\/posts\/16336\/revisions\/16398"}],"wp:attachment":[{"href":"https:\/\/noticias.imer.mx\/laferia\/wp-json\/wp\/v2\/media?parent=16336"}],"wp:term":[{"taxonomy":"category","embeddable":true,"href":"https:\/\/noticias.imer.mx\/laferia\/wp-json\/wp\/v2\/categories?post=16336"},{"taxonomy":"post_tag","embeddable":true,"href":"https:\/\/noticias.imer.mx\/laferia\/wp-json\/wp\/v2\/tags?post=16336"}],"curies":[{"name":"wp","href":"https:\/\/api.w.org\/{rel}","templated":true}]}}