{"id":15573,"date":"2012-12-14T13:29:12","date_gmt":"2012-12-14T19:29:12","guid":{"rendered":"http:\/\/www.blogs.imer.gob.mx\/laferia\/?p=15573"},"modified":"2012-12-29T00:51:51","modified_gmt":"2012-12-29T06:51:51","slug":"hector-garcia-visualidades-inesperadas","status":"publish","type":"post","link":"https:\/\/noticias.imer.mx\/laferia\/2012\/12\/14\/hector-garcia-visualidades-inesperadas\/","title":{"rendered":"H\u00e9ctor Garc\u00eda, Visualidades inesperadas."},"content":{"rendered":"<p><a href=\"http:\/\/snn.imer.gob.mx\/laferia\/files\/2012\/12\/H\u00e9ctor-Garc\u00eda.jpg\"><img decoding=\"async\" loading=\"lazy\" class=\"alignnone  wp-image-15574\" src=\"http:\/\/snn.imer.gob.mx\/laferia\/files\/2012\/12\/H\u00e9ctor-Garc\u00eda.jpg\" alt=\"\" width=\"119\" height=\"71\" \/><\/a><span style=\"color: #000000\">Con la exposici\u00f3n <strong><em>H\u00e9ctor Garc\u00eda. Visualidades inesperadas<\/em><\/strong><em>, <\/em>\u00a0el <strong>Museo de Arte Moderno<\/strong> rinde homenaje p\u00f3stumo al fotoperiodista que desarroll\u00f3 uno de los registros de historia m\u00e1s abundantes en la fotograf\u00eda sobre M\u00e9xico a partir de la d\u00e9cada de 1940<\/span>. Informaci\u00f3n Amelia Rojas\u00a0<a href=\"http:\/\/snn.imer.gob.mx\/laferia\/files\/2012\/12\/H\u00e9ctor-Garc\u00eda.mp3\">H\u00e9ctor Garc\u00eda<\/a><\/p>\n","protected":false},"excerpt":{"rendered":"<p>Con la exposici\u00f3n H\u00e9ctor Garc\u00eda. Visualidades inesperadas, \u00a0el Museo de Arte Moderno rinde homenaje p\u00f3stumo al fotoperiodista que desarroll\u00f3 uno de los registros de historia m\u00e1s abundantes en la fotograf\u00eda sobre M\u00e9xico a partir de la d\u00e9cada de 1940. Informaci\u00f3n Amelia Rojas\u00a0H\u00e9ctor Garc\u00eda<\/p>\n","protected":false},"author":12,"featured_media":0,"comment_status":"open","ping_status":"open","sticky":false,"template":"","format":"standard","meta":{"wp_popup_display_lightbox":0,"wp_popup_suppress":"","wp_popup_trigger":"","wp_popup_trigger_amount":0,"wp_popup_disable_on_mobile":false},"categories":[1],"tags":[],"yoast_head":"<!-- This site is optimized with the Yoast SEO plugin v21.0 - https:\/\/yoast.com\/wordpress\/plugins\/seo\/ -->\n<title>H\u00e9ctor Garc\u00eda, Visualidades inesperadas. - La Feria, Carrusel Cultural<\/title>\n<meta name=\"robots\" content=\"index, follow, max-snippet:-1, max-image-preview:large, max-video-preview:-1\" \/>\n<link rel=\"canonical\" href=\"https:\/\/noticias.imer.mx\/laferia\/2012\/12\/14\/hector-garcia-visualidades-inesperadas\/\" \/>\n<meta property=\"og:locale\" content=\"es_ES\" \/>\n<meta property=\"og:type\" content=\"article\" \/>\n<meta property=\"og:title\" content=\"H\u00e9ctor Garc\u00eda, Visualidades inesperadas. - La Feria, Carrusel Cultural\" \/>\n<meta property=\"og:description\" content=\"Con la exposici\u00f3n H\u00e9ctor Garc\u00eda. Visualidades inesperadas, \u00a0el Museo de Arte Moderno rinde homenaje p\u00f3stumo al fotoperiodista que desarroll\u00f3 uno de los registros de historia m\u00e1s abundantes en la fotograf\u00eda sobre M\u00e9xico a partir de la d\u00e9cada de 1940. Informaci\u00f3n Amelia Rojas\u00a0H\u00e9ctor Garc\u00eda\" \/>\n<meta property=\"og:url\" content=\"https:\/\/noticias.imer.mx\/laferia\/2012\/12\/14\/hector-garcia-visualidades-inesperadas\/\" \/>\n<meta property=\"og:site_name\" content=\"La Feria, Carrusel Cultural\" \/>\n<meta property=\"article:published_time\" content=\"2012-12-14T19:29:12+00:00\" \/>\n<meta property=\"article:modified_time\" content=\"2012-12-29T06:51:51+00:00\" \/>\n<meta name=\"author\" content=\"La Feria\" \/>\n<meta name=\"twitter:card\" content=\"summary_large_image\" \/>\n<meta name=\"twitter:label1\" content=\"Escrito por\" \/>\n\t<meta name=\"twitter:data1\" content=\"La Feria\" \/>\n<script type=\"application\/ld+json\" class=\"yoast-schema-graph\">{\"@context\":\"https:\/\/schema.org\",\"@graph\":[{\"@type\":\"WebPage\",\"@id\":\"https:\/\/noticias.imer.mx\/laferia\/2012\/12\/14\/hector-garcia-visualidades-inesperadas\/\",\"url\":\"https:\/\/noticias.imer.mx\/laferia\/2012\/12\/14\/hector-garcia-visualidades-inesperadas\/\",\"name\":\"H\u00e9ctor Garc\u00eda, Visualidades inesperadas. - La Feria, Carrusel Cultural\",\"isPartOf\":{\"@id\":\"https:\/\/noticias.imer.mx\/laferia\/#website\"},\"datePublished\":\"2012-12-14T19:29:12+00:00\",\"dateModified\":\"2012-12-29T06:51:51+00:00\",\"author\":{\"@id\":\"https:\/\/noticias.imer.mx\/laferia\/#\/schema\/person\/438ebaa433c79f71687928759130ec9f\"},\"breadcrumb\":{\"@id\":\"https:\/\/noticias.imer.mx\/laferia\/2012\/12\/14\/hector-garcia-visualidades-inesperadas\/#breadcrumb\"},\"inLanguage\":\"es\",\"potentialAction\":[{\"@type\":\"ReadAction\",\"target\":[\"https:\/\/noticias.imer.mx\/laferia\/2012\/12\/14\/hector-garcia-visualidades-inesperadas\/\"]}]},{\"@type\":\"BreadcrumbList\",\"@id\":\"https:\/\/noticias.imer.mx\/laferia\/2012\/12\/14\/hector-garcia-visualidades-inesperadas\/#breadcrumb\",\"itemListElement\":[{\"@type\":\"ListItem\",\"position\":1,\"name\":\"Home\",\"item\":\"https:\/\/noticias.imer.mx\/laferia\/\"},{\"@type\":\"ListItem\",\"position\":2,\"name\":\"H\u00e9ctor Garc\u00eda, Visualidades inesperadas.\"}]},{\"@type\":\"WebSite\",\"@id\":\"https:\/\/noticias.imer.mx\/laferia\/#website\",\"url\":\"https:\/\/noticias.imer.mx\/laferia\/\",\"name\":\"La Feria, Carrusel Cultural\",\"description\":\"Instituto Mexicano de la Radio\",\"potentialAction\":[{\"@type\":\"SearchAction\",\"target\":{\"@type\":\"EntryPoint\",\"urlTemplate\":\"https:\/\/noticias.imer.mx\/laferia\/?s={search_term_string}\"},\"query-input\":\"required name=search_term_string\"}],\"inLanguage\":\"es\"},{\"@type\":\"Person\",\"@id\":\"https:\/\/noticias.imer.mx\/laferia\/#\/schema\/person\/438ebaa433c79f71687928759130ec9f\",\"name\":\"La Feria\",\"image\":{\"@type\":\"ImageObject\",\"inLanguage\":\"es\",\"@id\":\"https:\/\/noticias.imer.mx\/laferia\/#\/schema\/person\/image\/\",\"url\":\"https:\/\/secure.gravatar.com\/avatar\/69100f68fb4d3a06d1ff6b6cb5310157?s=96&d=mm&r=g\",\"contentUrl\":\"https:\/\/secure.gravatar.com\/avatar\/69100f68fb4d3a06d1ff6b6cb5310157?s=96&d=mm&r=g\",\"caption\":\"La Feria\"},\"description\":\"La Feria Carrusel Cultural, es un noticiario que alienta la participaci\u00f3n ciudadana y presenta informaci\u00f3n cultural y cient\u00edfica, de coyuntura, de M\u00e9xico y el mundo. En media hora puede conocer la cartelera cultural y escuchar, en voz de especialistas, entrevistas, asuntos especiales y mesas de an\u00e1lisis. Conducido por Juan Carlos Vald\u00e9s, La Feria Carrusel Cultural, se transmite todos los martes y jueves, de 15:00 a 15:30 horas por Horizonte, en el 107.9 de FM.\",\"url\":\"https:\/\/noticias.imer.mx\/laferia\/author\/laferia\/\"}]}<\/script>\n<!-- \/ Yoast SEO plugin. -->","yoast_head_json":{"title":"H\u00e9ctor Garc\u00eda, Visualidades inesperadas. - La Feria, Carrusel Cultural","robots":{"index":"index","follow":"follow","max-snippet":"max-snippet:-1","max-image-preview":"max-image-preview:large","max-video-preview":"max-video-preview:-1"},"canonical":"https:\/\/noticias.imer.mx\/laferia\/2012\/12\/14\/hector-garcia-visualidades-inesperadas\/","og_locale":"es_ES","og_type":"article","og_title":"H\u00e9ctor Garc\u00eda, Visualidades inesperadas. - La Feria, Carrusel Cultural","og_description":"Con la exposici\u00f3n H\u00e9ctor Garc\u00eda. Visualidades inesperadas, \u00a0el Museo de Arte Moderno rinde homenaje p\u00f3stumo al fotoperiodista que desarroll\u00f3 uno de los registros de historia m\u00e1s abundantes en la fotograf\u00eda sobre M\u00e9xico a partir de la d\u00e9cada de 1940. Informaci\u00f3n Amelia Rojas\u00a0H\u00e9ctor Garc\u00eda","og_url":"https:\/\/noticias.imer.mx\/laferia\/2012\/12\/14\/hector-garcia-visualidades-inesperadas\/","og_site_name":"La Feria, Carrusel Cultural","article_published_time":"2012-12-14T19:29:12+00:00","article_modified_time":"2012-12-29T06:51:51+00:00","author":"La Feria","twitter_card":"summary_large_image","twitter_misc":{"Escrito por":"La Feria"},"schema":{"@context":"https:\/\/schema.org","@graph":[{"@type":"WebPage","@id":"https:\/\/noticias.imer.mx\/laferia\/2012\/12\/14\/hector-garcia-visualidades-inesperadas\/","url":"https:\/\/noticias.imer.mx\/laferia\/2012\/12\/14\/hector-garcia-visualidades-inesperadas\/","name":"H\u00e9ctor Garc\u00eda, Visualidades inesperadas. - La Feria, Carrusel Cultural","isPartOf":{"@id":"https:\/\/noticias.imer.mx\/laferia\/#website"},"datePublished":"2012-12-14T19:29:12+00:00","dateModified":"2012-12-29T06:51:51+00:00","author":{"@id":"https:\/\/noticias.imer.mx\/laferia\/#\/schema\/person\/438ebaa433c79f71687928759130ec9f"},"breadcrumb":{"@id":"https:\/\/noticias.imer.mx\/laferia\/2012\/12\/14\/hector-garcia-visualidades-inesperadas\/#breadcrumb"},"inLanguage":"es","potentialAction":[{"@type":"ReadAction","target":["https:\/\/noticias.imer.mx\/laferia\/2012\/12\/14\/hector-garcia-visualidades-inesperadas\/"]}]},{"@type":"BreadcrumbList","@id":"https:\/\/noticias.imer.mx\/laferia\/2012\/12\/14\/hector-garcia-visualidades-inesperadas\/#breadcrumb","itemListElement":[{"@type":"ListItem","position":1,"name":"Home","item":"https:\/\/noticias.imer.mx\/laferia\/"},{"@type":"ListItem","position":2,"name":"H\u00e9ctor Garc\u00eda, Visualidades inesperadas."}]},{"@type":"WebSite","@id":"https:\/\/noticias.imer.mx\/laferia\/#website","url":"https:\/\/noticias.imer.mx\/laferia\/","name":"La Feria, Carrusel Cultural","description":"Instituto Mexicano de la Radio","potentialAction":[{"@type":"SearchAction","target":{"@type":"EntryPoint","urlTemplate":"https:\/\/noticias.imer.mx\/laferia\/?s={search_term_string}"},"query-input":"required name=search_term_string"}],"inLanguage":"es"},{"@type":"Person","@id":"https:\/\/noticias.imer.mx\/laferia\/#\/schema\/person\/438ebaa433c79f71687928759130ec9f","name":"La Feria","image":{"@type":"ImageObject","inLanguage":"es","@id":"https:\/\/noticias.imer.mx\/laferia\/#\/schema\/person\/image\/","url":"https:\/\/secure.gravatar.com\/avatar\/69100f68fb4d3a06d1ff6b6cb5310157?s=96&d=mm&r=g","contentUrl":"https:\/\/secure.gravatar.com\/avatar\/69100f68fb4d3a06d1ff6b6cb5310157?s=96&d=mm&r=g","caption":"La Feria"},"description":"La Feria Carrusel Cultural, es un noticiario que alienta la participaci\u00f3n ciudadana y presenta informaci\u00f3n cultural y cient\u00edfica, de coyuntura, de M\u00e9xico y el mundo. En media hora puede conocer la cartelera cultural y escuchar, en voz de especialistas, entrevistas, asuntos especiales y mesas de an\u00e1lisis. Conducido por Juan Carlos Vald\u00e9s, La Feria Carrusel Cultural, se transmite todos los martes y jueves, de 15:00 a 15:30 horas por Horizonte, en el 107.9 de FM.","url":"https:\/\/noticias.imer.mx\/laferia\/author\/laferia\/"}]}},"_links":{"self":[{"href":"https:\/\/noticias.imer.mx\/laferia\/wp-json\/wp\/v2\/posts\/15573"}],"collection":[{"href":"https:\/\/noticias.imer.mx\/laferia\/wp-json\/wp\/v2\/posts"}],"about":[{"href":"https:\/\/noticias.imer.mx\/laferia\/wp-json\/wp\/v2\/types\/post"}],"author":[{"embeddable":true,"href":"https:\/\/noticias.imer.mx\/laferia\/wp-json\/wp\/v2\/users\/12"}],"replies":[{"embeddable":true,"href":"https:\/\/noticias.imer.mx\/laferia\/wp-json\/wp\/v2\/comments?post=15573"}],"version-history":[{"count":6,"href":"https:\/\/noticias.imer.mx\/laferia\/wp-json\/wp\/v2\/posts\/15573\/revisions"}],"predecessor-version":[{"id":15719,"href":"https:\/\/noticias.imer.mx\/laferia\/wp-json\/wp\/v2\/posts\/15573\/revisions\/15719"}],"wp:attachment":[{"href":"https:\/\/noticias.imer.mx\/laferia\/wp-json\/wp\/v2\/media?parent=15573"}],"wp:term":[{"taxonomy":"category","embeddable":true,"href":"https:\/\/noticias.imer.mx\/laferia\/wp-json\/wp\/v2\/categories?post=15573"},{"taxonomy":"post_tag","embeddable":true,"href":"https:\/\/noticias.imer.mx\/laferia\/wp-json\/wp\/v2\/tags?post=15573"}],"curies":[{"name":"wp","href":"https:\/\/api.w.org\/{rel}","templated":true}]}}