{"id":15211,"date":"2012-11-09T16:39:01","date_gmt":"2012-11-09T22:39:01","guid":{"rendered":"http:\/\/www.blogs.imer.gob.mx\/laferia\/?p=15211"},"modified":"2012-11-16T14:09:11","modified_gmt":"2012-11-16T20:09:11","slug":"feria-internacional-del-libro-de-guadalajara-5","status":"publish","type":"post","link":"https:\/\/noticias.imer.mx\/laferia\/2012\/11\/09\/feria-internacional-del-libro-de-guadalajara-5\/","title":{"rendered":"Entrevista Nubia Macias, directora FIL Guadalajara"},"content":{"rendered":"<h5><a href=\"http:\/\/snn.imer.gob.mx\/laferia\/files\/2012\/11\/FERIA-DE-GUADALAJARA.jpeg\"><img decoding=\"async\" loading=\"lazy\" class=\"alignleft  wp-image-15212\" src=\"http:\/\/snn.imer.gob.mx\/laferia\/files\/2012\/11\/FERIA-DE-GUADALAJARA-150x150.jpeg\" alt=\"\" width=\"119\" height=\"119\" \/><\/a><\/h5>\n<p><span style=\"color: #000000\">Con Chile como pa\u00eds invitado de honor, la presencia de m\u00e1s de 600 autores y homenajes a Carlos Fuentes, Elena Poniatowska y Fernando del Paso, del 24 de noviembre al 2 de diciembre, se llevar\u00e1 a cabo la Vig\u00e9sima Sexta Feria Internacional del Libro de Guadalajara.\u00a0<\/span><a href=\"http:\/\/snn.imer.gob.mx\/laferia\/files\/2012\/11\/entrevista-Feria-Internacional-del-Libro-de-Guadalajara.mp3\">entrevista Feria Internacional del Libro de Guadalajara<\/a><\/p>\n","protected":false},"excerpt":{"rendered":"<p>Con Chile como pa\u00eds invitado de honor, la presencia de m\u00e1s de 600 autores y homenajes a Carlos Fuentes, Elena Poniatowska y Fernando del Paso, del 24 de noviembre al 2 de diciembre, se llevar\u00e1 a cabo la Vig\u00e9sima Sexta Feria Internacional del Libro de Guadalajara.\u00a0entrevista Feria Internacional del Libro de Guadalajara<\/p>\n","protected":false},"author":12,"featured_media":0,"comment_status":"open","ping_status":"open","sticky":false,"template":"","format":"standard","meta":{"wp_popup_display_lightbox":0,"wp_popup_suppress":"","wp_popup_trigger":"","wp_popup_trigger_amount":0,"wp_popup_disable_on_mobile":false},"categories":[1],"tags":[],"yoast_head":"<!-- This site is optimized with the Yoast SEO plugin v21.0 - https:\/\/yoast.com\/wordpress\/plugins\/seo\/ -->\n<title>Entrevista Nubia Macias, directora FIL Guadalajara - La Feria, Carrusel Cultural<\/title>\n<meta name=\"robots\" content=\"index, follow, max-snippet:-1, max-image-preview:large, max-video-preview:-1\" \/>\n<link rel=\"canonical\" href=\"https:\/\/noticias.imer.mx\/laferia\/2012\/11\/09\/feria-internacional-del-libro-de-guadalajara-5\/\" \/>\n<meta property=\"og:locale\" content=\"es_ES\" \/>\n<meta property=\"og:type\" content=\"article\" \/>\n<meta property=\"og:title\" content=\"Entrevista Nubia Macias, directora FIL Guadalajara - La Feria, Carrusel Cultural\" \/>\n<meta property=\"og:description\" content=\"Con Chile como pa\u00eds invitado de honor, la presencia de m\u00e1s de 600 autores y homenajes a Carlos Fuentes, Elena Poniatowska y Fernando del Paso, del 24 de noviembre al 2 de diciembre, se llevar\u00e1 a cabo la Vig\u00e9sima Sexta Feria Internacional del Libro de Guadalajara.\u00a0entrevista Feria Internacional del Libro de Guadalajara\" \/>\n<meta property=\"og:url\" content=\"https:\/\/noticias.imer.mx\/laferia\/2012\/11\/09\/feria-internacional-del-libro-de-guadalajara-5\/\" \/>\n<meta property=\"og:site_name\" content=\"La Feria, Carrusel Cultural\" \/>\n<meta property=\"article:published_time\" content=\"2012-11-09T22:39:01+00:00\" \/>\n<meta property=\"article:modified_time\" content=\"2012-11-16T20:09:11+00:00\" \/>\n<meta property=\"og:image\" content=\"http:\/\/snn.imer.gob.mx\/laferia\/files\/2012\/11\/FERIA-DE-GUADALAJARA-150x150.jpeg\" \/>\n<meta name=\"author\" content=\"La Feria\" \/>\n<meta name=\"twitter:card\" content=\"summary_large_image\" \/>\n<meta name=\"twitter:label1\" content=\"Escrito por\" \/>\n\t<meta name=\"twitter:data1\" content=\"La Feria\" \/>\n<script type=\"application\/ld+json\" class=\"yoast-schema-graph\">{\"@context\":\"https:\/\/schema.org\",\"@graph\":[{\"@type\":\"WebPage\",\"@id\":\"https:\/\/noticias.imer.mx\/laferia\/2012\/11\/09\/feria-internacional-del-libro-de-guadalajara-5\/\",\"url\":\"https:\/\/noticias.imer.mx\/laferia\/2012\/11\/09\/feria-internacional-del-libro-de-guadalajara-5\/\",\"name\":\"Entrevista Nubia Macias, directora FIL Guadalajara - La Feria, Carrusel Cultural\",\"isPartOf\":{\"@id\":\"https:\/\/noticias.imer.mx\/laferia\/#website\"},\"datePublished\":\"2012-11-09T22:39:01+00:00\",\"dateModified\":\"2012-11-16T20:09:11+00:00\",\"author\":{\"@id\":\"https:\/\/noticias.imer.mx\/laferia\/#\/schema\/person\/438ebaa433c79f71687928759130ec9f\"},\"breadcrumb\":{\"@id\":\"https:\/\/noticias.imer.mx\/laferia\/2012\/11\/09\/feria-internacional-del-libro-de-guadalajara-5\/#breadcrumb\"},\"inLanguage\":\"es\",\"potentialAction\":[{\"@type\":\"ReadAction\",\"target\":[\"https:\/\/noticias.imer.mx\/laferia\/2012\/11\/09\/feria-internacional-del-libro-de-guadalajara-5\/\"]}]},{\"@type\":\"BreadcrumbList\",\"@id\":\"https:\/\/noticias.imer.mx\/laferia\/2012\/11\/09\/feria-internacional-del-libro-de-guadalajara-5\/#breadcrumb\",\"itemListElement\":[{\"@type\":\"ListItem\",\"position\":1,\"name\":\"Home\",\"item\":\"https:\/\/noticias.imer.mx\/laferia\/\"},{\"@type\":\"ListItem\",\"position\":2,\"name\":\"Entrevista Nubia Macias, directora FIL Guadalajara\"}]},{\"@type\":\"WebSite\",\"@id\":\"https:\/\/noticias.imer.mx\/laferia\/#website\",\"url\":\"https:\/\/noticias.imer.mx\/laferia\/\",\"name\":\"La Feria, Carrusel Cultural\",\"description\":\"Instituto Mexicano de la Radio\",\"potentialAction\":[{\"@type\":\"SearchAction\",\"target\":{\"@type\":\"EntryPoint\",\"urlTemplate\":\"https:\/\/noticias.imer.mx\/laferia\/?s={search_term_string}\"},\"query-input\":\"required name=search_term_string\"}],\"inLanguage\":\"es\"},{\"@type\":\"Person\",\"@id\":\"https:\/\/noticias.imer.mx\/laferia\/#\/schema\/person\/438ebaa433c79f71687928759130ec9f\",\"name\":\"La Feria\",\"image\":{\"@type\":\"ImageObject\",\"inLanguage\":\"es\",\"@id\":\"https:\/\/noticias.imer.mx\/laferia\/#\/schema\/person\/image\/\",\"url\":\"https:\/\/secure.gravatar.com\/avatar\/69100f68fb4d3a06d1ff6b6cb5310157?s=96&d=mm&r=g\",\"contentUrl\":\"https:\/\/secure.gravatar.com\/avatar\/69100f68fb4d3a06d1ff6b6cb5310157?s=96&d=mm&r=g\",\"caption\":\"La Feria\"},\"description\":\"La Feria Carrusel Cultural, es un noticiario que alienta la participaci\u00f3n ciudadana y presenta informaci\u00f3n cultural y cient\u00edfica, de coyuntura, de M\u00e9xico y el mundo. En media hora puede conocer la cartelera cultural y escuchar, en voz de especialistas, entrevistas, asuntos especiales y mesas de an\u00e1lisis. Conducido por Juan Carlos Vald\u00e9s, La Feria Carrusel Cultural, se transmite todos los martes y jueves, de 15:00 a 15:30 horas por Horizonte, en el 107.9 de FM.\",\"url\":\"https:\/\/noticias.imer.mx\/laferia\/author\/laferia\/\"}]}<\/script>\n<!-- \/ Yoast SEO plugin. -->","yoast_head_json":{"title":"Entrevista Nubia Macias, directora FIL Guadalajara - La Feria, Carrusel Cultural","robots":{"index":"index","follow":"follow","max-snippet":"max-snippet:-1","max-image-preview":"max-image-preview:large","max-video-preview":"max-video-preview:-1"},"canonical":"https:\/\/noticias.imer.mx\/laferia\/2012\/11\/09\/feria-internacional-del-libro-de-guadalajara-5\/","og_locale":"es_ES","og_type":"article","og_title":"Entrevista Nubia Macias, directora FIL Guadalajara - La Feria, Carrusel Cultural","og_description":"Con Chile como pa\u00eds invitado de honor, la presencia de m\u00e1s de 600 autores y homenajes a Carlos Fuentes, Elena Poniatowska y Fernando del Paso, del 24 de noviembre al 2 de diciembre, se llevar\u00e1 a cabo la Vig\u00e9sima Sexta Feria Internacional del Libro de Guadalajara.\u00a0entrevista Feria Internacional del Libro de Guadalajara","og_url":"https:\/\/noticias.imer.mx\/laferia\/2012\/11\/09\/feria-internacional-del-libro-de-guadalajara-5\/","og_site_name":"La Feria, Carrusel Cultural","article_published_time":"2012-11-09T22:39:01+00:00","article_modified_time":"2012-11-16T20:09:11+00:00","og_image":[{"url":"http:\/\/snn.imer.gob.mx\/laferia\/files\/2012\/11\/FERIA-DE-GUADALAJARA-150x150.jpeg"}],"author":"La Feria","twitter_card":"summary_large_image","twitter_misc":{"Escrito por":"La Feria"},"schema":{"@context":"https:\/\/schema.org","@graph":[{"@type":"WebPage","@id":"https:\/\/noticias.imer.mx\/laferia\/2012\/11\/09\/feria-internacional-del-libro-de-guadalajara-5\/","url":"https:\/\/noticias.imer.mx\/laferia\/2012\/11\/09\/feria-internacional-del-libro-de-guadalajara-5\/","name":"Entrevista Nubia Macias, directora FIL Guadalajara - La Feria, Carrusel Cultural","isPartOf":{"@id":"https:\/\/noticias.imer.mx\/laferia\/#website"},"datePublished":"2012-11-09T22:39:01+00:00","dateModified":"2012-11-16T20:09:11+00:00","author":{"@id":"https:\/\/noticias.imer.mx\/laferia\/#\/schema\/person\/438ebaa433c79f71687928759130ec9f"},"breadcrumb":{"@id":"https:\/\/noticias.imer.mx\/laferia\/2012\/11\/09\/feria-internacional-del-libro-de-guadalajara-5\/#breadcrumb"},"inLanguage":"es","potentialAction":[{"@type":"ReadAction","target":["https:\/\/noticias.imer.mx\/laferia\/2012\/11\/09\/feria-internacional-del-libro-de-guadalajara-5\/"]}]},{"@type":"BreadcrumbList","@id":"https:\/\/noticias.imer.mx\/laferia\/2012\/11\/09\/feria-internacional-del-libro-de-guadalajara-5\/#breadcrumb","itemListElement":[{"@type":"ListItem","position":1,"name":"Home","item":"https:\/\/noticias.imer.mx\/laferia\/"},{"@type":"ListItem","position":2,"name":"Entrevista Nubia Macias, directora FIL Guadalajara"}]},{"@type":"WebSite","@id":"https:\/\/noticias.imer.mx\/laferia\/#website","url":"https:\/\/noticias.imer.mx\/laferia\/","name":"La Feria, Carrusel Cultural","description":"Instituto Mexicano de la Radio","potentialAction":[{"@type":"SearchAction","target":{"@type":"EntryPoint","urlTemplate":"https:\/\/noticias.imer.mx\/laferia\/?s={search_term_string}"},"query-input":"required name=search_term_string"}],"inLanguage":"es"},{"@type":"Person","@id":"https:\/\/noticias.imer.mx\/laferia\/#\/schema\/person\/438ebaa433c79f71687928759130ec9f","name":"La Feria","image":{"@type":"ImageObject","inLanguage":"es","@id":"https:\/\/noticias.imer.mx\/laferia\/#\/schema\/person\/image\/","url":"https:\/\/secure.gravatar.com\/avatar\/69100f68fb4d3a06d1ff6b6cb5310157?s=96&d=mm&r=g","contentUrl":"https:\/\/secure.gravatar.com\/avatar\/69100f68fb4d3a06d1ff6b6cb5310157?s=96&d=mm&r=g","caption":"La Feria"},"description":"La Feria Carrusel Cultural, es un noticiario que alienta la participaci\u00f3n ciudadana y presenta informaci\u00f3n cultural y cient\u00edfica, de coyuntura, de M\u00e9xico y el mundo. En media hora puede conocer la cartelera cultural y escuchar, en voz de especialistas, entrevistas, asuntos especiales y mesas de an\u00e1lisis. Conducido por Juan Carlos Vald\u00e9s, La Feria Carrusel Cultural, se transmite todos los martes y jueves, de 15:00 a 15:30 horas por Horizonte, en el 107.9 de FM.","url":"https:\/\/noticias.imer.mx\/laferia\/author\/laferia\/"}]}},"_links":{"self":[{"href":"https:\/\/noticias.imer.mx\/laferia\/wp-json\/wp\/v2\/posts\/15211"}],"collection":[{"href":"https:\/\/noticias.imer.mx\/laferia\/wp-json\/wp\/v2\/posts"}],"about":[{"href":"https:\/\/noticias.imer.mx\/laferia\/wp-json\/wp\/v2\/types\/post"}],"author":[{"embeddable":true,"href":"https:\/\/noticias.imer.mx\/laferia\/wp-json\/wp\/v2\/users\/12"}],"replies":[{"embeddable":true,"href":"https:\/\/noticias.imer.mx\/laferia\/wp-json\/wp\/v2\/comments?post=15211"}],"version-history":[{"count":6,"href":"https:\/\/noticias.imer.mx\/laferia\/wp-json\/wp\/v2\/posts\/15211\/revisions"}],"predecessor-version":[{"id":15267,"href":"https:\/\/noticias.imer.mx\/laferia\/wp-json\/wp\/v2\/posts\/15211\/revisions\/15267"}],"wp:attachment":[{"href":"https:\/\/noticias.imer.mx\/laferia\/wp-json\/wp\/v2\/media?parent=15211"}],"wp:term":[{"taxonomy":"category","embeddable":true,"href":"https:\/\/noticias.imer.mx\/laferia\/wp-json\/wp\/v2\/categories?post=15211"},{"taxonomy":"post_tag","embeddable":true,"href":"https:\/\/noticias.imer.mx\/laferia\/wp-json\/wp\/v2\/tags?post=15211"}],"curies":[{"name":"wp","href":"https:\/\/api.w.org\/{rel}","templated":true}]}}