{"id":14977,"date":"2012-10-26T18:57:20","date_gmt":"2012-10-27T00:57:20","guid":{"rendered":"http:\/\/www.blogs.imer.gob.mx\/laferia\/?p=14977"},"modified":"2012-10-26T18:57:20","modified_gmt":"2012-10-27T00:57:20","slug":"arboterum-miguel-angel-de-quevedo","status":"publish","type":"post","link":"https:\/\/noticias.imer.mx\/laferia\/2012\/10\/26\/arboterum-miguel-angel-de-quevedo\/","title":{"rendered":"\u201cArboterum Miguel \u00c1ngel de Quevedo\u201d"},"content":{"rendered":"<p><a href=\"http:\/\/snn.imer.gob.mx\/laferia\/files\/2012\/10\/migual-angel-la-feria2.jpg\"><img decoding=\"async\" loading=\"lazy\" class=\"alignleft  wp-image-14978\" src=\"http:\/\/snn.imer.gob.mx\/laferia\/files\/2012\/10\/migual-angel-la-feria2-150x150.jpg\" alt=\"\" width=\"119\" height=\"119\" \/><\/a><\/p>\n<p>&nbsp;<\/p>\n<p>&nbsp;<\/p>\n<p>Con un donativo de 100 millones de pesos por parte del CONACULTA,\u00a0 la <strong>Academia Mexicana de la Lengua<\/strong> adquiri\u00f3 el predio conocido como <strong><em>\u201cArboterum Miguel \u00c1ngel de Quevedo\u201d,<\/em><\/strong> el cual se espera ser\u00e1 la nueva sede de la instituci\u00f3n. Informaci\u00f3n Carolina L\u00f3pez Hidalgo.<\/p>\n<p>&nbsp;<\/p>\n<p><a href=\"http:\/\/snn.imer.gob.mx\/laferia\/files\/2012\/10\/La-Casa-de-la-palabra3.mp3\">La-Casa-de-la-palabra<\/a><\/p>\n","protected":false},"excerpt":{"rendered":"<p>&nbsp; &nbsp; Con un donativo de 100 millones de pesos por parte del CONACULTA,\u00a0 la Academia Mexicana de la Lengua adquiri\u00f3 el predio conocido como \u201cArboterum Miguel \u00c1ngel de Quevedo\u201d, el cual se espera ser\u00e1 la nueva sede de la instituci\u00f3n. Informaci\u00f3n Carolina L\u00f3pez Hidalgo. &nbsp; La-Casa-de-la-palabra<\/p>\n","protected":false},"author":12,"featured_media":0,"comment_status":"open","ping_status":"open","sticky":false,"template":"","format":"standard","meta":{"wp_popup_display_lightbox":0,"wp_popup_suppress":"","wp_popup_trigger":"","wp_popup_trigger_amount":0,"wp_popup_disable_on_mobile":false},"categories":[1],"tags":[],"yoast_head":"<!-- This site is optimized with the Yoast SEO plugin v21.0 - https:\/\/yoast.com\/wordpress\/plugins\/seo\/ -->\n<title>\u201cArboterum Miguel \u00c1ngel de Quevedo\u201d - La Feria, Carrusel Cultural<\/title>\n<meta name=\"robots\" content=\"index, follow, max-snippet:-1, max-image-preview:large, max-video-preview:-1\" \/>\n<link rel=\"canonical\" href=\"https:\/\/noticias.imer.mx\/laferia\/2012\/10\/26\/arboterum-miguel-angel-de-quevedo\/\" \/>\n<meta property=\"og:locale\" content=\"es_ES\" \/>\n<meta property=\"og:type\" content=\"article\" \/>\n<meta property=\"og:title\" content=\"\u201cArboterum Miguel \u00c1ngel de Quevedo\u201d - La Feria, Carrusel Cultural\" \/>\n<meta property=\"og:description\" content=\"&nbsp; &nbsp; Con un donativo de 100 millones de pesos por parte del CONACULTA,\u00a0 la Academia Mexicana de la Lengua adquiri\u00f3 el predio conocido como \u201cArboterum Miguel \u00c1ngel de Quevedo\u201d, el cual se espera ser\u00e1 la nueva sede de la instituci\u00f3n. Informaci\u00f3n Carolina L\u00f3pez Hidalgo. &nbsp; La-Casa-de-la-palabra\" \/>\n<meta property=\"og:url\" content=\"https:\/\/noticias.imer.mx\/laferia\/2012\/10\/26\/arboterum-miguel-angel-de-quevedo\/\" \/>\n<meta property=\"og:site_name\" content=\"La Feria, Carrusel Cultural\" \/>\n<meta property=\"article:published_time\" content=\"2012-10-27T00:57:20+00:00\" \/>\n<meta property=\"og:image\" content=\"http:\/\/snn.imer.gob.mx\/laferia\/files\/2012\/10\/migual-angel-la-feria2-150x150.jpg\" \/>\n<meta name=\"author\" content=\"La Feria\" \/>\n<meta name=\"twitter:card\" content=\"summary_large_image\" \/>\n<meta name=\"twitter:label1\" content=\"Escrito por\" \/>\n\t<meta name=\"twitter:data1\" content=\"La Feria\" \/>\n<script type=\"application\/ld+json\" class=\"yoast-schema-graph\">{\"@context\":\"https:\/\/schema.org\",\"@graph\":[{\"@type\":\"WebPage\",\"@id\":\"https:\/\/noticias.imer.mx\/laferia\/2012\/10\/26\/arboterum-miguel-angel-de-quevedo\/\",\"url\":\"https:\/\/noticias.imer.mx\/laferia\/2012\/10\/26\/arboterum-miguel-angel-de-quevedo\/\",\"name\":\"\u201cArboterum Miguel \u00c1ngel de Quevedo\u201d - La Feria, Carrusel Cultural\",\"isPartOf\":{\"@id\":\"https:\/\/noticias.imer.mx\/laferia\/#website\"},\"datePublished\":\"2012-10-27T00:57:20+00:00\",\"dateModified\":\"2012-10-27T00:57:20+00:00\",\"author\":{\"@id\":\"https:\/\/noticias.imer.mx\/laferia\/#\/schema\/person\/438ebaa433c79f71687928759130ec9f\"},\"breadcrumb\":{\"@id\":\"https:\/\/noticias.imer.mx\/laferia\/2012\/10\/26\/arboterum-miguel-angel-de-quevedo\/#breadcrumb\"},\"inLanguage\":\"es\",\"potentialAction\":[{\"@type\":\"ReadAction\",\"target\":[\"https:\/\/noticias.imer.mx\/laferia\/2012\/10\/26\/arboterum-miguel-angel-de-quevedo\/\"]}]},{\"@type\":\"BreadcrumbList\",\"@id\":\"https:\/\/noticias.imer.mx\/laferia\/2012\/10\/26\/arboterum-miguel-angel-de-quevedo\/#breadcrumb\",\"itemListElement\":[{\"@type\":\"ListItem\",\"position\":1,\"name\":\"Home\",\"item\":\"https:\/\/noticias.imer.mx\/laferia\/\"},{\"@type\":\"ListItem\",\"position\":2,\"name\":\"\u201cArboterum Miguel \u00c1ngel de Quevedo\u201d\"}]},{\"@type\":\"WebSite\",\"@id\":\"https:\/\/noticias.imer.mx\/laferia\/#website\",\"url\":\"https:\/\/noticias.imer.mx\/laferia\/\",\"name\":\"La Feria, Carrusel Cultural\",\"description\":\"Instituto Mexicano de la Radio\",\"potentialAction\":[{\"@type\":\"SearchAction\",\"target\":{\"@type\":\"EntryPoint\",\"urlTemplate\":\"https:\/\/noticias.imer.mx\/laferia\/?s={search_term_string}\"},\"query-input\":\"required name=search_term_string\"}],\"inLanguage\":\"es\"},{\"@type\":\"Person\",\"@id\":\"https:\/\/noticias.imer.mx\/laferia\/#\/schema\/person\/438ebaa433c79f71687928759130ec9f\",\"name\":\"La Feria\",\"image\":{\"@type\":\"ImageObject\",\"inLanguage\":\"es\",\"@id\":\"https:\/\/noticias.imer.mx\/laferia\/#\/schema\/person\/image\/\",\"url\":\"https:\/\/secure.gravatar.com\/avatar\/69100f68fb4d3a06d1ff6b6cb5310157?s=96&d=mm&r=g\",\"contentUrl\":\"https:\/\/secure.gravatar.com\/avatar\/69100f68fb4d3a06d1ff6b6cb5310157?s=96&d=mm&r=g\",\"caption\":\"La Feria\"},\"description\":\"La Feria Carrusel Cultural, es un noticiario que alienta la participaci\u00f3n ciudadana y presenta informaci\u00f3n cultural y cient\u00edfica, de coyuntura, de M\u00e9xico y el mundo. En media hora puede conocer la cartelera cultural y escuchar, en voz de especialistas, entrevistas, asuntos especiales y mesas de an\u00e1lisis. Conducido por Juan Carlos Vald\u00e9s, La Feria Carrusel Cultural, se transmite todos los martes y jueves, de 15:00 a 15:30 horas por Horizonte, en el 107.9 de FM.\",\"url\":\"https:\/\/noticias.imer.mx\/laferia\/author\/laferia\/\"}]}<\/script>\n<!-- \/ Yoast SEO plugin. -->","yoast_head_json":{"title":"\u201cArboterum Miguel \u00c1ngel de Quevedo\u201d - La Feria, Carrusel Cultural","robots":{"index":"index","follow":"follow","max-snippet":"max-snippet:-1","max-image-preview":"max-image-preview:large","max-video-preview":"max-video-preview:-1"},"canonical":"https:\/\/noticias.imer.mx\/laferia\/2012\/10\/26\/arboterum-miguel-angel-de-quevedo\/","og_locale":"es_ES","og_type":"article","og_title":"\u201cArboterum Miguel \u00c1ngel de Quevedo\u201d - La Feria, Carrusel Cultural","og_description":"&nbsp; &nbsp; Con un donativo de 100 millones de pesos por parte del CONACULTA,\u00a0 la Academia Mexicana de la Lengua adquiri\u00f3 el predio conocido como \u201cArboterum Miguel \u00c1ngel de Quevedo\u201d, el cual se espera ser\u00e1 la nueva sede de la instituci\u00f3n. Informaci\u00f3n Carolina L\u00f3pez Hidalgo. &nbsp; La-Casa-de-la-palabra","og_url":"https:\/\/noticias.imer.mx\/laferia\/2012\/10\/26\/arboterum-miguel-angel-de-quevedo\/","og_site_name":"La Feria, Carrusel Cultural","article_published_time":"2012-10-27T00:57:20+00:00","og_image":[{"url":"http:\/\/snn.imer.gob.mx\/laferia\/files\/2012\/10\/migual-angel-la-feria2-150x150.jpg"}],"author":"La Feria","twitter_card":"summary_large_image","twitter_misc":{"Escrito por":"La Feria"},"schema":{"@context":"https:\/\/schema.org","@graph":[{"@type":"WebPage","@id":"https:\/\/noticias.imer.mx\/laferia\/2012\/10\/26\/arboterum-miguel-angel-de-quevedo\/","url":"https:\/\/noticias.imer.mx\/laferia\/2012\/10\/26\/arboterum-miguel-angel-de-quevedo\/","name":"\u201cArboterum Miguel \u00c1ngel de Quevedo\u201d - La Feria, Carrusel Cultural","isPartOf":{"@id":"https:\/\/noticias.imer.mx\/laferia\/#website"},"datePublished":"2012-10-27T00:57:20+00:00","dateModified":"2012-10-27T00:57:20+00:00","author":{"@id":"https:\/\/noticias.imer.mx\/laferia\/#\/schema\/person\/438ebaa433c79f71687928759130ec9f"},"breadcrumb":{"@id":"https:\/\/noticias.imer.mx\/laferia\/2012\/10\/26\/arboterum-miguel-angel-de-quevedo\/#breadcrumb"},"inLanguage":"es","potentialAction":[{"@type":"ReadAction","target":["https:\/\/noticias.imer.mx\/laferia\/2012\/10\/26\/arboterum-miguel-angel-de-quevedo\/"]}]},{"@type":"BreadcrumbList","@id":"https:\/\/noticias.imer.mx\/laferia\/2012\/10\/26\/arboterum-miguel-angel-de-quevedo\/#breadcrumb","itemListElement":[{"@type":"ListItem","position":1,"name":"Home","item":"https:\/\/noticias.imer.mx\/laferia\/"},{"@type":"ListItem","position":2,"name":"\u201cArboterum Miguel \u00c1ngel de Quevedo\u201d"}]},{"@type":"WebSite","@id":"https:\/\/noticias.imer.mx\/laferia\/#website","url":"https:\/\/noticias.imer.mx\/laferia\/","name":"La Feria, Carrusel Cultural","description":"Instituto Mexicano de la Radio","potentialAction":[{"@type":"SearchAction","target":{"@type":"EntryPoint","urlTemplate":"https:\/\/noticias.imer.mx\/laferia\/?s={search_term_string}"},"query-input":"required name=search_term_string"}],"inLanguage":"es"},{"@type":"Person","@id":"https:\/\/noticias.imer.mx\/laferia\/#\/schema\/person\/438ebaa433c79f71687928759130ec9f","name":"La Feria","image":{"@type":"ImageObject","inLanguage":"es","@id":"https:\/\/noticias.imer.mx\/laferia\/#\/schema\/person\/image\/","url":"https:\/\/secure.gravatar.com\/avatar\/69100f68fb4d3a06d1ff6b6cb5310157?s=96&d=mm&r=g","contentUrl":"https:\/\/secure.gravatar.com\/avatar\/69100f68fb4d3a06d1ff6b6cb5310157?s=96&d=mm&r=g","caption":"La Feria"},"description":"La Feria Carrusel Cultural, es un noticiario que alienta la participaci\u00f3n ciudadana y presenta informaci\u00f3n cultural y cient\u00edfica, de coyuntura, de M\u00e9xico y el mundo. En media hora puede conocer la cartelera cultural y escuchar, en voz de especialistas, entrevistas, asuntos especiales y mesas de an\u00e1lisis. Conducido por Juan Carlos Vald\u00e9s, La Feria Carrusel Cultural, se transmite todos los martes y jueves, de 15:00 a 15:30 horas por Horizonte, en el 107.9 de FM.","url":"https:\/\/noticias.imer.mx\/laferia\/author\/laferia\/"}]}},"_links":{"self":[{"href":"https:\/\/noticias.imer.mx\/laferia\/wp-json\/wp\/v2\/posts\/14977"}],"collection":[{"href":"https:\/\/noticias.imer.mx\/laferia\/wp-json\/wp\/v2\/posts"}],"about":[{"href":"https:\/\/noticias.imer.mx\/laferia\/wp-json\/wp\/v2\/types\/post"}],"author":[{"embeddable":true,"href":"https:\/\/noticias.imer.mx\/laferia\/wp-json\/wp\/v2\/users\/12"}],"replies":[{"embeddable":true,"href":"https:\/\/noticias.imer.mx\/laferia\/wp-json\/wp\/v2\/comments?post=14977"}],"version-history":[{"count":2,"href":"https:\/\/noticias.imer.mx\/laferia\/wp-json\/wp\/v2\/posts\/14977\/revisions"}],"predecessor-version":[{"id":14988,"href":"https:\/\/noticias.imer.mx\/laferia\/wp-json\/wp\/v2\/posts\/14977\/revisions\/14988"}],"wp:attachment":[{"href":"https:\/\/noticias.imer.mx\/laferia\/wp-json\/wp\/v2\/media?parent=14977"}],"wp:term":[{"taxonomy":"category","embeddable":true,"href":"https:\/\/noticias.imer.mx\/laferia\/wp-json\/wp\/v2\/categories?post=14977"},{"taxonomy":"post_tag","embeddable":true,"href":"https:\/\/noticias.imer.mx\/laferia\/wp-json\/wp\/v2\/tags?post=14977"}],"curies":[{"name":"wp","href":"https:\/\/api.w.org\/{rel}","templated":true}]}}