{"id":14156,"date":"2011-10-20T10:14:44","date_gmt":"2011-10-20T16:14:44","guid":{"rendered":"http:\/\/www.blogs.imer.gob.mx\/laferia\/?p=14156"},"modified":"2012-08-10T10:35:39","modified_gmt":"2012-08-10T16:35:39","slug":"libro-analiza-la-importancia-del-cartel-en-el-cine","status":"publish","type":"post","link":"https:\/\/noticias.imer.mx\/laferia\/2011\/10\/20\/libro-analiza-la-importancia-del-cartel-en-el-cine\/","title":{"rendered":"Libro analiza la importancia del cartel en el cine"},"content":{"rendered":"<h5>\u00a0<a href=\"http:\/\/snn.imer.gob.mx\/laferia\/files\/2012\/08\/LibroCartel-e1344615428531.jpg\"><img loading=\"lazy\" decoding=\"async\" class=\"alignleft size-thumbnail wp-image-14157\" title=\"LibroCartel\" src=\"http:\/\/snn.imer.gob.mx\/laferia\/files\/2012\/08\/LibroCartel-e1344615428531-150x150.jpg\" alt=\"\" width=\"150\" height=\"150\" \/><\/a><\/h5>\n<p>El libro \u00abHoy grandioso estreno\u00bb \u00a0del investigador y critico Carlos Bonfil recupera la historia del cartel cinematogr\u00e1fico en M\u00e9xico. Informaci\u00f3n Amelia Rojas \u00a0<a href=\"http:\/\/snn.imer.gob.mx\/laferia\/files\/2012\/08\/Hoy-Grandioso-Estreno-.mp3\">Escuche<\/a><\/p>\n","protected":false},"excerpt":{"rendered":"<p>\u00a0 El libro \u00abHoy grandioso estreno\u00bb \u00a0del investigador y critico Carlos Bonfil recupera la historia del cartel cinematogr\u00e1fico en M\u00e9xico. Informaci\u00f3n Amelia Rojas \u00a0Escuche<\/p>\n","protected":false},"author":12,"featured_media":0,"comment_status":"open","ping_status":"open","sticky":false,"template":"","format":"standard","meta":{"footnotes":""},"categories":[1],"tags":[],"class_list":["post-14156","post","type-post","status-publish","format-standard","hentry","category-sin-categoria","category-1","description-off"],"yoast_head":"<!-- This site is optimized with the Yoast SEO plugin v28.3 - https:\/\/yoast.com\/product\/yoast-seo-wordpress\/ -->\n<title>Libro analiza la importancia del cartel en el cine  - La Feria, Carrusel Cultural<\/title>\n<meta name=\"robots\" content=\"index, follow, max-snippet:-1, max-image-preview:large, max-video-preview:-1\" \/>\n<link rel=\"canonical\" href=\"https:\/\/noticias.imer.mx\/laferia\/2011\/10\/20\/libro-analiza-la-importancia-del-cartel-en-el-cine\/\" \/>\n<meta property=\"og:locale\" content=\"es_ES\" \/>\n<meta property=\"og:type\" content=\"article\" \/>\n<meta property=\"og:title\" content=\"Libro analiza la importancia del cartel en el cine  - La Feria, Carrusel Cultural\" \/>\n<meta property=\"og:description\" content=\"\u00a0 El libro \u00abHoy grandioso estreno\u00bb \u00a0del investigador y critico Carlos Bonfil recupera la historia del cartel cinematogr\u00e1fico en M\u00e9xico. Informaci\u00f3n Amelia Rojas \u00a0Escuche\" \/>\n<meta property=\"og:url\" content=\"https:\/\/noticias.imer.mx\/laferia\/2011\/10\/20\/libro-analiza-la-importancia-del-cartel-en-el-cine\/\" \/>\n<meta property=\"og:site_name\" content=\"La Feria, Carrusel Cultural\" \/>\n<meta property=\"article:published_time\" content=\"2011-10-20T16:14:44+00:00\" \/>\n<meta property=\"article:modified_time\" content=\"2012-08-10T16:35:39+00:00\" \/>\n<meta property=\"og:image\" content=\"http:\/\/snn.imer.gob.mx\/laferia\/files\/2012\/08\/LibroCartel-e1344615428531-150x150.jpg\" \/>\n<meta name=\"author\" content=\"La Feria\" \/>\n<meta name=\"twitter:card\" content=\"summary_large_image\" \/>\n<meta name=\"twitter:label1\" content=\"Escrito por\" \/>\n\t<meta name=\"twitter:data1\" content=\"La Feria\" \/>\n<script type=\"application\/ld+json\" class=\"yoast-schema-graph\">{\"@context\":\"https:\\\/\\\/schema.org\",\"@graph\":[{\"@type\":\"Article\",\"@id\":\"https:\\\/\\\/noticias.imer.mx\\\/laferia\\\/2011\\\/10\\\/20\\\/libro-analiza-la-importancia-del-cartel-en-el-cine\\\/#article\",\"isPartOf\":{\"@id\":\"https:\\\/\\\/noticias.imer.mx\\\/laferia\\\/2011\\\/10\\\/20\\\/libro-analiza-la-importancia-del-cartel-en-el-cine\\\/\"},\"author\":{\"name\":\"La Feria\",\"@id\":\"https:\\\/\\\/noticias.imer.mx\\\/laferia\\\/#\\\/schema\\\/person\\\/438ebaa433c79f71687928759130ec9f\"},\"headline\":\"Libro analiza la importancia del cartel en el cine\",\"datePublished\":\"2011-10-20T16:14:44+00:00\",\"dateModified\":\"2012-08-10T16:35:39+00:00\",\"mainEntityOfPage\":{\"@id\":\"https:\\\/\\\/noticias.imer.mx\\\/laferia\\\/2011\\\/10\\\/20\\\/libro-analiza-la-importancia-del-cartel-en-el-cine\\\/\"},\"wordCount\":35,\"commentCount\":0,\"image\":{\"@id\":\"https:\\\/\\\/noticias.imer.mx\\\/laferia\\\/2011\\\/10\\\/20\\\/libro-analiza-la-importancia-del-cartel-en-el-cine\\\/#primaryimage\"},\"thumbnailUrl\":\"http:\\\/\\\/snn.imer.gob.mx\\\/laferia\\\/files\\\/2012\\\/08\\\/LibroCartel-e1344615428531-150x150.jpg\",\"inLanguage\":\"es\",\"potentialAction\":[{\"@type\":\"CommentAction\",\"name\":\"Comment\",\"target\":[\"https:\\\/\\\/noticias.imer.mx\\\/laferia\\\/2011\\\/10\\\/20\\\/libro-analiza-la-importancia-del-cartel-en-el-cine\\\/#respond\"]}]},{\"@type\":\"WebPage\",\"@id\":\"https:\\\/\\\/noticias.imer.mx\\\/laferia\\\/2011\\\/10\\\/20\\\/libro-analiza-la-importancia-del-cartel-en-el-cine\\\/\",\"url\":\"https:\\\/\\\/noticias.imer.mx\\\/laferia\\\/2011\\\/10\\\/20\\\/libro-analiza-la-importancia-del-cartel-en-el-cine\\\/\",\"name\":\"Libro analiza la importancia del cartel en el cine - La Feria, Carrusel Cultural\",\"isPartOf\":{\"@id\":\"https:\\\/\\\/noticias.imer.mx\\\/laferia\\\/#website\"},\"primaryImageOfPage\":{\"@id\":\"https:\\\/\\\/noticias.imer.mx\\\/laferia\\\/2011\\\/10\\\/20\\\/libro-analiza-la-importancia-del-cartel-en-el-cine\\\/#primaryimage\"},\"image\":{\"@id\":\"https:\\\/\\\/noticias.imer.mx\\\/laferia\\\/2011\\\/10\\\/20\\\/libro-analiza-la-importancia-del-cartel-en-el-cine\\\/#primaryimage\"},\"thumbnailUrl\":\"http:\\\/\\\/snn.imer.gob.mx\\\/laferia\\\/files\\\/2012\\\/08\\\/LibroCartel-e1344615428531-150x150.jpg\",\"datePublished\":\"2011-10-20T16:14:44+00:00\",\"dateModified\":\"2012-08-10T16:35:39+00:00\",\"author\":{\"@id\":\"https:\\\/\\\/noticias.imer.mx\\\/laferia\\\/#\\\/schema\\\/person\\\/438ebaa433c79f71687928759130ec9f\"},\"breadcrumb\":{\"@id\":\"https:\\\/\\\/noticias.imer.mx\\\/laferia\\\/2011\\\/10\\\/20\\\/libro-analiza-la-importancia-del-cartel-en-el-cine\\\/#breadcrumb\"},\"inLanguage\":\"es\",\"potentialAction\":[{\"@type\":\"ReadAction\",\"target\":[\"https:\\\/\\\/noticias.imer.mx\\\/laferia\\\/2011\\\/10\\\/20\\\/libro-analiza-la-importancia-del-cartel-en-el-cine\\\/\"]}]},{\"@type\":\"ImageObject\",\"inLanguage\":\"es\",\"@id\":\"https:\\\/\\\/noticias.imer.mx\\\/laferia\\\/2011\\\/10\\\/20\\\/libro-analiza-la-importancia-del-cartel-en-el-cine\\\/#primaryimage\",\"url\":\"http:\\\/\\\/snn.imer.gob.mx\\\/laferia\\\/files\\\/2012\\\/08\\\/LibroCartel-e1344615428531-150x150.jpg\",\"contentUrl\":\"http:\\\/\\\/snn.imer.gob.mx\\\/laferia\\\/files\\\/2012\\\/08\\\/LibroCartel-e1344615428531-150x150.jpg\"},{\"@type\":\"BreadcrumbList\",\"@id\":\"https:\\\/\\\/noticias.imer.mx\\\/laferia\\\/2011\\\/10\\\/20\\\/libro-analiza-la-importancia-del-cartel-en-el-cine\\\/#breadcrumb\",\"itemListElement\":[{\"@type\":\"ListItem\",\"position\":1,\"name\":\"Home\",\"item\":\"https:\\\/\\\/noticias.imer.mx\\\/laferia\\\/\"},{\"@type\":\"ListItem\",\"position\":2,\"name\":\"Libro analiza la importancia del cartel en el cine\"}]},{\"@type\":\"WebSite\",\"@id\":\"https:\\\/\\\/noticias.imer.mx\\\/laferia\\\/#website\",\"url\":\"https:\\\/\\\/noticias.imer.mx\\\/laferia\\\/\",\"name\":\"La Feria, Carrusel Cultural\",\"description\":\"Instituto Mexicano de la Radio\",\"potentialAction\":[{\"@type\":\"SearchAction\",\"target\":{\"@type\":\"EntryPoint\",\"urlTemplate\":\"https:\\\/\\\/noticias.imer.mx\\\/laferia\\\/?s={search_term_string}\"},\"query-input\":{\"@type\":\"PropertyValueSpecification\",\"valueRequired\":true,\"valueName\":\"search_term_string\"}}],\"inLanguage\":\"es\"},{\"@type\":\"Person\",\"@id\":\"https:\\\/\\\/noticias.imer.mx\\\/laferia\\\/#\\\/schema\\\/person\\\/438ebaa433c79f71687928759130ec9f\",\"name\":\"La Feria\",\"image\":{\"@type\":\"ImageObject\",\"inLanguage\":\"es\",\"@id\":\"https:\\\/\\\/secure.gravatar.com\\\/avatar\\\/cbbcee54e91463e8407e2d70df26959fcb0f097a4069ec4554e8bdaf8765377f?s=96&d=mm&r=g\",\"url\":\"https:\\\/\\\/secure.gravatar.com\\\/avatar\\\/cbbcee54e91463e8407e2d70df26959fcb0f097a4069ec4554e8bdaf8765377f?s=96&d=mm&r=g\",\"contentUrl\":\"https:\\\/\\\/secure.gravatar.com\\\/avatar\\\/cbbcee54e91463e8407e2d70df26959fcb0f097a4069ec4554e8bdaf8765377f?s=96&d=mm&r=g\",\"caption\":\"La Feria\"},\"description\":\"La Feria Carrusel Cultural, es un noticiario que alienta la participaci\u00f3n ciudadana y presenta informaci\u00f3n cultural y cient\u00edfica, de coyuntura, de M\u00e9xico y el mundo. En media hora puede conocer la cartelera cultural y escuchar, en voz de especialistas, entrevistas, asuntos especiales y mesas de an\u00e1lisis. Conducido por Juan Carlos Vald\u00e9s, La Feria Carrusel Cultural, se transmite todos los martes y jueves, de 15:00 a 15:30 horas por Horizonte, en el 107.9 de FM.\",\"url\":\"https:\\\/\\\/noticias.imer.mx\\\/laferia\\\/author\\\/laferia\\\/\"}]}<\/script>\n<!-- \/ Yoast SEO plugin. -->","yoast_head_json":{"title":"Libro analiza la importancia del cartel en el cine  - La Feria, Carrusel Cultural","robots":{"index":"index","follow":"follow","max-snippet":"max-snippet:-1","max-image-preview":"max-image-preview:large","max-video-preview":"max-video-preview:-1"},"canonical":"https:\/\/noticias.imer.mx\/laferia\/2011\/10\/20\/libro-analiza-la-importancia-del-cartel-en-el-cine\/","og_locale":"es_ES","og_type":"article","og_title":"Libro analiza la importancia del cartel en el cine  - La Feria, Carrusel Cultural","og_description":"\u00a0 El libro \u00abHoy grandioso estreno\u00bb \u00a0del investigador y critico Carlos Bonfil recupera la historia del cartel cinematogr\u00e1fico en M\u00e9xico. Informaci\u00f3n Amelia Rojas \u00a0Escuche","og_url":"https:\/\/noticias.imer.mx\/laferia\/2011\/10\/20\/libro-analiza-la-importancia-del-cartel-en-el-cine\/","og_site_name":"La Feria, Carrusel Cultural","article_published_time":"2011-10-20T16:14:44+00:00","article_modified_time":"2012-08-10T16:35:39+00:00","og_image":[{"url":"http:\/\/snn.imer.gob.mx\/laferia\/files\/2012\/08\/LibroCartel-e1344615428531-150x150.jpg","type":"","width":"","height":""}],"author":"La Feria","twitter_card":"summary_large_image","twitter_misc":{"Escrito por":"La Feria"},"schema":{"@context":"https:\/\/schema.org","@graph":[{"@type":"Article","@id":"https:\/\/noticias.imer.mx\/laferia\/2011\/10\/20\/libro-analiza-la-importancia-del-cartel-en-el-cine\/#article","isPartOf":{"@id":"https:\/\/noticias.imer.mx\/laferia\/2011\/10\/20\/libro-analiza-la-importancia-del-cartel-en-el-cine\/"},"author":{"name":"La Feria","@id":"https:\/\/noticias.imer.mx\/laferia\/#\/schema\/person\/438ebaa433c79f71687928759130ec9f"},"headline":"Libro analiza la importancia del cartel en el cine","datePublished":"2011-10-20T16:14:44+00:00","dateModified":"2012-08-10T16:35:39+00:00","mainEntityOfPage":{"@id":"https:\/\/noticias.imer.mx\/laferia\/2011\/10\/20\/libro-analiza-la-importancia-del-cartel-en-el-cine\/"},"wordCount":35,"commentCount":0,"image":{"@id":"https:\/\/noticias.imer.mx\/laferia\/2011\/10\/20\/libro-analiza-la-importancia-del-cartel-en-el-cine\/#primaryimage"},"thumbnailUrl":"http:\/\/snn.imer.gob.mx\/laferia\/files\/2012\/08\/LibroCartel-e1344615428531-150x150.jpg","inLanguage":"es","potentialAction":[{"@type":"CommentAction","name":"Comment","target":["https:\/\/noticias.imer.mx\/laferia\/2011\/10\/20\/libro-analiza-la-importancia-del-cartel-en-el-cine\/#respond"]}]},{"@type":"WebPage","@id":"https:\/\/noticias.imer.mx\/laferia\/2011\/10\/20\/libro-analiza-la-importancia-del-cartel-en-el-cine\/","url":"https:\/\/noticias.imer.mx\/laferia\/2011\/10\/20\/libro-analiza-la-importancia-del-cartel-en-el-cine\/","name":"Libro analiza la importancia del cartel en el cine - La Feria, Carrusel Cultural","isPartOf":{"@id":"https:\/\/noticias.imer.mx\/laferia\/#website"},"primaryImageOfPage":{"@id":"https:\/\/noticias.imer.mx\/laferia\/2011\/10\/20\/libro-analiza-la-importancia-del-cartel-en-el-cine\/#primaryimage"},"image":{"@id":"https:\/\/noticias.imer.mx\/laferia\/2011\/10\/20\/libro-analiza-la-importancia-del-cartel-en-el-cine\/#primaryimage"},"thumbnailUrl":"http:\/\/snn.imer.gob.mx\/laferia\/files\/2012\/08\/LibroCartel-e1344615428531-150x150.jpg","datePublished":"2011-10-20T16:14:44+00:00","dateModified":"2012-08-10T16:35:39+00:00","author":{"@id":"https:\/\/noticias.imer.mx\/laferia\/#\/schema\/person\/438ebaa433c79f71687928759130ec9f"},"breadcrumb":{"@id":"https:\/\/noticias.imer.mx\/laferia\/2011\/10\/20\/libro-analiza-la-importancia-del-cartel-en-el-cine\/#breadcrumb"},"inLanguage":"es","potentialAction":[{"@type":"ReadAction","target":["https:\/\/noticias.imer.mx\/laferia\/2011\/10\/20\/libro-analiza-la-importancia-del-cartel-en-el-cine\/"]}]},{"@type":"ImageObject","inLanguage":"es","@id":"https:\/\/noticias.imer.mx\/laferia\/2011\/10\/20\/libro-analiza-la-importancia-del-cartel-en-el-cine\/#primaryimage","url":"http:\/\/snn.imer.gob.mx\/laferia\/files\/2012\/08\/LibroCartel-e1344615428531-150x150.jpg","contentUrl":"http:\/\/snn.imer.gob.mx\/laferia\/files\/2012\/08\/LibroCartel-e1344615428531-150x150.jpg"},{"@type":"BreadcrumbList","@id":"https:\/\/noticias.imer.mx\/laferia\/2011\/10\/20\/libro-analiza-la-importancia-del-cartel-en-el-cine\/#breadcrumb","itemListElement":[{"@type":"ListItem","position":1,"name":"Home","item":"https:\/\/noticias.imer.mx\/laferia\/"},{"@type":"ListItem","position":2,"name":"Libro analiza la importancia del cartel en el cine"}]},{"@type":"WebSite","@id":"https:\/\/noticias.imer.mx\/laferia\/#website","url":"https:\/\/noticias.imer.mx\/laferia\/","name":"La Feria, Carrusel Cultural","description":"Instituto Mexicano de la Radio","potentialAction":[{"@type":"SearchAction","target":{"@type":"EntryPoint","urlTemplate":"https:\/\/noticias.imer.mx\/laferia\/?s={search_term_string}"},"query-input":{"@type":"PropertyValueSpecification","valueRequired":true,"valueName":"search_term_string"}}],"inLanguage":"es"},{"@type":"Person","@id":"https:\/\/noticias.imer.mx\/laferia\/#\/schema\/person\/438ebaa433c79f71687928759130ec9f","name":"La Feria","image":{"@type":"ImageObject","inLanguage":"es","@id":"https:\/\/secure.gravatar.com\/avatar\/cbbcee54e91463e8407e2d70df26959fcb0f097a4069ec4554e8bdaf8765377f?s=96&d=mm&r=g","url":"https:\/\/secure.gravatar.com\/avatar\/cbbcee54e91463e8407e2d70df26959fcb0f097a4069ec4554e8bdaf8765377f?s=96&d=mm&r=g","contentUrl":"https:\/\/secure.gravatar.com\/avatar\/cbbcee54e91463e8407e2d70df26959fcb0f097a4069ec4554e8bdaf8765377f?s=96&d=mm&r=g","caption":"La Feria"},"description":"La Feria Carrusel Cultural, es un noticiario que alienta la participaci\u00f3n ciudadana y presenta informaci\u00f3n cultural y cient\u00edfica, de coyuntura, de M\u00e9xico y el mundo. En media hora puede conocer la cartelera cultural y escuchar, en voz de especialistas, entrevistas, asuntos especiales y mesas de an\u00e1lisis. Conducido por Juan Carlos Vald\u00e9s, La Feria Carrusel Cultural, se transmite todos los martes y jueves, de 15:00 a 15:30 horas por Horizonte, en el 107.9 de FM.","url":"https:\/\/noticias.imer.mx\/laferia\/author\/laferia\/"}]}},"_links":{"self":[{"href":"https:\/\/noticias.imer.mx\/laferia\/wp-json\/wp\/v2\/posts\/14156","targetHints":{"allow":["GET"]}}],"collection":[{"href":"https:\/\/noticias.imer.mx\/laferia\/wp-json\/wp\/v2\/posts"}],"about":[{"href":"https:\/\/noticias.imer.mx\/laferia\/wp-json\/wp\/v2\/types\/post"}],"author":[{"embeddable":true,"href":"https:\/\/noticias.imer.mx\/laferia\/wp-json\/wp\/v2\/users\/12"}],"replies":[{"embeddable":true,"href":"https:\/\/noticias.imer.mx\/laferia\/wp-json\/wp\/v2\/comments?post=14156"}],"version-history":[{"count":3,"href":"https:\/\/noticias.imer.mx\/laferia\/wp-json\/wp\/v2\/posts\/14156\/revisions"}],"predecessor-version":[{"id":14166,"href":"https:\/\/noticias.imer.mx\/laferia\/wp-json\/wp\/v2\/posts\/14156\/revisions\/14166"}],"wp:attachment":[{"href":"https:\/\/noticias.imer.mx\/laferia\/wp-json\/wp\/v2\/media?parent=14156"}],"wp:term":[{"taxonomy":"category","embeddable":true,"href":"https:\/\/noticias.imer.mx\/laferia\/wp-json\/wp\/v2\/categories?post=14156"},{"taxonomy":"post_tag","embeddable":true,"href":"https:\/\/noticias.imer.mx\/laferia\/wp-json\/wp\/v2\/tags?post=14156"}],"curies":[{"name":"wp","href":"https:\/\/api.w.org\/{rel}","templated":true}]}}