{"id":13428,"date":"2012-06-18T11:52:47","date_gmt":"2012-06-18T17:52:47","guid":{"rendered":"http:\/\/www.blogs.imer.gob.mx\/laferia\/?p=13428"},"modified":"2012-06-20T10:32:58","modified_gmt":"2012-06-20T16:32:58","slug":"ridley-scott-la-transparente-visualidad-del-cine","status":"publish","type":"post","link":"https:\/\/noticias.imer.mx\/laferia\/2012\/06\/18\/ridley-scott-la-transparente-visualidad-del-cine\/","title":{"rendered":"Ridley Scott: la transparente visualidad del cine."},"content":{"rendered":"<h5><a href=\"http:\/\/snn.imer.gob.mx\/laferia\/files\/2012\/06\/RIDLEY-SCOTT2.jpg\"><img decoding=\"async\" loading=\"lazy\" class=\"alignnone  wp-image-13431\" title=\"RIDLEY SCOTT\" src=\"http:\/\/snn.imer.gob.mx\/laferia\/files\/2012\/06\/RIDLEY-SCOTT2-150x150.jpg\" alt=\"\" width=\"119\" height=\"119\" \/><\/a><\/h5>\n<h5><\/h5>\n<h5>Reconocido por dar al espectador una experiencia sensorial en sus pel\u00edculas, el cineasta <strong>Ridley Scott<\/strong> es considerado por <strong>Ignacio Herrera<\/strong> un <em>\u201cartista \u00fanico por cada uno de sus filmes\u201d,\u00a0<\/em> en el libro <strong><em>\u201cRidley Scott: la transparente visualidad del cine\u201d. \u00a0<\/em><\/strong>Informaci\u00f3n David Guti\u00e9rrez. \u00a0<a href=\"http:\/\/snn.imer.gob.mx\/laferia\/files\/2012\/06\/RIDLEY-SCOTT.mp3\">RIDLEY SCOTT<\/a><\/h5>\n<p>&nbsp;<\/p>\n","protected":false},"excerpt":{"rendered":"<p>Reconocido por dar al espectador una experiencia sensorial en sus pel\u00edculas, el cineasta Ridley Scott es considerado por Ignacio Herrera un \u201cartista \u00fanico por cada uno de sus filmes\u201d,\u00a0 en el libro \u201cRidley Scott: la transparente visualidad del cine\u201d. \u00a0Informaci\u00f3n David Guti\u00e9rrez. \u00a0RIDLEY SCOTT &nbsp;<\/p>\n","protected":false},"author":12,"featured_media":0,"comment_status":"open","ping_status":"open","sticky":false,"template":"","format":"standard","meta":{"wp_popup_display_lightbox":0,"wp_popup_suppress":"","wp_popup_trigger":"","wp_popup_trigger_amount":0,"wp_popup_disable_on_mobile":false},"categories":[1],"tags":[],"yoast_head":"<!-- This site is optimized with the Yoast SEO plugin v21.0 - https:\/\/yoast.com\/wordpress\/plugins\/seo\/ -->\n<title>Ridley Scott: la transparente visualidad del cine. - La Feria, Carrusel Cultural<\/title>\n<meta name=\"robots\" content=\"index, follow, max-snippet:-1, max-image-preview:large, max-video-preview:-1\" \/>\n<link rel=\"canonical\" href=\"https:\/\/noticias.imer.mx\/laferia\/2012\/06\/18\/ridley-scott-la-transparente-visualidad-del-cine\/\" \/>\n<meta property=\"og:locale\" content=\"es_ES\" \/>\n<meta property=\"og:type\" content=\"article\" \/>\n<meta property=\"og:title\" content=\"Ridley Scott: la transparente visualidad del cine. - La Feria, Carrusel Cultural\" \/>\n<meta property=\"og:description\" content=\"Reconocido por dar al espectador una experiencia sensorial en sus pel\u00edculas, el cineasta Ridley Scott es considerado por Ignacio Herrera un \u201cartista \u00fanico por cada uno de sus filmes\u201d,\u00a0 en el libro \u201cRidley Scott: la transparente visualidad del cine\u201d. \u00a0Informaci\u00f3n David Guti\u00e9rrez. \u00a0RIDLEY SCOTT &nbsp;\" \/>\n<meta property=\"og:url\" content=\"https:\/\/noticias.imer.mx\/laferia\/2012\/06\/18\/ridley-scott-la-transparente-visualidad-del-cine\/\" \/>\n<meta property=\"og:site_name\" content=\"La Feria, Carrusel Cultural\" \/>\n<meta property=\"article:published_time\" content=\"2012-06-18T17:52:47+00:00\" \/>\n<meta property=\"article:modified_time\" content=\"2012-06-20T16:32:58+00:00\" \/>\n<meta property=\"og:image\" content=\"http:\/\/snn.imer.gob.mx\/laferia\/files\/2012\/06\/RIDLEY-SCOTT2-150x150.jpg\" \/>\n<meta name=\"author\" content=\"La Feria\" \/>\n<meta name=\"twitter:card\" content=\"summary_large_image\" \/>\n<meta name=\"twitter:label1\" content=\"Escrito por\" \/>\n\t<meta name=\"twitter:data1\" content=\"La Feria\" \/>\n<script type=\"application\/ld+json\" class=\"yoast-schema-graph\">{\"@context\":\"https:\/\/schema.org\",\"@graph\":[{\"@type\":\"WebPage\",\"@id\":\"https:\/\/noticias.imer.mx\/laferia\/2012\/06\/18\/ridley-scott-la-transparente-visualidad-del-cine\/\",\"url\":\"https:\/\/noticias.imer.mx\/laferia\/2012\/06\/18\/ridley-scott-la-transparente-visualidad-del-cine\/\",\"name\":\"Ridley Scott: la transparente visualidad del cine. - La Feria, Carrusel Cultural\",\"isPartOf\":{\"@id\":\"https:\/\/noticias.imer.mx\/laferia\/#website\"},\"datePublished\":\"2012-06-18T17:52:47+00:00\",\"dateModified\":\"2012-06-20T16:32:58+00:00\",\"author\":{\"@id\":\"https:\/\/noticias.imer.mx\/laferia\/#\/schema\/person\/438ebaa433c79f71687928759130ec9f\"},\"breadcrumb\":{\"@id\":\"https:\/\/noticias.imer.mx\/laferia\/2012\/06\/18\/ridley-scott-la-transparente-visualidad-del-cine\/#breadcrumb\"},\"inLanguage\":\"es\",\"potentialAction\":[{\"@type\":\"ReadAction\",\"target\":[\"https:\/\/noticias.imer.mx\/laferia\/2012\/06\/18\/ridley-scott-la-transparente-visualidad-del-cine\/\"]}]},{\"@type\":\"BreadcrumbList\",\"@id\":\"https:\/\/noticias.imer.mx\/laferia\/2012\/06\/18\/ridley-scott-la-transparente-visualidad-del-cine\/#breadcrumb\",\"itemListElement\":[{\"@type\":\"ListItem\",\"position\":1,\"name\":\"Home\",\"item\":\"https:\/\/noticias.imer.mx\/laferia\/\"},{\"@type\":\"ListItem\",\"position\":2,\"name\":\"Ridley Scott: la transparente visualidad del cine.\"}]},{\"@type\":\"WebSite\",\"@id\":\"https:\/\/noticias.imer.mx\/laferia\/#website\",\"url\":\"https:\/\/noticias.imer.mx\/laferia\/\",\"name\":\"La Feria, Carrusel Cultural\",\"description\":\"Instituto Mexicano de la Radio\",\"potentialAction\":[{\"@type\":\"SearchAction\",\"target\":{\"@type\":\"EntryPoint\",\"urlTemplate\":\"https:\/\/noticias.imer.mx\/laferia\/?s={search_term_string}\"},\"query-input\":\"required name=search_term_string\"}],\"inLanguage\":\"es\"},{\"@type\":\"Person\",\"@id\":\"https:\/\/noticias.imer.mx\/laferia\/#\/schema\/person\/438ebaa433c79f71687928759130ec9f\",\"name\":\"La Feria\",\"image\":{\"@type\":\"ImageObject\",\"inLanguage\":\"es\",\"@id\":\"https:\/\/noticias.imer.mx\/laferia\/#\/schema\/person\/image\/\",\"url\":\"https:\/\/secure.gravatar.com\/avatar\/69100f68fb4d3a06d1ff6b6cb5310157?s=96&d=mm&r=g\",\"contentUrl\":\"https:\/\/secure.gravatar.com\/avatar\/69100f68fb4d3a06d1ff6b6cb5310157?s=96&d=mm&r=g\",\"caption\":\"La Feria\"},\"description\":\"La Feria Carrusel Cultural, es un noticiario que alienta la participaci\u00f3n ciudadana y presenta informaci\u00f3n cultural y cient\u00edfica, de coyuntura, de M\u00e9xico y el mundo. En media hora puede conocer la cartelera cultural y escuchar, en voz de especialistas, entrevistas, asuntos especiales y mesas de an\u00e1lisis. Conducido por Juan Carlos Vald\u00e9s, La Feria Carrusel Cultural, se transmite todos los martes y jueves, de 15:00 a 15:30 horas por Horizonte, en el 107.9 de FM.\",\"url\":\"https:\/\/noticias.imer.mx\/laferia\/author\/laferia\/\"}]}<\/script>\n<!-- \/ Yoast SEO plugin. -->","yoast_head_json":{"title":"Ridley Scott: la transparente visualidad del cine. - La Feria, Carrusel Cultural","robots":{"index":"index","follow":"follow","max-snippet":"max-snippet:-1","max-image-preview":"max-image-preview:large","max-video-preview":"max-video-preview:-1"},"canonical":"https:\/\/noticias.imer.mx\/laferia\/2012\/06\/18\/ridley-scott-la-transparente-visualidad-del-cine\/","og_locale":"es_ES","og_type":"article","og_title":"Ridley Scott: la transparente visualidad del cine. - La Feria, Carrusel Cultural","og_description":"Reconocido por dar al espectador una experiencia sensorial en sus pel\u00edculas, el cineasta Ridley Scott es considerado por Ignacio Herrera un \u201cartista \u00fanico por cada uno de sus filmes\u201d,\u00a0 en el libro \u201cRidley Scott: la transparente visualidad del cine\u201d. \u00a0Informaci\u00f3n David Guti\u00e9rrez. \u00a0RIDLEY SCOTT &nbsp;","og_url":"https:\/\/noticias.imer.mx\/laferia\/2012\/06\/18\/ridley-scott-la-transparente-visualidad-del-cine\/","og_site_name":"La Feria, Carrusel Cultural","article_published_time":"2012-06-18T17:52:47+00:00","article_modified_time":"2012-06-20T16:32:58+00:00","og_image":[{"url":"http:\/\/snn.imer.gob.mx\/laferia\/files\/2012\/06\/RIDLEY-SCOTT2-150x150.jpg"}],"author":"La Feria","twitter_card":"summary_large_image","twitter_misc":{"Escrito por":"La Feria"},"schema":{"@context":"https:\/\/schema.org","@graph":[{"@type":"WebPage","@id":"https:\/\/noticias.imer.mx\/laferia\/2012\/06\/18\/ridley-scott-la-transparente-visualidad-del-cine\/","url":"https:\/\/noticias.imer.mx\/laferia\/2012\/06\/18\/ridley-scott-la-transparente-visualidad-del-cine\/","name":"Ridley Scott: la transparente visualidad del cine. - La Feria, Carrusel Cultural","isPartOf":{"@id":"https:\/\/noticias.imer.mx\/laferia\/#website"},"datePublished":"2012-06-18T17:52:47+00:00","dateModified":"2012-06-20T16:32:58+00:00","author":{"@id":"https:\/\/noticias.imer.mx\/laferia\/#\/schema\/person\/438ebaa433c79f71687928759130ec9f"},"breadcrumb":{"@id":"https:\/\/noticias.imer.mx\/laferia\/2012\/06\/18\/ridley-scott-la-transparente-visualidad-del-cine\/#breadcrumb"},"inLanguage":"es","potentialAction":[{"@type":"ReadAction","target":["https:\/\/noticias.imer.mx\/laferia\/2012\/06\/18\/ridley-scott-la-transparente-visualidad-del-cine\/"]}]},{"@type":"BreadcrumbList","@id":"https:\/\/noticias.imer.mx\/laferia\/2012\/06\/18\/ridley-scott-la-transparente-visualidad-del-cine\/#breadcrumb","itemListElement":[{"@type":"ListItem","position":1,"name":"Home","item":"https:\/\/noticias.imer.mx\/laferia\/"},{"@type":"ListItem","position":2,"name":"Ridley Scott: la transparente visualidad del cine."}]},{"@type":"WebSite","@id":"https:\/\/noticias.imer.mx\/laferia\/#website","url":"https:\/\/noticias.imer.mx\/laferia\/","name":"La Feria, Carrusel Cultural","description":"Instituto Mexicano de la Radio","potentialAction":[{"@type":"SearchAction","target":{"@type":"EntryPoint","urlTemplate":"https:\/\/noticias.imer.mx\/laferia\/?s={search_term_string}"},"query-input":"required name=search_term_string"}],"inLanguage":"es"},{"@type":"Person","@id":"https:\/\/noticias.imer.mx\/laferia\/#\/schema\/person\/438ebaa433c79f71687928759130ec9f","name":"La Feria","image":{"@type":"ImageObject","inLanguage":"es","@id":"https:\/\/noticias.imer.mx\/laferia\/#\/schema\/person\/image\/","url":"https:\/\/secure.gravatar.com\/avatar\/69100f68fb4d3a06d1ff6b6cb5310157?s=96&d=mm&r=g","contentUrl":"https:\/\/secure.gravatar.com\/avatar\/69100f68fb4d3a06d1ff6b6cb5310157?s=96&d=mm&r=g","caption":"La Feria"},"description":"La Feria Carrusel Cultural, es un noticiario que alienta la participaci\u00f3n ciudadana y presenta informaci\u00f3n cultural y cient\u00edfica, de coyuntura, de M\u00e9xico y el mundo. En media hora puede conocer la cartelera cultural y escuchar, en voz de especialistas, entrevistas, asuntos especiales y mesas de an\u00e1lisis. Conducido por Juan Carlos Vald\u00e9s, La Feria Carrusel Cultural, se transmite todos los martes y jueves, de 15:00 a 15:30 horas por Horizonte, en el 107.9 de FM.","url":"https:\/\/noticias.imer.mx\/laferia\/author\/laferia\/"}]}},"_links":{"self":[{"href":"https:\/\/noticias.imer.mx\/laferia\/wp-json\/wp\/v2\/posts\/13428"}],"collection":[{"href":"https:\/\/noticias.imer.mx\/laferia\/wp-json\/wp\/v2\/posts"}],"about":[{"href":"https:\/\/noticias.imer.mx\/laferia\/wp-json\/wp\/v2\/types\/post"}],"author":[{"embeddable":true,"href":"https:\/\/noticias.imer.mx\/laferia\/wp-json\/wp\/v2\/users\/12"}],"replies":[{"embeddable":true,"href":"https:\/\/noticias.imer.mx\/laferia\/wp-json\/wp\/v2\/comments?post=13428"}],"version-history":[{"count":5,"href":"https:\/\/noticias.imer.mx\/laferia\/wp-json\/wp\/v2\/posts\/13428\/revisions"}],"predecessor-version":[{"id":13486,"href":"https:\/\/noticias.imer.mx\/laferia\/wp-json\/wp\/v2\/posts\/13428\/revisions\/13486"}],"wp:attachment":[{"href":"https:\/\/noticias.imer.mx\/laferia\/wp-json\/wp\/v2\/media?parent=13428"}],"wp:term":[{"taxonomy":"category","embeddable":true,"href":"https:\/\/noticias.imer.mx\/laferia\/wp-json\/wp\/v2\/categories?post=13428"},{"taxonomy":"post_tag","embeddable":true,"href":"https:\/\/noticias.imer.mx\/laferia\/wp-json\/wp\/v2\/tags?post=13428"}],"curies":[{"name":"wp","href":"https:\/\/api.w.org\/{rel}","templated":true}]}}