{"id":12139,"date":"2012-03-27T18:42:45","date_gmt":"2012-03-28T00:42:45","guid":{"rendered":"http:\/\/www.blogs.imer.gob.mx\/laferia\/?p=12139"},"modified":"2012-03-30T14:23:31","modified_gmt":"2012-03-30T20:23:31","slug":"12139","status":"publish","type":"post","link":"https:\/\/noticias.imer.mx\/laferia\/2012\/03\/27\/12139\/","title":{"rendered":"Fernando Botero en Bellas Artes"},"content":{"rendered":"<h5><em><a href=\"http:\/\/snn.imer.gob.mx\/laferia\/files\/2012\/03\/Club-de-jardiner\u00eda-1997.jpg\"><img decoding=\"async\" loading=\"lazy\" class=\"alignleft  wp-image-12172\" src=\"http:\/\/snn.imer.gob.mx\/laferia\/files\/2012\/03\/Club-de-jardiner\u00eda-1997-150x150.jpg\" alt=\"\" width=\"119\" height=\"119\" \/><\/a>\u00a0<\/em><em>\u201cLa pintura se hizo para dar placer siempre no para fastidiar al publico\u201d,<\/em> dijo al artista colombiano <strong>Fernando\u00a0 Botero,<\/strong> de quien se presenta la retrospectiva mas amplia en el Palacio de Bellas Artes, a partir del 29 de marzo.\u00a0 Informaci\u00f3n Juan Carlos Vald\u00e9s. <a href=\"http:\/\/snn.imer.gob.mx\/laferia\/files\/2012\/03\/fernando-botero-ok.mp3\">fernando botero ok<\/a><\/h5>\n","protected":false},"excerpt":{"rendered":"<p>\u00a0\u201cLa pintura se hizo para dar placer siempre no para fastidiar al publico\u201d, dijo al artista colombiano Fernando\u00a0 Botero, de quien se presenta la retrospectiva mas amplia en el Palacio de Bellas Artes, a partir del 29 de marzo.\u00a0 Informaci\u00f3n Juan Carlos Vald\u00e9s. fernando botero ok<\/p>\n","protected":false},"author":12,"featured_media":0,"comment_status":"open","ping_status":"open","sticky":false,"template":"","format":"standard","meta":{"wp_popup_display_lightbox":0,"wp_popup_suppress":"","wp_popup_trigger":"","wp_popup_trigger_amount":0,"wp_popup_disable_on_mobile":false},"categories":[1],"tags":[],"yoast_head":"<!-- This site is optimized with the Yoast SEO plugin v21.0 - https:\/\/yoast.com\/wordpress\/plugins\/seo\/ -->\n<title>Fernando Botero en Bellas Artes  - La Feria, Carrusel Cultural<\/title>\n<meta name=\"robots\" content=\"index, follow, max-snippet:-1, max-image-preview:large, max-video-preview:-1\" \/>\n<link rel=\"canonical\" href=\"https:\/\/noticias.imer.mx\/laferia\/2012\/03\/27\/12139\/\" \/>\n<meta property=\"og:locale\" content=\"es_ES\" \/>\n<meta property=\"og:type\" content=\"article\" \/>\n<meta property=\"og:title\" content=\"Fernando Botero en Bellas Artes  - La Feria, Carrusel Cultural\" \/>\n<meta property=\"og:description\" content=\"\u00a0\u201cLa pintura se hizo para dar placer siempre no para fastidiar al publico\u201d, dijo al artista colombiano Fernando\u00a0 Botero, de quien se presenta la retrospectiva mas amplia en el Palacio de Bellas Artes, a partir del 29 de marzo.\u00a0 Informaci\u00f3n Juan Carlos Vald\u00e9s. fernando botero ok\" \/>\n<meta property=\"og:url\" content=\"https:\/\/noticias.imer.mx\/laferia\/2012\/03\/27\/12139\/\" \/>\n<meta property=\"og:site_name\" content=\"La Feria, Carrusel Cultural\" \/>\n<meta property=\"article:published_time\" content=\"2012-03-28T00:42:45+00:00\" \/>\n<meta property=\"article:modified_time\" content=\"2012-03-30T20:23:31+00:00\" \/>\n<meta name=\"author\" content=\"La Feria\" \/>\n<meta name=\"twitter:card\" content=\"summary_large_image\" \/>\n<meta name=\"twitter:label1\" content=\"Escrito por\" \/>\n\t<meta name=\"twitter:data1\" content=\"La Feria\" \/>\n<script type=\"application\/ld+json\" class=\"yoast-schema-graph\">{\"@context\":\"https:\/\/schema.org\",\"@graph\":[{\"@type\":\"WebPage\",\"@id\":\"https:\/\/noticias.imer.mx\/laferia\/2012\/03\/27\/12139\/\",\"url\":\"https:\/\/noticias.imer.mx\/laferia\/2012\/03\/27\/12139\/\",\"name\":\"Fernando Botero en Bellas Artes - La Feria, Carrusel Cultural\",\"isPartOf\":{\"@id\":\"https:\/\/noticias.imer.mx\/laferia\/#website\"},\"datePublished\":\"2012-03-28T00:42:45+00:00\",\"dateModified\":\"2012-03-30T20:23:31+00:00\",\"author\":{\"@id\":\"https:\/\/noticias.imer.mx\/laferia\/#\/schema\/person\/438ebaa433c79f71687928759130ec9f\"},\"breadcrumb\":{\"@id\":\"https:\/\/noticias.imer.mx\/laferia\/2012\/03\/27\/12139\/#breadcrumb\"},\"inLanguage\":\"es\",\"potentialAction\":[{\"@type\":\"ReadAction\",\"target\":[\"https:\/\/noticias.imer.mx\/laferia\/2012\/03\/27\/12139\/\"]}]},{\"@type\":\"BreadcrumbList\",\"@id\":\"https:\/\/noticias.imer.mx\/laferia\/2012\/03\/27\/12139\/#breadcrumb\",\"itemListElement\":[{\"@type\":\"ListItem\",\"position\":1,\"name\":\"Home\",\"item\":\"https:\/\/noticias.imer.mx\/laferia\/\"},{\"@type\":\"ListItem\",\"position\":2,\"name\":\"Fernando Botero en Bellas Artes\"}]},{\"@type\":\"WebSite\",\"@id\":\"https:\/\/noticias.imer.mx\/laferia\/#website\",\"url\":\"https:\/\/noticias.imer.mx\/laferia\/\",\"name\":\"La Feria, Carrusel Cultural\",\"description\":\"Instituto Mexicano de la Radio\",\"potentialAction\":[{\"@type\":\"SearchAction\",\"target\":{\"@type\":\"EntryPoint\",\"urlTemplate\":\"https:\/\/noticias.imer.mx\/laferia\/?s={search_term_string}\"},\"query-input\":\"required name=search_term_string\"}],\"inLanguage\":\"es\"},{\"@type\":\"Person\",\"@id\":\"https:\/\/noticias.imer.mx\/laferia\/#\/schema\/person\/438ebaa433c79f71687928759130ec9f\",\"name\":\"La Feria\",\"image\":{\"@type\":\"ImageObject\",\"inLanguage\":\"es\",\"@id\":\"https:\/\/noticias.imer.mx\/laferia\/#\/schema\/person\/image\/\",\"url\":\"https:\/\/secure.gravatar.com\/avatar\/69100f68fb4d3a06d1ff6b6cb5310157?s=96&d=mm&r=g\",\"contentUrl\":\"https:\/\/secure.gravatar.com\/avatar\/69100f68fb4d3a06d1ff6b6cb5310157?s=96&d=mm&r=g\",\"caption\":\"La Feria\"},\"description\":\"La Feria Carrusel Cultural, es un noticiario que alienta la participaci\u00f3n ciudadana y presenta informaci\u00f3n cultural y cient\u00edfica, de coyuntura, de M\u00e9xico y el mundo. En media hora puede conocer la cartelera cultural y escuchar, en voz de especialistas, entrevistas, asuntos especiales y mesas de an\u00e1lisis. Conducido por Juan Carlos Vald\u00e9s, La Feria Carrusel Cultural, se transmite todos los martes y jueves, de 15:00 a 15:30 horas por Horizonte, en el 107.9 de FM.\",\"url\":\"https:\/\/noticias.imer.mx\/laferia\/author\/laferia\/\"}]}<\/script>\n<!-- \/ Yoast SEO plugin. -->","yoast_head_json":{"title":"Fernando Botero en Bellas Artes  - La Feria, Carrusel Cultural","robots":{"index":"index","follow":"follow","max-snippet":"max-snippet:-1","max-image-preview":"max-image-preview:large","max-video-preview":"max-video-preview:-1"},"canonical":"https:\/\/noticias.imer.mx\/laferia\/2012\/03\/27\/12139\/","og_locale":"es_ES","og_type":"article","og_title":"Fernando Botero en Bellas Artes  - La Feria, Carrusel Cultural","og_description":"\u00a0\u201cLa pintura se hizo para dar placer siempre no para fastidiar al publico\u201d, dijo al artista colombiano Fernando\u00a0 Botero, de quien se presenta la retrospectiva mas amplia en el Palacio de Bellas Artes, a partir del 29 de marzo.\u00a0 Informaci\u00f3n Juan Carlos Vald\u00e9s. fernando botero ok","og_url":"https:\/\/noticias.imer.mx\/laferia\/2012\/03\/27\/12139\/","og_site_name":"La Feria, Carrusel Cultural","article_published_time":"2012-03-28T00:42:45+00:00","article_modified_time":"2012-03-30T20:23:31+00:00","author":"La Feria","twitter_card":"summary_large_image","twitter_misc":{"Escrito por":"La Feria"},"schema":{"@context":"https:\/\/schema.org","@graph":[{"@type":"WebPage","@id":"https:\/\/noticias.imer.mx\/laferia\/2012\/03\/27\/12139\/","url":"https:\/\/noticias.imer.mx\/laferia\/2012\/03\/27\/12139\/","name":"Fernando Botero en Bellas Artes - La Feria, Carrusel Cultural","isPartOf":{"@id":"https:\/\/noticias.imer.mx\/laferia\/#website"},"datePublished":"2012-03-28T00:42:45+00:00","dateModified":"2012-03-30T20:23:31+00:00","author":{"@id":"https:\/\/noticias.imer.mx\/laferia\/#\/schema\/person\/438ebaa433c79f71687928759130ec9f"},"breadcrumb":{"@id":"https:\/\/noticias.imer.mx\/laferia\/2012\/03\/27\/12139\/#breadcrumb"},"inLanguage":"es","potentialAction":[{"@type":"ReadAction","target":["https:\/\/noticias.imer.mx\/laferia\/2012\/03\/27\/12139\/"]}]},{"@type":"BreadcrumbList","@id":"https:\/\/noticias.imer.mx\/laferia\/2012\/03\/27\/12139\/#breadcrumb","itemListElement":[{"@type":"ListItem","position":1,"name":"Home","item":"https:\/\/noticias.imer.mx\/laferia\/"},{"@type":"ListItem","position":2,"name":"Fernando Botero en Bellas Artes"}]},{"@type":"WebSite","@id":"https:\/\/noticias.imer.mx\/laferia\/#website","url":"https:\/\/noticias.imer.mx\/laferia\/","name":"La Feria, Carrusel Cultural","description":"Instituto Mexicano de la Radio","potentialAction":[{"@type":"SearchAction","target":{"@type":"EntryPoint","urlTemplate":"https:\/\/noticias.imer.mx\/laferia\/?s={search_term_string}"},"query-input":"required name=search_term_string"}],"inLanguage":"es"},{"@type":"Person","@id":"https:\/\/noticias.imer.mx\/laferia\/#\/schema\/person\/438ebaa433c79f71687928759130ec9f","name":"La Feria","image":{"@type":"ImageObject","inLanguage":"es","@id":"https:\/\/noticias.imer.mx\/laferia\/#\/schema\/person\/image\/","url":"https:\/\/secure.gravatar.com\/avatar\/69100f68fb4d3a06d1ff6b6cb5310157?s=96&d=mm&r=g","contentUrl":"https:\/\/secure.gravatar.com\/avatar\/69100f68fb4d3a06d1ff6b6cb5310157?s=96&d=mm&r=g","caption":"La Feria"},"description":"La Feria Carrusel Cultural, es un noticiario que alienta la participaci\u00f3n ciudadana y presenta informaci\u00f3n cultural y cient\u00edfica, de coyuntura, de M\u00e9xico y el mundo. En media hora puede conocer la cartelera cultural y escuchar, en voz de especialistas, entrevistas, asuntos especiales y mesas de an\u00e1lisis. Conducido por Juan Carlos Vald\u00e9s, La Feria Carrusel Cultural, se transmite todos los martes y jueves, de 15:00 a 15:30 horas por Horizonte, en el 107.9 de FM.","url":"https:\/\/noticias.imer.mx\/laferia\/author\/laferia\/"}]}},"_links":{"self":[{"href":"https:\/\/noticias.imer.mx\/laferia\/wp-json\/wp\/v2\/posts\/12139"}],"collection":[{"href":"https:\/\/noticias.imer.mx\/laferia\/wp-json\/wp\/v2\/posts"}],"about":[{"href":"https:\/\/noticias.imer.mx\/laferia\/wp-json\/wp\/v2\/types\/post"}],"author":[{"embeddable":true,"href":"https:\/\/noticias.imer.mx\/laferia\/wp-json\/wp\/v2\/users\/12"}],"replies":[{"embeddable":true,"href":"https:\/\/noticias.imer.mx\/laferia\/wp-json\/wp\/v2\/comments?post=12139"}],"version-history":[{"count":8,"href":"https:\/\/noticias.imer.mx\/laferia\/wp-json\/wp\/v2\/posts\/12139\/revisions"}],"predecessor-version":[{"id":12246,"href":"https:\/\/noticias.imer.mx\/laferia\/wp-json\/wp\/v2\/posts\/12139\/revisions\/12246"}],"wp:attachment":[{"href":"https:\/\/noticias.imer.mx\/laferia\/wp-json\/wp\/v2\/media?parent=12139"}],"wp:term":[{"taxonomy":"category","embeddable":true,"href":"https:\/\/noticias.imer.mx\/laferia\/wp-json\/wp\/v2\/categories?post=12139"},{"taxonomy":"post_tag","embeddable":true,"href":"https:\/\/noticias.imer.mx\/laferia\/wp-json\/wp\/v2\/tags?post=12139"}],"curies":[{"name":"wp","href":"https:\/\/api.w.org\/{rel}","templated":true}]}}