{"id":11976,"date":"2012-03-16T11:55:05","date_gmt":"2012-03-16T17:55:05","guid":{"rendered":"http:\/\/www.blogs.imer.gob.mx\/laferia\/?p=11976"},"modified":"2012-03-16T16:51:19","modified_gmt":"2012-03-16T22:51:19","slug":"concierto-de-la-orquesta-sinfonica-nacional","status":"publish","type":"post","link":"https:\/\/noticias.imer.mx\/laferia\/2012\/03\/16\/concierto-de-la-orquesta-sinfonica-nacional\/","title":{"rendered":"Concierto de la Orquesta Sinf\u00f3nica Nacional"},"content":{"rendered":"<h5><a href=\"http:\/\/snn.imer.gob.mx\/laferia\/files\/2012\/03\/orquesta-sinfonica.jpg\"><img decoding=\"async\" loading=\"lazy\" class=\"alignleft  wp-image-12010\" src=\"http:\/\/snn.imer.gob.mx\/laferia\/files\/2012\/03\/orquesta-sinfonica-150x150.jpg\" alt=\"\" width=\"119\" height=\"119\" \/><\/a><\/h5>\n<h5><\/h5>\n<h5>Del 16 al 18 de marzo la Sala Principal del Palacio de Bellas Artes ser\u00e1 el recinto cultural para el concierto 7, donde se presentar\u00e1 la Obertura Las V\u00edsperas Sicilianas, Masia Muj\u00fa y la Sinfon\u00eda N\u00ba 5 . No olviden consultar la cartelera de la Orquesta Sinf\u00f3nica Nacional de Bellas Artes para mayor informaci\u00f3n.<\/h5>\n","protected":false},"excerpt":{"rendered":"<p>Del 16 al 18 de marzo la Sala Principal del Palacio de Bellas Artes ser\u00e1 el recinto cultural para el concierto 7, donde se presentar\u00e1 la Obertura Las V\u00edsperas Sicilianas, Masia Muj\u00fa y la Sinfon\u00eda N\u00ba 5 . No olviden consultar la cartelera de la Orquesta Sinf\u00f3nica Nacional de Bellas Artes para mayor informaci\u00f3n.<\/p>\n","protected":false},"author":12,"featured_media":0,"comment_status":"open","ping_status":"open","sticky":false,"template":"","format":"standard","meta":{"wp_popup_display_lightbox":0,"wp_popup_suppress":"","wp_popup_trigger":"","wp_popup_trigger_amount":0,"wp_popup_disable_on_mobile":false},"categories":[1],"tags":[],"yoast_head":"<!-- This site is optimized with the Yoast SEO plugin v21.0 - https:\/\/yoast.com\/wordpress\/plugins\/seo\/ -->\n<title>Concierto de la Orquesta Sinf\u00f3nica Nacional - La Feria, Carrusel Cultural<\/title>\n<meta name=\"robots\" content=\"index, follow, max-snippet:-1, max-image-preview:large, max-video-preview:-1\" \/>\n<link rel=\"canonical\" href=\"https:\/\/noticias.imer.mx\/laferia\/2012\/03\/16\/concierto-de-la-orquesta-sinfonica-nacional\/\" \/>\n<meta property=\"og:locale\" content=\"es_ES\" \/>\n<meta property=\"og:type\" content=\"article\" \/>\n<meta property=\"og:title\" content=\"Concierto de la Orquesta Sinf\u00f3nica Nacional - La Feria, Carrusel Cultural\" \/>\n<meta property=\"og:description\" content=\"Del 16 al 18 de marzo la Sala Principal del Palacio de Bellas Artes ser\u00e1 el recinto cultural para el concierto 7, donde se presentar\u00e1 la Obertura Las V\u00edsperas Sicilianas, Masia Muj\u00fa y la Sinfon\u00eda N\u00ba 5 . No olviden consultar la cartelera de la Orquesta Sinf\u00f3nica Nacional de Bellas Artes para mayor informaci\u00f3n.\" \/>\n<meta property=\"og:url\" content=\"https:\/\/noticias.imer.mx\/laferia\/2012\/03\/16\/concierto-de-la-orquesta-sinfonica-nacional\/\" \/>\n<meta property=\"og:site_name\" content=\"La Feria, Carrusel Cultural\" \/>\n<meta property=\"article:published_time\" content=\"2012-03-16T17:55:05+00:00\" \/>\n<meta property=\"article:modified_time\" content=\"2012-03-16T22:51:19+00:00\" \/>\n<meta property=\"og:image\" content=\"http:\/\/snn.imer.gob.mx\/laferia\/files\/2012\/03\/orquesta-sinfonica-150x150.jpg\" \/>\n<meta name=\"author\" content=\"La Feria\" \/>\n<meta name=\"twitter:card\" content=\"summary_large_image\" \/>\n<meta name=\"twitter:label1\" content=\"Escrito por\" \/>\n\t<meta name=\"twitter:data1\" content=\"La Feria\" \/>\n<script type=\"application\/ld+json\" class=\"yoast-schema-graph\">{\"@context\":\"https:\/\/schema.org\",\"@graph\":[{\"@type\":\"WebPage\",\"@id\":\"https:\/\/noticias.imer.mx\/laferia\/2012\/03\/16\/concierto-de-la-orquesta-sinfonica-nacional\/\",\"url\":\"https:\/\/noticias.imer.mx\/laferia\/2012\/03\/16\/concierto-de-la-orquesta-sinfonica-nacional\/\",\"name\":\"Concierto de la Orquesta Sinf\u00f3nica Nacional - La Feria, Carrusel Cultural\",\"isPartOf\":{\"@id\":\"https:\/\/noticias.imer.mx\/laferia\/#website\"},\"datePublished\":\"2012-03-16T17:55:05+00:00\",\"dateModified\":\"2012-03-16T22:51:19+00:00\",\"author\":{\"@id\":\"https:\/\/noticias.imer.mx\/laferia\/#\/schema\/person\/438ebaa433c79f71687928759130ec9f\"},\"breadcrumb\":{\"@id\":\"https:\/\/noticias.imer.mx\/laferia\/2012\/03\/16\/concierto-de-la-orquesta-sinfonica-nacional\/#breadcrumb\"},\"inLanguage\":\"es\",\"potentialAction\":[{\"@type\":\"ReadAction\",\"target\":[\"https:\/\/noticias.imer.mx\/laferia\/2012\/03\/16\/concierto-de-la-orquesta-sinfonica-nacional\/\"]}]},{\"@type\":\"BreadcrumbList\",\"@id\":\"https:\/\/noticias.imer.mx\/laferia\/2012\/03\/16\/concierto-de-la-orquesta-sinfonica-nacional\/#breadcrumb\",\"itemListElement\":[{\"@type\":\"ListItem\",\"position\":1,\"name\":\"Home\",\"item\":\"https:\/\/noticias.imer.mx\/laferia\/\"},{\"@type\":\"ListItem\",\"position\":2,\"name\":\"Concierto de la Orquesta Sinf\u00f3nica Nacional\"}]},{\"@type\":\"WebSite\",\"@id\":\"https:\/\/noticias.imer.mx\/laferia\/#website\",\"url\":\"https:\/\/noticias.imer.mx\/laferia\/\",\"name\":\"La Feria, Carrusel Cultural\",\"description\":\"Instituto Mexicano de la Radio\",\"potentialAction\":[{\"@type\":\"SearchAction\",\"target\":{\"@type\":\"EntryPoint\",\"urlTemplate\":\"https:\/\/noticias.imer.mx\/laferia\/?s={search_term_string}\"},\"query-input\":\"required name=search_term_string\"}],\"inLanguage\":\"es\"},{\"@type\":\"Person\",\"@id\":\"https:\/\/noticias.imer.mx\/laferia\/#\/schema\/person\/438ebaa433c79f71687928759130ec9f\",\"name\":\"La Feria\",\"image\":{\"@type\":\"ImageObject\",\"inLanguage\":\"es\",\"@id\":\"https:\/\/noticias.imer.mx\/laferia\/#\/schema\/person\/image\/\",\"url\":\"https:\/\/secure.gravatar.com\/avatar\/69100f68fb4d3a06d1ff6b6cb5310157?s=96&d=mm&r=g\",\"contentUrl\":\"https:\/\/secure.gravatar.com\/avatar\/69100f68fb4d3a06d1ff6b6cb5310157?s=96&d=mm&r=g\",\"caption\":\"La Feria\"},\"description\":\"La Feria Carrusel Cultural, es un noticiario que alienta la participaci\u00f3n ciudadana y presenta informaci\u00f3n cultural y cient\u00edfica, de coyuntura, de M\u00e9xico y el mundo. En media hora puede conocer la cartelera cultural y escuchar, en voz de especialistas, entrevistas, asuntos especiales y mesas de an\u00e1lisis. Conducido por Juan Carlos Vald\u00e9s, La Feria Carrusel Cultural, se transmite todos los martes y jueves, de 15:00 a 15:30 horas por Horizonte, en el 107.9 de FM.\",\"url\":\"https:\/\/noticias.imer.mx\/laferia\/author\/laferia\/\"}]}<\/script>\n<!-- \/ Yoast SEO plugin. -->","yoast_head_json":{"title":"Concierto de la Orquesta Sinf\u00f3nica Nacional - La Feria, Carrusel Cultural","robots":{"index":"index","follow":"follow","max-snippet":"max-snippet:-1","max-image-preview":"max-image-preview:large","max-video-preview":"max-video-preview:-1"},"canonical":"https:\/\/noticias.imer.mx\/laferia\/2012\/03\/16\/concierto-de-la-orquesta-sinfonica-nacional\/","og_locale":"es_ES","og_type":"article","og_title":"Concierto de la Orquesta Sinf\u00f3nica Nacional - La Feria, Carrusel Cultural","og_description":"Del 16 al 18 de marzo la Sala Principal del Palacio de Bellas Artes ser\u00e1 el recinto cultural para el concierto 7, donde se presentar\u00e1 la Obertura Las V\u00edsperas Sicilianas, Masia Muj\u00fa y la Sinfon\u00eda N\u00ba 5 . No olviden consultar la cartelera de la Orquesta Sinf\u00f3nica Nacional de Bellas Artes para mayor informaci\u00f3n.","og_url":"https:\/\/noticias.imer.mx\/laferia\/2012\/03\/16\/concierto-de-la-orquesta-sinfonica-nacional\/","og_site_name":"La Feria, Carrusel Cultural","article_published_time":"2012-03-16T17:55:05+00:00","article_modified_time":"2012-03-16T22:51:19+00:00","og_image":[{"url":"http:\/\/snn.imer.gob.mx\/laferia\/files\/2012\/03\/orquesta-sinfonica-150x150.jpg"}],"author":"La Feria","twitter_card":"summary_large_image","twitter_misc":{"Escrito por":"La Feria"},"schema":{"@context":"https:\/\/schema.org","@graph":[{"@type":"WebPage","@id":"https:\/\/noticias.imer.mx\/laferia\/2012\/03\/16\/concierto-de-la-orquesta-sinfonica-nacional\/","url":"https:\/\/noticias.imer.mx\/laferia\/2012\/03\/16\/concierto-de-la-orquesta-sinfonica-nacional\/","name":"Concierto de la Orquesta Sinf\u00f3nica Nacional - La Feria, Carrusel Cultural","isPartOf":{"@id":"https:\/\/noticias.imer.mx\/laferia\/#website"},"datePublished":"2012-03-16T17:55:05+00:00","dateModified":"2012-03-16T22:51:19+00:00","author":{"@id":"https:\/\/noticias.imer.mx\/laferia\/#\/schema\/person\/438ebaa433c79f71687928759130ec9f"},"breadcrumb":{"@id":"https:\/\/noticias.imer.mx\/laferia\/2012\/03\/16\/concierto-de-la-orquesta-sinfonica-nacional\/#breadcrumb"},"inLanguage":"es","potentialAction":[{"@type":"ReadAction","target":["https:\/\/noticias.imer.mx\/laferia\/2012\/03\/16\/concierto-de-la-orquesta-sinfonica-nacional\/"]}]},{"@type":"BreadcrumbList","@id":"https:\/\/noticias.imer.mx\/laferia\/2012\/03\/16\/concierto-de-la-orquesta-sinfonica-nacional\/#breadcrumb","itemListElement":[{"@type":"ListItem","position":1,"name":"Home","item":"https:\/\/noticias.imer.mx\/laferia\/"},{"@type":"ListItem","position":2,"name":"Concierto de la Orquesta Sinf\u00f3nica Nacional"}]},{"@type":"WebSite","@id":"https:\/\/noticias.imer.mx\/laferia\/#website","url":"https:\/\/noticias.imer.mx\/laferia\/","name":"La Feria, Carrusel Cultural","description":"Instituto Mexicano de la Radio","potentialAction":[{"@type":"SearchAction","target":{"@type":"EntryPoint","urlTemplate":"https:\/\/noticias.imer.mx\/laferia\/?s={search_term_string}"},"query-input":"required name=search_term_string"}],"inLanguage":"es"},{"@type":"Person","@id":"https:\/\/noticias.imer.mx\/laferia\/#\/schema\/person\/438ebaa433c79f71687928759130ec9f","name":"La Feria","image":{"@type":"ImageObject","inLanguage":"es","@id":"https:\/\/noticias.imer.mx\/laferia\/#\/schema\/person\/image\/","url":"https:\/\/secure.gravatar.com\/avatar\/69100f68fb4d3a06d1ff6b6cb5310157?s=96&d=mm&r=g","contentUrl":"https:\/\/secure.gravatar.com\/avatar\/69100f68fb4d3a06d1ff6b6cb5310157?s=96&d=mm&r=g","caption":"La Feria"},"description":"La Feria Carrusel Cultural, es un noticiario que alienta la participaci\u00f3n ciudadana y presenta informaci\u00f3n cultural y cient\u00edfica, de coyuntura, de M\u00e9xico y el mundo. En media hora puede conocer la cartelera cultural y escuchar, en voz de especialistas, entrevistas, asuntos especiales y mesas de an\u00e1lisis. Conducido por Juan Carlos Vald\u00e9s, La Feria Carrusel Cultural, se transmite todos los martes y jueves, de 15:00 a 15:30 horas por Horizonte, en el 107.9 de FM.","url":"https:\/\/noticias.imer.mx\/laferia\/author\/laferia\/"}]}},"_links":{"self":[{"href":"https:\/\/noticias.imer.mx\/laferia\/wp-json\/wp\/v2\/posts\/11976"}],"collection":[{"href":"https:\/\/noticias.imer.mx\/laferia\/wp-json\/wp\/v2\/posts"}],"about":[{"href":"https:\/\/noticias.imer.mx\/laferia\/wp-json\/wp\/v2\/types\/post"}],"author":[{"embeddable":true,"href":"https:\/\/noticias.imer.mx\/laferia\/wp-json\/wp\/v2\/users\/12"}],"replies":[{"embeddable":true,"href":"https:\/\/noticias.imer.mx\/laferia\/wp-json\/wp\/v2\/comments?post=11976"}],"version-history":[{"count":3,"href":"https:\/\/noticias.imer.mx\/laferia\/wp-json\/wp\/v2\/posts\/11976\/revisions"}],"predecessor-version":[{"id":12009,"href":"https:\/\/noticias.imer.mx\/laferia\/wp-json\/wp\/v2\/posts\/11976\/revisions\/12009"}],"wp:attachment":[{"href":"https:\/\/noticias.imer.mx\/laferia\/wp-json\/wp\/v2\/media?parent=11976"}],"wp:term":[{"taxonomy":"category","embeddable":true,"href":"https:\/\/noticias.imer.mx\/laferia\/wp-json\/wp\/v2\/categories?post=11976"},{"taxonomy":"post_tag","embeddable":true,"href":"https:\/\/noticias.imer.mx\/laferia\/wp-json\/wp\/v2\/tags?post=11976"}],"curies":[{"name":"wp","href":"https:\/\/api.w.org\/{rel}","templated":true}]}}