{"id":10733,"date":"2011-11-24T16:46:51","date_gmt":"2011-11-24T22:46:51","guid":{"rendered":"http:\/\/www.blogs.imer.gob.mx\/laferia\/?p=10733"},"modified":"2011-11-24T16:47:17","modified_gmt":"2011-11-24T22:47:17","slug":"poblacion-negra-en-mexico","status":"publish","type":"post","link":"https:\/\/noticias.imer.mx\/laferia\/2011\/11\/24\/poblacion-negra-en-mexico\/","title":{"rendered":"Poblaci\u00f3n Negra en M\u00e9xico"},"content":{"rendered":"<p><img decoding=\"async\" loading=\"lazy\" class=\"alignleft size-thumbnail wp-image-10735\" src=\"http:\/\/snn.imer.gob.mx\/laferia\/files\/2011\/11\/ClassSpr2005_ZerasGirls_web-150x150.jpg\" alt=\"\" width=\"118\" height=\"106\" \/>Si durante mucho tiempo, no se ha dado importancia a la poblaci\u00f3n ind\u00edgena en<strong> M\u00e9xico<\/strong>, el reconocimiento a la <strong>comunidad negra<\/strong> se presenta como un proceso m\u00e1s complicado, asegur\u00f3 el <strong>Dr. Nemesio Rodr\u00edguez, <\/strong>coordinador del <strong>Programa Universitario M\u00e9xico Naci\u00f3n Multicultural<\/strong> de la<strong> UNAM<\/strong>, en <strong>Oaxaca<\/strong>. Informaci\u00f3n Juan Carlos Vald\u00e9s. <a href=\"http:\/\/snn.imer.gob.mx\/laferia\/files\/2011\/11\/poblaci\u00f3n-negra.mp3\"> Escucha poblaci\u00f3n negra<\/a><\/p>\n","protected":false},"excerpt":{"rendered":"<p>Si durante mucho tiempo, no se ha dado importancia a la poblaci\u00f3n ind\u00edgena en M\u00e9xico, el reconocimiento a la comunidad negra se presenta como un proceso m\u00e1s complicado, asegur\u00f3 el Dr. Nemesio Rodr\u00edguez, coordinador del Programa Universitario M\u00e9xico Naci\u00f3n Multicultural de la UNAM, en Oaxaca. Informaci\u00f3n Juan Carlos Vald\u00e9s. Escucha poblaci\u00f3n negra<\/p>\n","protected":false},"author":12,"featured_media":0,"comment_status":"open","ping_status":"open","sticky":false,"template":"","format":"standard","meta":{"wp_popup_display_lightbox":0,"wp_popup_suppress":"","wp_popup_trigger":"","wp_popup_trigger_amount":0,"wp_popup_disable_on_mobile":false},"categories":[1],"tags":[],"yoast_head":"<!-- This site is optimized with the Yoast SEO plugin v21.0 - https:\/\/yoast.com\/wordpress\/plugins\/seo\/ -->\n<title>Poblaci\u00f3n Negra en M\u00e9xico  - La Feria, Carrusel Cultural<\/title>\n<meta name=\"robots\" content=\"index, follow, max-snippet:-1, max-image-preview:large, max-video-preview:-1\" \/>\n<link rel=\"canonical\" href=\"https:\/\/noticias.imer.mx\/laferia\/2011\/11\/24\/poblacion-negra-en-mexico\/\" \/>\n<meta property=\"og:locale\" content=\"es_ES\" \/>\n<meta property=\"og:type\" content=\"article\" \/>\n<meta property=\"og:title\" content=\"Poblaci\u00f3n Negra en M\u00e9xico  - La Feria, Carrusel Cultural\" \/>\n<meta property=\"og:description\" content=\"Si durante mucho tiempo, no se ha dado importancia a la poblaci\u00f3n ind\u00edgena en M\u00e9xico, el reconocimiento a la comunidad negra se presenta como un proceso m\u00e1s complicado, asegur\u00f3 el Dr. Nemesio Rodr\u00edguez, coordinador del Programa Universitario M\u00e9xico Naci\u00f3n Multicultural de la UNAM, en Oaxaca. Informaci\u00f3n Juan Carlos Vald\u00e9s. Escucha poblaci\u00f3n negra\" \/>\n<meta property=\"og:url\" content=\"https:\/\/noticias.imer.mx\/laferia\/2011\/11\/24\/poblacion-negra-en-mexico\/\" \/>\n<meta property=\"og:site_name\" content=\"La Feria, Carrusel Cultural\" \/>\n<meta property=\"article:published_time\" content=\"2011-11-24T22:46:51+00:00\" \/>\n<meta property=\"article:modified_time\" content=\"2011-11-24T22:47:17+00:00\" \/>\n<meta property=\"og:image\" content=\"http:\/\/snn.imer.gob.mx\/laferia\/files\/2011\/11\/ClassSpr2005_ZerasGirls_web-150x150.jpg\" \/>\n<meta name=\"author\" content=\"La Feria\" \/>\n<meta name=\"twitter:card\" content=\"summary_large_image\" \/>\n<meta name=\"twitter:label1\" content=\"Escrito por\" \/>\n\t<meta name=\"twitter:data1\" content=\"La Feria\" \/>\n<script type=\"application\/ld+json\" class=\"yoast-schema-graph\">{\"@context\":\"https:\/\/schema.org\",\"@graph\":[{\"@type\":\"WebPage\",\"@id\":\"https:\/\/noticias.imer.mx\/laferia\/2011\/11\/24\/poblacion-negra-en-mexico\/\",\"url\":\"https:\/\/noticias.imer.mx\/laferia\/2011\/11\/24\/poblacion-negra-en-mexico\/\",\"name\":\"Poblaci\u00f3n Negra en M\u00e9xico - La Feria, Carrusel Cultural\",\"isPartOf\":{\"@id\":\"https:\/\/noticias.imer.mx\/laferia\/#website\"},\"datePublished\":\"2011-11-24T22:46:51+00:00\",\"dateModified\":\"2011-11-24T22:47:17+00:00\",\"author\":{\"@id\":\"https:\/\/noticias.imer.mx\/laferia\/#\/schema\/person\/438ebaa433c79f71687928759130ec9f\"},\"breadcrumb\":{\"@id\":\"https:\/\/noticias.imer.mx\/laferia\/2011\/11\/24\/poblacion-negra-en-mexico\/#breadcrumb\"},\"inLanguage\":\"es\",\"potentialAction\":[{\"@type\":\"ReadAction\",\"target\":[\"https:\/\/noticias.imer.mx\/laferia\/2011\/11\/24\/poblacion-negra-en-mexico\/\"]}]},{\"@type\":\"BreadcrumbList\",\"@id\":\"https:\/\/noticias.imer.mx\/laferia\/2011\/11\/24\/poblacion-negra-en-mexico\/#breadcrumb\",\"itemListElement\":[{\"@type\":\"ListItem\",\"position\":1,\"name\":\"Home\",\"item\":\"https:\/\/noticias.imer.mx\/laferia\/\"},{\"@type\":\"ListItem\",\"position\":2,\"name\":\"Poblaci\u00f3n Negra en M\u00e9xico\"}]},{\"@type\":\"WebSite\",\"@id\":\"https:\/\/noticias.imer.mx\/laferia\/#website\",\"url\":\"https:\/\/noticias.imer.mx\/laferia\/\",\"name\":\"La Feria, Carrusel Cultural\",\"description\":\"Instituto Mexicano de la Radio\",\"potentialAction\":[{\"@type\":\"SearchAction\",\"target\":{\"@type\":\"EntryPoint\",\"urlTemplate\":\"https:\/\/noticias.imer.mx\/laferia\/?s={search_term_string}\"},\"query-input\":\"required name=search_term_string\"}],\"inLanguage\":\"es\"},{\"@type\":\"Person\",\"@id\":\"https:\/\/noticias.imer.mx\/laferia\/#\/schema\/person\/438ebaa433c79f71687928759130ec9f\",\"name\":\"La Feria\",\"image\":{\"@type\":\"ImageObject\",\"inLanguage\":\"es\",\"@id\":\"https:\/\/noticias.imer.mx\/laferia\/#\/schema\/person\/image\/\",\"url\":\"https:\/\/secure.gravatar.com\/avatar\/69100f68fb4d3a06d1ff6b6cb5310157?s=96&d=mm&r=g\",\"contentUrl\":\"https:\/\/secure.gravatar.com\/avatar\/69100f68fb4d3a06d1ff6b6cb5310157?s=96&d=mm&r=g\",\"caption\":\"La Feria\"},\"description\":\"La Feria Carrusel Cultural, es un noticiario que alienta la participaci\u00f3n ciudadana y presenta informaci\u00f3n cultural y cient\u00edfica, de coyuntura, de M\u00e9xico y el mundo. En media hora puede conocer la cartelera cultural y escuchar, en voz de especialistas, entrevistas, asuntos especiales y mesas de an\u00e1lisis. Conducido por Juan Carlos Vald\u00e9s, La Feria Carrusel Cultural, se transmite todos los martes y jueves, de 15:00 a 15:30 horas por Horizonte, en el 107.9 de FM.\",\"url\":\"https:\/\/noticias.imer.mx\/laferia\/author\/laferia\/\"}]}<\/script>\n<!-- \/ Yoast SEO plugin. -->","yoast_head_json":{"title":"Poblaci\u00f3n Negra en M\u00e9xico  - La Feria, Carrusel Cultural","robots":{"index":"index","follow":"follow","max-snippet":"max-snippet:-1","max-image-preview":"max-image-preview:large","max-video-preview":"max-video-preview:-1"},"canonical":"https:\/\/noticias.imer.mx\/laferia\/2011\/11\/24\/poblacion-negra-en-mexico\/","og_locale":"es_ES","og_type":"article","og_title":"Poblaci\u00f3n Negra en M\u00e9xico  - La Feria, Carrusel Cultural","og_description":"Si durante mucho tiempo, no se ha dado importancia a la poblaci\u00f3n ind\u00edgena en M\u00e9xico, el reconocimiento a la comunidad negra se presenta como un proceso m\u00e1s complicado, asegur\u00f3 el Dr. Nemesio Rodr\u00edguez, coordinador del Programa Universitario M\u00e9xico Naci\u00f3n Multicultural de la UNAM, en Oaxaca. Informaci\u00f3n Juan Carlos Vald\u00e9s. Escucha poblaci\u00f3n negra","og_url":"https:\/\/noticias.imer.mx\/laferia\/2011\/11\/24\/poblacion-negra-en-mexico\/","og_site_name":"La Feria, Carrusel Cultural","article_published_time":"2011-11-24T22:46:51+00:00","article_modified_time":"2011-11-24T22:47:17+00:00","og_image":[{"url":"http:\/\/snn.imer.gob.mx\/laferia\/files\/2011\/11\/ClassSpr2005_ZerasGirls_web-150x150.jpg"}],"author":"La Feria","twitter_card":"summary_large_image","twitter_misc":{"Escrito por":"La Feria"},"schema":{"@context":"https:\/\/schema.org","@graph":[{"@type":"WebPage","@id":"https:\/\/noticias.imer.mx\/laferia\/2011\/11\/24\/poblacion-negra-en-mexico\/","url":"https:\/\/noticias.imer.mx\/laferia\/2011\/11\/24\/poblacion-negra-en-mexico\/","name":"Poblaci\u00f3n Negra en M\u00e9xico - La Feria, Carrusel Cultural","isPartOf":{"@id":"https:\/\/noticias.imer.mx\/laferia\/#website"},"datePublished":"2011-11-24T22:46:51+00:00","dateModified":"2011-11-24T22:47:17+00:00","author":{"@id":"https:\/\/noticias.imer.mx\/laferia\/#\/schema\/person\/438ebaa433c79f71687928759130ec9f"},"breadcrumb":{"@id":"https:\/\/noticias.imer.mx\/laferia\/2011\/11\/24\/poblacion-negra-en-mexico\/#breadcrumb"},"inLanguage":"es","potentialAction":[{"@type":"ReadAction","target":["https:\/\/noticias.imer.mx\/laferia\/2011\/11\/24\/poblacion-negra-en-mexico\/"]}]},{"@type":"BreadcrumbList","@id":"https:\/\/noticias.imer.mx\/laferia\/2011\/11\/24\/poblacion-negra-en-mexico\/#breadcrumb","itemListElement":[{"@type":"ListItem","position":1,"name":"Home","item":"https:\/\/noticias.imer.mx\/laferia\/"},{"@type":"ListItem","position":2,"name":"Poblaci\u00f3n Negra en M\u00e9xico"}]},{"@type":"WebSite","@id":"https:\/\/noticias.imer.mx\/laferia\/#website","url":"https:\/\/noticias.imer.mx\/laferia\/","name":"La Feria, Carrusel Cultural","description":"Instituto Mexicano de la Radio","potentialAction":[{"@type":"SearchAction","target":{"@type":"EntryPoint","urlTemplate":"https:\/\/noticias.imer.mx\/laferia\/?s={search_term_string}"},"query-input":"required name=search_term_string"}],"inLanguage":"es"},{"@type":"Person","@id":"https:\/\/noticias.imer.mx\/laferia\/#\/schema\/person\/438ebaa433c79f71687928759130ec9f","name":"La Feria","image":{"@type":"ImageObject","inLanguage":"es","@id":"https:\/\/noticias.imer.mx\/laferia\/#\/schema\/person\/image\/","url":"https:\/\/secure.gravatar.com\/avatar\/69100f68fb4d3a06d1ff6b6cb5310157?s=96&d=mm&r=g","contentUrl":"https:\/\/secure.gravatar.com\/avatar\/69100f68fb4d3a06d1ff6b6cb5310157?s=96&d=mm&r=g","caption":"La Feria"},"description":"La Feria Carrusel Cultural, es un noticiario que alienta la participaci\u00f3n ciudadana y presenta informaci\u00f3n cultural y cient\u00edfica, de coyuntura, de M\u00e9xico y el mundo. En media hora puede conocer la cartelera cultural y escuchar, en voz de especialistas, entrevistas, asuntos especiales y mesas de an\u00e1lisis. Conducido por Juan Carlos Vald\u00e9s, La Feria Carrusel Cultural, se transmite todos los martes y jueves, de 15:00 a 15:30 horas por Horizonte, en el 107.9 de FM.","url":"https:\/\/noticias.imer.mx\/laferia\/author\/laferia\/"}]}},"_links":{"self":[{"href":"https:\/\/noticias.imer.mx\/laferia\/wp-json\/wp\/v2\/posts\/10733"}],"collection":[{"href":"https:\/\/noticias.imer.mx\/laferia\/wp-json\/wp\/v2\/posts"}],"about":[{"href":"https:\/\/noticias.imer.mx\/laferia\/wp-json\/wp\/v2\/types\/post"}],"author":[{"embeddable":true,"href":"https:\/\/noticias.imer.mx\/laferia\/wp-json\/wp\/v2\/users\/12"}],"replies":[{"embeddable":true,"href":"https:\/\/noticias.imer.mx\/laferia\/wp-json\/wp\/v2\/comments?post=10733"}],"version-history":[{"count":3,"href":"https:\/\/noticias.imer.mx\/laferia\/wp-json\/wp\/v2\/posts\/10733\/revisions"}],"predecessor-version":[{"id":10737,"href":"https:\/\/noticias.imer.mx\/laferia\/wp-json\/wp\/v2\/posts\/10733\/revisions\/10737"}],"wp:attachment":[{"href":"https:\/\/noticias.imer.mx\/laferia\/wp-json\/wp\/v2\/media?parent=10733"}],"wp:term":[{"taxonomy":"category","embeddable":true,"href":"https:\/\/noticias.imer.mx\/laferia\/wp-json\/wp\/v2\/categories?post=10733"},{"taxonomy":"post_tag","embeddable":true,"href":"https:\/\/noticias.imer.mx\/laferia\/wp-json\/wp\/v2\/tags?post=10733"}],"curies":[{"name":"wp","href":"https:\/\/api.w.org\/{rel}","templated":true}]}}