{"id":10406,"date":"2011-10-20T16:00:31","date_gmt":"2011-10-20T22:00:31","guid":{"rendered":"http:\/\/www.blogs.imer.gob.mx\/laferia\/?p=10406"},"modified":"2011-10-20T17:42:14","modified_gmt":"2011-10-20T23:42:14","slug":"%e2%80%9choy-grandioso-estreno%e2%80%9d","status":"publish","type":"post","link":"https:\/\/noticias.imer.mx\/laferia\/2011\/10\/20\/%e2%80%9choy-grandioso-estreno%e2%80%9d\/","title":{"rendered":"La historia del cartel cinematogr\u00e1fico en M\u00e9xico"},"content":{"rendered":"<p><a href=\"http:\/\/snn.imer.gob.mx\/laferia\/files\/2011\/10\/20080513klphishmx_45_Ies_SCO.jpg\"><img loading=\"lazy\" decoding=\"async\" class=\"size-thumbnail wp-image-10412 alignleft\" src=\"http:\/\/snn.imer.gob.mx\/laferia\/files\/2011\/10\/20080513klphishmx_45_Ies_SCO-150x150.jpg\" alt=\"\" width=\"108\" height=\"108\" \/><\/a>La recuperaci\u00f3n de la historia del cartel cinematogr\u00e1fico en M\u00e9xico es tambi\u00e9n el rescate de la identidad del mexicano, asegura en entrevista con La Feria Carrusel Cultural, el cr\u00edtico de cine <strong>Carlos Bonfil<\/strong>, autor del libro:<strong> \u201cHoy grandioso estreno\u201d<\/strong>. <a href=\"http:\/\/snn.imer.gob.mx\/laferia\/files\/2011\/10\/entrevista1.mp3\">Escucha<\/a><\/p>\n","protected":false},"excerpt":{"rendered":"<p>La recuperaci\u00f3n de la historia del cartel cinematogr\u00e1fico en M\u00e9xico es tambi\u00e9n el rescate de la identidad del mexicano, asegura en entrevista con La Feria Carrusel Cultural, el cr\u00edtico de cine Carlos Bonfil, autor del libro: \u201cHoy grandioso estreno\u201d. Escucha<\/p>\n","protected":false},"author":12,"featured_media":0,"comment_status":"open","ping_status":"open","sticky":false,"template":"","format":"standard","meta":{"footnotes":""},"categories":[1],"tags":[],"class_list":["post-10406","post","type-post","status-publish","format-standard","hentry","category-sin-categoria","category-1","description-off"],"yoast_head":"<!-- This site is optimized with the Yoast SEO plugin v28.3 - https:\/\/yoast.com\/product\/yoast-seo-wordpress\/ -->\n<title>La historia del cartel cinematogr\u00e1fico en M\u00e9xico - La Feria, Carrusel Cultural<\/title>\n<meta name=\"robots\" content=\"index, follow, max-snippet:-1, max-image-preview:large, max-video-preview:-1\" \/>\n<link rel=\"canonical\" href=\"https:\/\/noticias.imer.mx\/laferia\/2011\/10\/20\/\u201choy-grandioso-estreno\u201d\/\" \/>\n<meta property=\"og:locale\" content=\"es_ES\" \/>\n<meta property=\"og:type\" content=\"article\" \/>\n<meta property=\"og:title\" content=\"La historia del cartel cinematogr\u00e1fico en M\u00e9xico - La Feria, Carrusel Cultural\" \/>\n<meta property=\"og:description\" content=\"La recuperaci\u00f3n de la historia del cartel cinematogr\u00e1fico en M\u00e9xico es tambi\u00e9n el rescate de la identidad del mexicano, asegura en entrevista con La Feria Carrusel Cultural, el cr\u00edtico de cine Carlos Bonfil, autor del libro: \u201cHoy grandioso estreno\u201d. Escucha\" \/>\n<meta property=\"og:url\" content=\"https:\/\/noticias.imer.mx\/laferia\/2011\/10\/20\/\u201choy-grandioso-estreno\u201d\/\" \/>\n<meta property=\"og:site_name\" content=\"La Feria, Carrusel Cultural\" \/>\n<meta property=\"article:published_time\" content=\"2011-10-20T22:00:31+00:00\" \/>\n<meta property=\"article:modified_time\" content=\"2011-10-20T23:42:14+00:00\" \/>\n<meta property=\"og:image\" content=\"http:\/\/snn.imer.gob.mx\/laferia\/files\/2011\/10\/20080513klphishmx_45_Ies_SCO-150x150.jpg\" \/>\n<meta name=\"author\" content=\"La Feria\" \/>\n<meta name=\"twitter:card\" content=\"summary_large_image\" \/>\n<meta name=\"twitter:label1\" content=\"Escrito por\" \/>\n\t<meta name=\"twitter:data1\" content=\"La Feria\" \/>\n<script type=\"application\/ld+json\" class=\"yoast-schema-graph\">{\"@context\":\"https:\\\/\\\/schema.org\",\"@graph\":[{\"@type\":\"Article\",\"@id\":\"https:\\\/\\\/noticias.imer.mx\\\/laferia\\\/2011\\\/10\\\/20\\\/%e2%80%9choy-grandioso-estreno%e2%80%9d\\\/#article\",\"isPartOf\":{\"@id\":\"https:\\\/\\\/noticias.imer.mx\\\/laferia\\\/2011\\\/10\\\/20\\\/%e2%80%9choy-grandioso-estreno%e2%80%9d\\\/\"},\"author\":{\"name\":\"La Feria\",\"@id\":\"https:\\\/\\\/noticias.imer.mx\\\/laferia\\\/#\\\/schema\\\/person\\\/438ebaa433c79f71687928759130ec9f\"},\"headline\":\"La historia del cartel cinematogr\u00e1fico en M\u00e9xico\",\"datePublished\":\"2011-10-20T22:00:31+00:00\",\"dateModified\":\"2011-10-20T23:42:14+00:00\",\"mainEntityOfPage\":{\"@id\":\"https:\\\/\\\/noticias.imer.mx\\\/laferia\\\/2011\\\/10\\\/20\\\/%e2%80%9choy-grandioso-estreno%e2%80%9d\\\/\"},\"wordCount\":54,\"commentCount\":0,\"image\":{\"@id\":\"https:\\\/\\\/noticias.imer.mx\\\/laferia\\\/2011\\\/10\\\/20\\\/%e2%80%9choy-grandioso-estreno%e2%80%9d\\\/#primaryimage\"},\"thumbnailUrl\":\"http:\\\/\\\/snn.imer.gob.mx\\\/laferia\\\/files\\\/2011\\\/10\\\/20080513klphishmx_45_Ies_SCO-150x150.jpg\",\"inLanguage\":\"es\",\"potentialAction\":[{\"@type\":\"CommentAction\",\"name\":\"Comment\",\"target\":[\"https:\\\/\\\/noticias.imer.mx\\\/laferia\\\/2011\\\/10\\\/20\\\/%e2%80%9choy-grandioso-estreno%e2%80%9d\\\/#respond\"]}]},{\"@type\":\"WebPage\",\"@id\":\"https:\\\/\\\/noticias.imer.mx\\\/laferia\\\/2011\\\/10\\\/20\\\/%e2%80%9choy-grandioso-estreno%e2%80%9d\\\/\",\"url\":\"https:\\\/\\\/noticias.imer.mx\\\/laferia\\\/2011\\\/10\\\/20\\\/%e2%80%9choy-grandioso-estreno%e2%80%9d\\\/\",\"name\":\"La historia del cartel cinematogr\u00e1fico en M\u00e9xico - La Feria, Carrusel Cultural\",\"isPartOf\":{\"@id\":\"https:\\\/\\\/noticias.imer.mx\\\/laferia\\\/#website\"},\"primaryImageOfPage\":{\"@id\":\"https:\\\/\\\/noticias.imer.mx\\\/laferia\\\/2011\\\/10\\\/20\\\/%e2%80%9choy-grandioso-estreno%e2%80%9d\\\/#primaryimage\"},\"image\":{\"@id\":\"https:\\\/\\\/noticias.imer.mx\\\/laferia\\\/2011\\\/10\\\/20\\\/%e2%80%9choy-grandioso-estreno%e2%80%9d\\\/#primaryimage\"},\"thumbnailUrl\":\"http:\\\/\\\/snn.imer.gob.mx\\\/laferia\\\/files\\\/2011\\\/10\\\/20080513klphishmx_45_Ies_SCO-150x150.jpg\",\"datePublished\":\"2011-10-20T22:00:31+00:00\",\"dateModified\":\"2011-10-20T23:42:14+00:00\",\"author\":{\"@id\":\"https:\\\/\\\/noticias.imer.mx\\\/laferia\\\/#\\\/schema\\\/person\\\/438ebaa433c79f71687928759130ec9f\"},\"breadcrumb\":{\"@id\":\"https:\\\/\\\/noticias.imer.mx\\\/laferia\\\/2011\\\/10\\\/20\\\/%e2%80%9choy-grandioso-estreno%e2%80%9d\\\/#breadcrumb\"},\"inLanguage\":\"es\",\"potentialAction\":[{\"@type\":\"ReadAction\",\"target\":[\"https:\\\/\\\/noticias.imer.mx\\\/laferia\\\/2011\\\/10\\\/20\\\/%e2%80%9choy-grandioso-estreno%e2%80%9d\\\/\"]}]},{\"@type\":\"ImageObject\",\"inLanguage\":\"es\",\"@id\":\"https:\\\/\\\/noticias.imer.mx\\\/laferia\\\/2011\\\/10\\\/20\\\/%e2%80%9choy-grandioso-estreno%e2%80%9d\\\/#primaryimage\",\"url\":\"http:\\\/\\\/snn.imer.gob.mx\\\/laferia\\\/files\\\/2011\\\/10\\\/20080513klphishmx_45_Ies_SCO-150x150.jpg\",\"contentUrl\":\"http:\\\/\\\/snn.imer.gob.mx\\\/laferia\\\/files\\\/2011\\\/10\\\/20080513klphishmx_45_Ies_SCO-150x150.jpg\"},{\"@type\":\"BreadcrumbList\",\"@id\":\"https:\\\/\\\/noticias.imer.mx\\\/laferia\\\/2011\\\/10\\\/20\\\/%e2%80%9choy-grandioso-estreno%e2%80%9d\\\/#breadcrumb\",\"itemListElement\":[{\"@type\":\"ListItem\",\"position\":1,\"name\":\"Home\",\"item\":\"https:\\\/\\\/noticias.imer.mx\\\/laferia\\\/\"},{\"@type\":\"ListItem\",\"position\":2,\"name\":\"La historia del cartel cinematogr\u00e1fico en M\u00e9xico\"}]},{\"@type\":\"WebSite\",\"@id\":\"https:\\\/\\\/noticias.imer.mx\\\/laferia\\\/#website\",\"url\":\"https:\\\/\\\/noticias.imer.mx\\\/laferia\\\/\",\"name\":\"La Feria, Carrusel Cultural\",\"description\":\"Instituto Mexicano de la Radio\",\"potentialAction\":[{\"@type\":\"SearchAction\",\"target\":{\"@type\":\"EntryPoint\",\"urlTemplate\":\"https:\\\/\\\/noticias.imer.mx\\\/laferia\\\/?s={search_term_string}\"},\"query-input\":{\"@type\":\"PropertyValueSpecification\",\"valueRequired\":true,\"valueName\":\"search_term_string\"}}],\"inLanguage\":\"es\"},{\"@type\":\"Person\",\"@id\":\"https:\\\/\\\/noticias.imer.mx\\\/laferia\\\/#\\\/schema\\\/person\\\/438ebaa433c79f71687928759130ec9f\",\"name\":\"La Feria\",\"image\":{\"@type\":\"ImageObject\",\"inLanguage\":\"es\",\"@id\":\"https:\\\/\\\/secure.gravatar.com\\\/avatar\\\/cbbcee54e91463e8407e2d70df26959fcb0f097a4069ec4554e8bdaf8765377f?s=96&d=mm&r=g\",\"url\":\"https:\\\/\\\/secure.gravatar.com\\\/avatar\\\/cbbcee54e91463e8407e2d70df26959fcb0f097a4069ec4554e8bdaf8765377f?s=96&d=mm&r=g\",\"contentUrl\":\"https:\\\/\\\/secure.gravatar.com\\\/avatar\\\/cbbcee54e91463e8407e2d70df26959fcb0f097a4069ec4554e8bdaf8765377f?s=96&d=mm&r=g\",\"caption\":\"La Feria\"},\"description\":\"La Feria Carrusel Cultural, es un noticiario que alienta la participaci\u00f3n ciudadana y presenta informaci\u00f3n cultural y cient\u00edfica, de coyuntura, de M\u00e9xico y el mundo. En media hora puede conocer la cartelera cultural y escuchar, en voz de especialistas, entrevistas, asuntos especiales y mesas de an\u00e1lisis. Conducido por Juan Carlos Vald\u00e9s, La Feria Carrusel Cultural, se transmite todos los martes y jueves, de 15:00 a 15:30 horas por Horizonte, en el 107.9 de FM.\",\"url\":\"https:\\\/\\\/noticias.imer.mx\\\/laferia\\\/author\\\/laferia\\\/\"}]}<\/script>\n<!-- \/ Yoast SEO plugin. -->","yoast_head_json":{"title":"La historia del cartel cinematogr\u00e1fico en M\u00e9xico - La Feria, Carrusel Cultural","robots":{"index":"index","follow":"follow","max-snippet":"max-snippet:-1","max-image-preview":"max-image-preview:large","max-video-preview":"max-video-preview:-1"},"canonical":"https:\/\/noticias.imer.mx\/laferia\/2011\/10\/20\/\u201choy-grandioso-estreno\u201d\/","og_locale":"es_ES","og_type":"article","og_title":"La historia del cartel cinematogr\u00e1fico en M\u00e9xico - La Feria, Carrusel Cultural","og_description":"La recuperaci\u00f3n de la historia del cartel cinematogr\u00e1fico en M\u00e9xico es tambi\u00e9n el rescate de la identidad del mexicano, asegura en entrevista con La Feria Carrusel Cultural, el cr\u00edtico de cine Carlos Bonfil, autor del libro: \u201cHoy grandioso estreno\u201d. Escucha","og_url":"https:\/\/noticias.imer.mx\/laferia\/2011\/10\/20\/\u201choy-grandioso-estreno\u201d\/","og_site_name":"La Feria, Carrusel Cultural","article_published_time":"2011-10-20T22:00:31+00:00","article_modified_time":"2011-10-20T23:42:14+00:00","og_image":[{"url":"http:\/\/snn.imer.gob.mx\/laferia\/files\/2011\/10\/20080513klphishmx_45_Ies_SCO-150x150.jpg","type":"","width":"","height":""}],"author":"La Feria","twitter_card":"summary_large_image","twitter_misc":{"Escrito por":"La Feria"},"schema":{"@context":"https:\/\/schema.org","@graph":[{"@type":"Article","@id":"https:\/\/noticias.imer.mx\/laferia\/2011\/10\/20\/%e2%80%9choy-grandioso-estreno%e2%80%9d\/#article","isPartOf":{"@id":"https:\/\/noticias.imer.mx\/laferia\/2011\/10\/20\/%e2%80%9choy-grandioso-estreno%e2%80%9d\/"},"author":{"name":"La Feria","@id":"https:\/\/noticias.imer.mx\/laferia\/#\/schema\/person\/438ebaa433c79f71687928759130ec9f"},"headline":"La historia del cartel cinematogr\u00e1fico en M\u00e9xico","datePublished":"2011-10-20T22:00:31+00:00","dateModified":"2011-10-20T23:42:14+00:00","mainEntityOfPage":{"@id":"https:\/\/noticias.imer.mx\/laferia\/2011\/10\/20\/%e2%80%9choy-grandioso-estreno%e2%80%9d\/"},"wordCount":54,"commentCount":0,"image":{"@id":"https:\/\/noticias.imer.mx\/laferia\/2011\/10\/20\/%e2%80%9choy-grandioso-estreno%e2%80%9d\/#primaryimage"},"thumbnailUrl":"http:\/\/snn.imer.gob.mx\/laferia\/files\/2011\/10\/20080513klphishmx_45_Ies_SCO-150x150.jpg","inLanguage":"es","potentialAction":[{"@type":"CommentAction","name":"Comment","target":["https:\/\/noticias.imer.mx\/laferia\/2011\/10\/20\/%e2%80%9choy-grandioso-estreno%e2%80%9d\/#respond"]}]},{"@type":"WebPage","@id":"https:\/\/noticias.imer.mx\/laferia\/2011\/10\/20\/%e2%80%9choy-grandioso-estreno%e2%80%9d\/","url":"https:\/\/noticias.imer.mx\/laferia\/2011\/10\/20\/%e2%80%9choy-grandioso-estreno%e2%80%9d\/","name":"La historia del cartel cinematogr\u00e1fico en M\u00e9xico - La Feria, Carrusel Cultural","isPartOf":{"@id":"https:\/\/noticias.imer.mx\/laferia\/#website"},"primaryImageOfPage":{"@id":"https:\/\/noticias.imer.mx\/laferia\/2011\/10\/20\/%e2%80%9choy-grandioso-estreno%e2%80%9d\/#primaryimage"},"image":{"@id":"https:\/\/noticias.imer.mx\/laferia\/2011\/10\/20\/%e2%80%9choy-grandioso-estreno%e2%80%9d\/#primaryimage"},"thumbnailUrl":"http:\/\/snn.imer.gob.mx\/laferia\/files\/2011\/10\/20080513klphishmx_45_Ies_SCO-150x150.jpg","datePublished":"2011-10-20T22:00:31+00:00","dateModified":"2011-10-20T23:42:14+00:00","author":{"@id":"https:\/\/noticias.imer.mx\/laferia\/#\/schema\/person\/438ebaa433c79f71687928759130ec9f"},"breadcrumb":{"@id":"https:\/\/noticias.imer.mx\/laferia\/2011\/10\/20\/%e2%80%9choy-grandioso-estreno%e2%80%9d\/#breadcrumb"},"inLanguage":"es","potentialAction":[{"@type":"ReadAction","target":["https:\/\/noticias.imer.mx\/laferia\/2011\/10\/20\/%e2%80%9choy-grandioso-estreno%e2%80%9d\/"]}]},{"@type":"ImageObject","inLanguage":"es","@id":"https:\/\/noticias.imer.mx\/laferia\/2011\/10\/20\/%e2%80%9choy-grandioso-estreno%e2%80%9d\/#primaryimage","url":"http:\/\/snn.imer.gob.mx\/laferia\/files\/2011\/10\/20080513klphishmx_45_Ies_SCO-150x150.jpg","contentUrl":"http:\/\/snn.imer.gob.mx\/laferia\/files\/2011\/10\/20080513klphishmx_45_Ies_SCO-150x150.jpg"},{"@type":"BreadcrumbList","@id":"https:\/\/noticias.imer.mx\/laferia\/2011\/10\/20\/%e2%80%9choy-grandioso-estreno%e2%80%9d\/#breadcrumb","itemListElement":[{"@type":"ListItem","position":1,"name":"Home","item":"https:\/\/noticias.imer.mx\/laferia\/"},{"@type":"ListItem","position":2,"name":"La historia del cartel cinematogr\u00e1fico en M\u00e9xico"}]},{"@type":"WebSite","@id":"https:\/\/noticias.imer.mx\/laferia\/#website","url":"https:\/\/noticias.imer.mx\/laferia\/","name":"La Feria, Carrusel Cultural","description":"Instituto Mexicano de la Radio","potentialAction":[{"@type":"SearchAction","target":{"@type":"EntryPoint","urlTemplate":"https:\/\/noticias.imer.mx\/laferia\/?s={search_term_string}"},"query-input":{"@type":"PropertyValueSpecification","valueRequired":true,"valueName":"search_term_string"}}],"inLanguage":"es"},{"@type":"Person","@id":"https:\/\/noticias.imer.mx\/laferia\/#\/schema\/person\/438ebaa433c79f71687928759130ec9f","name":"La Feria","image":{"@type":"ImageObject","inLanguage":"es","@id":"https:\/\/secure.gravatar.com\/avatar\/cbbcee54e91463e8407e2d70df26959fcb0f097a4069ec4554e8bdaf8765377f?s=96&d=mm&r=g","url":"https:\/\/secure.gravatar.com\/avatar\/cbbcee54e91463e8407e2d70df26959fcb0f097a4069ec4554e8bdaf8765377f?s=96&d=mm&r=g","contentUrl":"https:\/\/secure.gravatar.com\/avatar\/cbbcee54e91463e8407e2d70df26959fcb0f097a4069ec4554e8bdaf8765377f?s=96&d=mm&r=g","caption":"La Feria"},"description":"La Feria Carrusel Cultural, es un noticiario que alienta la participaci\u00f3n ciudadana y presenta informaci\u00f3n cultural y cient\u00edfica, de coyuntura, de M\u00e9xico y el mundo. En media hora puede conocer la cartelera cultural y escuchar, en voz de especialistas, entrevistas, asuntos especiales y mesas de an\u00e1lisis. Conducido por Juan Carlos Vald\u00e9s, La Feria Carrusel Cultural, se transmite todos los martes y jueves, de 15:00 a 15:30 horas por Horizonte, en el 107.9 de FM.","url":"https:\/\/noticias.imer.mx\/laferia\/author\/laferia\/"}]}},"_links":{"self":[{"href":"https:\/\/noticias.imer.mx\/laferia\/wp-json\/wp\/v2\/posts\/10406","targetHints":{"allow":["GET"]}}],"collection":[{"href":"https:\/\/noticias.imer.mx\/laferia\/wp-json\/wp\/v2\/posts"}],"about":[{"href":"https:\/\/noticias.imer.mx\/laferia\/wp-json\/wp\/v2\/types\/post"}],"author":[{"embeddable":true,"href":"https:\/\/noticias.imer.mx\/laferia\/wp-json\/wp\/v2\/users\/12"}],"replies":[{"embeddable":true,"href":"https:\/\/noticias.imer.mx\/laferia\/wp-json\/wp\/v2\/comments?post=10406"}],"version-history":[{"count":3,"href":"https:\/\/noticias.imer.mx\/laferia\/wp-json\/wp\/v2\/posts\/10406\/revisions"}],"predecessor-version":[{"id":10414,"href":"https:\/\/noticias.imer.mx\/laferia\/wp-json\/wp\/v2\/posts\/10406\/revisions\/10414"}],"wp:attachment":[{"href":"https:\/\/noticias.imer.mx\/laferia\/wp-json\/wp\/v2\/media?parent=10406"}],"wp:term":[{"taxonomy":"category","embeddable":true,"href":"https:\/\/noticias.imer.mx\/laferia\/wp-json\/wp\/v2\/categories?post=10406"},{"taxonomy":"post_tag","embeddable":true,"href":"https:\/\/noticias.imer.mx\/laferia\/wp-json\/wp\/v2\/tags?post=10406"}],"curies":[{"name":"wp","href":"https:\/\/api.w.org\/{rel}","templated":true}]}}