{"id":9270,"date":"2010-12-10T12:31:55","date_gmt":"2010-12-10T17:31:55","guid":{"rendered":"http:\/\/www.blogs.imer.com.mx\/antenaradio\/?p=9270"},"modified":"2010-12-10T12:31:55","modified_gmt":"2010-12-10T17:31:55","slug":"violencia-en-michoacan","status":"publish","type":"post","link":"https:\/\/noticias.imer.mx\/antenaradio\/2010\/12\/10\/violencia-en-michoacan\/","title":{"rendered":"Violencia en Michoac\u00e1n"},"content":{"rendered":"<p><strong><a href=\"http:\/\/snn.imer.gob.mx\/antenaradio\/files\/2010\/12\/michoacan-violencia.jpg\"><img loading=\"lazy\" decoding=\"async\" class=\"size-thumbnail wp-image-9272 alignleft\" src=\"http:\/\/www.blogs.imer.com.mx\/antenaradio\/files\/2010\/12\/michoacan-violencia-150x150.jpg\" alt=\"\" width=\"150\" height=\"150\" \/><\/a>Fidel Calder\u00f3n,<\/strong> secretario general de Gobierno de Michoac\u00e1n, confirm\u00f3 la cifra de muertos en la entidad, luego de los enfrentamientos entre narcotraficantes y fuerzas federales.<\/p>\n<p><a href=\"http:\/\/snn.imer.gob.mx\/antenaradio\/files\/2010\/12\/fidel-calderon.mp3\">fidel-calderon<\/a><\/p>\n<p>El dcotor <strong>Javier Oliva<\/strong>,\u00a0profesor titular en la Facultad de Ciencias Pol\u00edticas y Sociales de la UNAM, estudioso en temas de seguridad nacional, analiza lo ocurrido en Michoac\u00e1n.<\/p>\n<p><a href=\"http:\/\/snn.imer.gob.mx\/antenaradio\/files\/2010\/12\/javier-oliva.mp3\">javier-oliva<\/a><\/p>\n","protected":false},"excerpt":{"rendered":"<p>Fidel Calder\u00f3n, secretario general de Gobierno de Michoac\u00e1n, confirm\u00f3 la cifra de muertos en la entidad, luego de los enfrentamientos entre narcotraficantes y fuerzas federales. fidel-calderon El dcotor Javier Oliva,\u00a0profesor titular en la Facultad de Ciencias Pol\u00edticas y Sociales de la UNAM, estudioso en temas de seguridad nacional, analiza lo ocurrido en Michoac\u00e1n. javier-oliva<\/p>\n","protected":false},"author":8,"featured_media":0,"comment_status":"open","ping_status":"open","sticky":false,"template":"","format":"standard","meta":{"footnotes":""},"categories":[1],"tags":[385,1873,11150,2468,3151,3284,4532,4634],"class_list":["post-9270","post","type-post","status-publish","format-standard","hentry","category-antena-radio","tag-apatzingan","tag-fidel-calderon","tag-imer","tag-javier-oliva","tag-michoacan","tag-narcotrafico","tag-unam","tag-violencia","category-1","description-off"],"yoast_head":"<!-- This site is optimized with the Yoast SEO plugin v28.3 - https:\/\/yoast.com\/product\/yoast-seo-wordpress\/ -->\n<title>Violencia en Michoac\u00e1n - Antena Radio<\/title>\n<meta name=\"robots\" content=\"index, follow, max-snippet:-1, max-image-preview:large, max-video-preview:-1\" \/>\n<link rel=\"canonical\" href=\"https:\/\/noticias.imer.mx\/antenaradio\/2010\/12\/10\/violencia-en-michoacan\/\" \/>\n<meta property=\"og:locale\" content=\"es_ES\" \/>\n<meta property=\"og:type\" content=\"article\" \/>\n<meta property=\"og:title\" content=\"Violencia en Michoac\u00e1n - Antena Radio\" \/>\n<meta property=\"og:description\" content=\"Fidel Calder\u00f3n, secretario general de Gobierno de Michoac\u00e1n, confirm\u00f3 la cifra de muertos en la entidad, luego de los enfrentamientos entre narcotraficantes y fuerzas federales. fidel-calderon El dcotor Javier Oliva,\u00a0profesor titular en la Facultad de Ciencias Pol\u00edticas y Sociales de la UNAM, estudioso en temas de seguridad nacional, analiza lo ocurrido en Michoac\u00e1n. javier-oliva\" \/>\n<meta property=\"og:url\" content=\"https:\/\/noticias.imer.mx\/antenaradio\/2010\/12\/10\/violencia-en-michoacan\/\" \/>\n<meta property=\"og:site_name\" content=\"Antena Radio\" \/>\n<meta property=\"article:published_time\" content=\"2010-12-10T17:31:55+00:00\" \/>\n<meta property=\"og:image\" content=\"http:\/\/www.blogs.imer.com.mx\/antenaradio\/files\/2010\/12\/michoacan-violencia-150x150.jpg\" \/>\n<meta name=\"author\" content=\"IMER Noticias\" \/>\n<meta name=\"twitter:card\" content=\"summary_large_image\" \/>\n<meta name=\"twitter:label1\" content=\"Escrito por\" \/>\n\t<meta name=\"twitter:data1\" content=\"IMER Noticias\" \/>\n<script type=\"application\/ld+json\" class=\"yoast-schema-graph\">{\"@context\":\"https:\\\/\\\/schema.org\",\"@graph\":[{\"@type\":\"Article\",\"@id\":\"https:\\\/\\\/noticias.imer.mx\\\/antenaradio\\\/2010\\\/12\\\/10\\\/violencia-en-michoacan\\\/#article\",\"isPartOf\":{\"@id\":\"https:\\\/\\\/noticias.imer.mx\\\/antenaradio\\\/2010\\\/12\\\/10\\\/violencia-en-michoacan\\\/\"},\"author\":{\"name\":\"IMER Noticias\",\"@id\":\"https:\\\/\\\/noticias.imer.mx\\\/antenaradio\\\/#\\\/schema\\\/person\\\/72de5454d165c5239bc56a49873e43c9\"},\"headline\":\"Violencia en Michoac\u00e1n\",\"datePublished\":\"2010-12-10T17:31:55+00:00\",\"mainEntityOfPage\":{\"@id\":\"https:\\\/\\\/noticias.imer.mx\\\/antenaradio\\\/2010\\\/12\\\/10\\\/violencia-en-michoacan\\\/\"},\"wordCount\":63,\"commentCount\":0,\"image\":{\"@id\":\"https:\\\/\\\/noticias.imer.mx\\\/antenaradio\\\/2010\\\/12\\\/10\\\/violencia-en-michoacan\\\/#primaryimage\"},\"thumbnailUrl\":\"http:\\\/\\\/www.blogs.imer.com.mx\\\/antenaradio\\\/files\\\/2010\\\/12\\\/michoacan-violencia-150x150.jpg\",\"keywords\":[\"Apatzing\u00e1n\",\"Fidel Calder\u00f3n\",\"IMER\",\"Javier Oliva\",\"Michoac\u00e1n\",\"narcotr\u00e1fico\",\"UNAM\",\"Violencia\"],\"articleSection\":[\"Antena Radio\"],\"inLanguage\":\"es\",\"potentialAction\":[{\"@type\":\"CommentAction\",\"name\":\"Comment\",\"target\":[\"https:\\\/\\\/noticias.imer.mx\\\/antenaradio\\\/2010\\\/12\\\/10\\\/violencia-en-michoacan\\\/#respond\"]}]},{\"@type\":\"WebPage\",\"@id\":\"https:\\\/\\\/noticias.imer.mx\\\/antenaradio\\\/2010\\\/12\\\/10\\\/violencia-en-michoacan\\\/\",\"url\":\"https:\\\/\\\/noticias.imer.mx\\\/antenaradio\\\/2010\\\/12\\\/10\\\/violencia-en-michoacan\\\/\",\"name\":\"Violencia en Michoac\u00e1n - Antena Radio\",\"isPartOf\":{\"@id\":\"https:\\\/\\\/noticias.imer.mx\\\/antenaradio\\\/#website\"},\"primaryImageOfPage\":{\"@id\":\"https:\\\/\\\/noticias.imer.mx\\\/antenaradio\\\/2010\\\/12\\\/10\\\/violencia-en-michoacan\\\/#primaryimage\"},\"image\":{\"@id\":\"https:\\\/\\\/noticias.imer.mx\\\/antenaradio\\\/2010\\\/12\\\/10\\\/violencia-en-michoacan\\\/#primaryimage\"},\"thumbnailUrl\":\"http:\\\/\\\/www.blogs.imer.com.mx\\\/antenaradio\\\/files\\\/2010\\\/12\\\/michoacan-violencia-150x150.jpg\",\"datePublished\":\"2010-12-10T17:31:55+00:00\",\"author\":{\"@id\":\"https:\\\/\\\/noticias.imer.mx\\\/antenaradio\\\/#\\\/schema\\\/person\\\/72de5454d165c5239bc56a49873e43c9\"},\"breadcrumb\":{\"@id\":\"https:\\\/\\\/noticias.imer.mx\\\/antenaradio\\\/2010\\\/12\\\/10\\\/violencia-en-michoacan\\\/#breadcrumb\"},\"inLanguage\":\"es\",\"potentialAction\":[{\"@type\":\"ReadAction\",\"target\":[\"https:\\\/\\\/noticias.imer.mx\\\/antenaradio\\\/2010\\\/12\\\/10\\\/violencia-en-michoacan\\\/\"]}]},{\"@type\":\"ImageObject\",\"inLanguage\":\"es\",\"@id\":\"https:\\\/\\\/noticias.imer.mx\\\/antenaradio\\\/2010\\\/12\\\/10\\\/violencia-en-michoacan\\\/#primaryimage\",\"url\":\"http:\\\/\\\/www.blogs.imer.com.mx\\\/antenaradio\\\/files\\\/2010\\\/12\\\/michoacan-violencia-150x150.jpg\",\"contentUrl\":\"http:\\\/\\\/www.blogs.imer.com.mx\\\/antenaradio\\\/files\\\/2010\\\/12\\\/michoacan-violencia-150x150.jpg\"},{\"@type\":\"BreadcrumbList\",\"@id\":\"https:\\\/\\\/noticias.imer.mx\\\/antenaradio\\\/2010\\\/12\\\/10\\\/violencia-en-michoacan\\\/#breadcrumb\",\"itemListElement\":[{\"@type\":\"ListItem\",\"position\":1,\"name\":\"Home\",\"item\":\"https:\\\/\\\/noticias.imer.mx\\\/antenaradio\\\/\"},{\"@type\":\"ListItem\",\"position\":2,\"name\":\"Violencia en Michoac\u00e1n\"}]},{\"@type\":\"WebSite\",\"@id\":\"https:\\\/\\\/noticias.imer.mx\\\/antenaradio\\\/#website\",\"url\":\"https:\\\/\\\/noticias.imer.mx\\\/antenaradio\\\/\",\"name\":\"Antena Radio\",\"description\":\"La forma m\u00e1s clara de entender la noticia\",\"potentialAction\":[{\"@type\":\"SearchAction\",\"target\":{\"@type\":\"EntryPoint\",\"urlTemplate\":\"https:\\\/\\\/noticias.imer.mx\\\/antenaradio\\\/?s={search_term_string}\"},\"query-input\":{\"@type\":\"PropertyValueSpecification\",\"valueRequired\":true,\"valueName\":\"search_term_string\"}}],\"inLanguage\":\"es\"},{\"@type\":\"Person\",\"@id\":\"https:\\\/\\\/noticias.imer.mx\\\/antenaradio\\\/#\\\/schema\\\/person\\\/72de5454d165c5239bc56a49873e43c9\",\"name\":\"IMER Noticias\",\"url\":\"https:\\\/\\\/noticias.imer.mx\\\/antenaradio\\\/author\\\/antenaradio\\\/\"}]}<\/script>\n<!-- \/ Yoast SEO plugin. -->","yoast_head_json":{"title":"Violencia en Michoac\u00e1n - Antena Radio","robots":{"index":"index","follow":"follow","max-snippet":"max-snippet:-1","max-image-preview":"max-image-preview:large","max-video-preview":"max-video-preview:-1"},"canonical":"https:\/\/noticias.imer.mx\/antenaradio\/2010\/12\/10\/violencia-en-michoacan\/","og_locale":"es_ES","og_type":"article","og_title":"Violencia en Michoac\u00e1n - Antena Radio","og_description":"Fidel Calder\u00f3n, secretario general de Gobierno de Michoac\u00e1n, confirm\u00f3 la cifra de muertos en la entidad, luego de los enfrentamientos entre narcotraficantes y fuerzas federales. fidel-calderon El dcotor Javier Oliva,\u00a0profesor titular en la Facultad de Ciencias Pol\u00edticas y Sociales de la UNAM, estudioso en temas de seguridad nacional, analiza lo ocurrido en Michoac\u00e1n. javier-oliva","og_url":"https:\/\/noticias.imer.mx\/antenaradio\/2010\/12\/10\/violencia-en-michoacan\/","og_site_name":"Antena Radio","article_published_time":"2010-12-10T17:31:55+00:00","og_image":[{"url":"http:\/\/www.blogs.imer.com.mx\/antenaradio\/files\/2010\/12\/michoacan-violencia-150x150.jpg","type":"","width":"","height":""}],"author":"IMER Noticias","twitter_card":"summary_large_image","twitter_misc":{"Escrito por":"IMER Noticias"},"schema":{"@context":"https:\/\/schema.org","@graph":[{"@type":"Article","@id":"https:\/\/noticias.imer.mx\/antenaradio\/2010\/12\/10\/violencia-en-michoacan\/#article","isPartOf":{"@id":"https:\/\/noticias.imer.mx\/antenaradio\/2010\/12\/10\/violencia-en-michoacan\/"},"author":{"name":"IMER Noticias","@id":"https:\/\/noticias.imer.mx\/antenaradio\/#\/schema\/person\/72de5454d165c5239bc56a49873e43c9"},"headline":"Violencia en Michoac\u00e1n","datePublished":"2010-12-10T17:31:55+00:00","mainEntityOfPage":{"@id":"https:\/\/noticias.imer.mx\/antenaradio\/2010\/12\/10\/violencia-en-michoacan\/"},"wordCount":63,"commentCount":0,"image":{"@id":"https:\/\/noticias.imer.mx\/antenaradio\/2010\/12\/10\/violencia-en-michoacan\/#primaryimage"},"thumbnailUrl":"http:\/\/www.blogs.imer.com.mx\/antenaradio\/files\/2010\/12\/michoacan-violencia-150x150.jpg","keywords":["Apatzing\u00e1n","Fidel Calder\u00f3n","IMER","Javier Oliva","Michoac\u00e1n","narcotr\u00e1fico","UNAM","Violencia"],"articleSection":["Antena Radio"],"inLanguage":"es","potentialAction":[{"@type":"CommentAction","name":"Comment","target":["https:\/\/noticias.imer.mx\/antenaradio\/2010\/12\/10\/violencia-en-michoacan\/#respond"]}]},{"@type":"WebPage","@id":"https:\/\/noticias.imer.mx\/antenaradio\/2010\/12\/10\/violencia-en-michoacan\/","url":"https:\/\/noticias.imer.mx\/antenaradio\/2010\/12\/10\/violencia-en-michoacan\/","name":"Violencia en Michoac\u00e1n - Antena Radio","isPartOf":{"@id":"https:\/\/noticias.imer.mx\/antenaradio\/#website"},"primaryImageOfPage":{"@id":"https:\/\/noticias.imer.mx\/antenaradio\/2010\/12\/10\/violencia-en-michoacan\/#primaryimage"},"image":{"@id":"https:\/\/noticias.imer.mx\/antenaradio\/2010\/12\/10\/violencia-en-michoacan\/#primaryimage"},"thumbnailUrl":"http:\/\/www.blogs.imer.com.mx\/antenaradio\/files\/2010\/12\/michoacan-violencia-150x150.jpg","datePublished":"2010-12-10T17:31:55+00:00","author":{"@id":"https:\/\/noticias.imer.mx\/antenaradio\/#\/schema\/person\/72de5454d165c5239bc56a49873e43c9"},"breadcrumb":{"@id":"https:\/\/noticias.imer.mx\/antenaradio\/2010\/12\/10\/violencia-en-michoacan\/#breadcrumb"},"inLanguage":"es","potentialAction":[{"@type":"ReadAction","target":["https:\/\/noticias.imer.mx\/antenaradio\/2010\/12\/10\/violencia-en-michoacan\/"]}]},{"@type":"ImageObject","inLanguage":"es","@id":"https:\/\/noticias.imer.mx\/antenaradio\/2010\/12\/10\/violencia-en-michoacan\/#primaryimage","url":"http:\/\/www.blogs.imer.com.mx\/antenaradio\/files\/2010\/12\/michoacan-violencia-150x150.jpg","contentUrl":"http:\/\/www.blogs.imer.com.mx\/antenaradio\/files\/2010\/12\/michoacan-violencia-150x150.jpg"},{"@type":"BreadcrumbList","@id":"https:\/\/noticias.imer.mx\/antenaradio\/2010\/12\/10\/violencia-en-michoacan\/#breadcrumb","itemListElement":[{"@type":"ListItem","position":1,"name":"Home","item":"https:\/\/noticias.imer.mx\/antenaradio\/"},{"@type":"ListItem","position":2,"name":"Violencia en Michoac\u00e1n"}]},{"@type":"WebSite","@id":"https:\/\/noticias.imer.mx\/antenaradio\/#website","url":"https:\/\/noticias.imer.mx\/antenaradio\/","name":"Antena Radio","description":"La forma m\u00e1s clara de entender la noticia","potentialAction":[{"@type":"SearchAction","target":{"@type":"EntryPoint","urlTemplate":"https:\/\/noticias.imer.mx\/antenaradio\/?s={search_term_string}"},"query-input":{"@type":"PropertyValueSpecification","valueRequired":true,"valueName":"search_term_string"}}],"inLanguage":"es"},{"@type":"Person","@id":"https:\/\/noticias.imer.mx\/antenaradio\/#\/schema\/person\/72de5454d165c5239bc56a49873e43c9","name":"IMER Noticias","url":"https:\/\/noticias.imer.mx\/antenaradio\/author\/antenaradio\/"}]}},"_links":{"self":[{"href":"https:\/\/noticias.imer.mx\/antenaradio\/wp-json\/wp\/v2\/posts\/9270","targetHints":{"allow":["GET"]}}],"collection":[{"href":"https:\/\/noticias.imer.mx\/antenaradio\/wp-json\/wp\/v2\/posts"}],"about":[{"href":"https:\/\/noticias.imer.mx\/antenaradio\/wp-json\/wp\/v2\/types\/post"}],"author":[{"embeddable":true,"href":"https:\/\/noticias.imer.mx\/antenaradio\/wp-json\/wp\/v2\/users\/8"}],"replies":[{"embeddable":true,"href":"https:\/\/noticias.imer.mx\/antenaradio\/wp-json\/wp\/v2\/comments?post=9270"}],"version-history":[{"count":2,"href":"https:\/\/noticias.imer.mx\/antenaradio\/wp-json\/wp\/v2\/posts\/9270\/revisions"}],"predecessor-version":[{"id":9278,"href":"https:\/\/noticias.imer.mx\/antenaradio\/wp-json\/wp\/v2\/posts\/9270\/revisions\/9278"}],"wp:attachment":[{"href":"https:\/\/noticias.imer.mx\/antenaradio\/wp-json\/wp\/v2\/media?parent=9270"}],"wp:term":[{"taxonomy":"category","embeddable":true,"href":"https:\/\/noticias.imer.mx\/antenaradio\/wp-json\/wp\/v2\/categories?post=9270"},{"taxonomy":"post_tag","embeddable":true,"href":"https:\/\/noticias.imer.mx\/antenaradio\/wp-json\/wp\/v2\/tags?post=9270"}],"curies":[{"name":"wp","href":"https:\/\/api.w.org\/{rel}","templated":true}]}}