{"id":7081,"date":"2010-08-06T11:22:41","date_gmt":"2010-08-06T16:22:41","guid":{"rendered":"http:\/\/www.blogs.imer.com.mx\/antenaradio\/?p=7081"},"modified":"2010-08-06T11:22:41","modified_gmt":"2010-08-06T16:22:41","slug":"entrevista-a-elia-baltazar","status":"publish","type":"post","link":"https:\/\/noticias.imer.mx\/antenaradio\/2010\/08\/06\/entrevista-a-elia-baltazar\/","title":{"rendered":"Entrevista a Elia Baltazar"},"content":{"rendered":"<p><a href=\"http:\/\/www.blogs.imer.com.mx\/antenaradio\/files\/2010\/08\/ni_uno_mas.jpg\"><img decoding=\"async\" loading=\"lazy\" class=\"size-thumbnail wp-image-7082 alignright\" src=\"http:\/\/www.blogs.imer.com.mx\/antenaradio\/files\/2010\/08\/ni_uno_mas-150x150.jpg\" alt=\"\" width=\"138\" height=\"138\" \/><\/a>Conversamos con <strong>Elia Baltazar,<\/strong> cofundadora de la Red de Periodistas Sociales \u00abPeriodistas de a Pie \u00ab, sobre la marcha\u00a0en contra las agreciones a periodistas en M\u00e9xico, que se realizar\u00e1 este s\u00e1bado 7 de agosto.<\/p>\n<p><a href=\"http:\/\/www.blogs.imer.com.mx\/antenaradio\/files\/2010\/08\/elia-baltazar-arpe-06-agosto.mp3\">elia-baltazar-arpe-06-agosto<\/a><\/p>\n","protected":false},"excerpt":{"rendered":"<p>Conversamos con Elia Baltazar, cofundadora de la Red de Periodistas Sociales \u00abPeriodistas de a Pie \u00ab, sobre la marcha\u00a0en contra las agreciones a periodistas en M\u00e9xico, que se realizar\u00e1 este s\u00e1bado 7 de agosto. elia-baltazar-arpe-06-agosto<\/p>\n","protected":false},"author":8,"featured_media":0,"comment_status":"open","ping_status":"open","sticky":false,"template":"","format":"standard","meta":{"wp_popup_display_lightbox":0,"wp_popup_suppress":"","wp_popup_trigger":"","wp_popup_trigger_amount":0,"wp_popup_disable_on_mobile":false},"categories":[1],"tags":[1617,11150,2990,3099,3539,3540,4634],"yoast_head":"<!-- This site is optimized with the Yoast SEO plugin v21.0 - https:\/\/yoast.com\/wordpress\/plugins\/seo\/ -->\n<title>Entrevista a Elia Baltazar - Antena Radio<\/title>\n<meta name=\"robots\" content=\"index, follow, max-snippet:-1, max-image-preview:large, max-video-preview:-1\" \/>\n<link rel=\"canonical\" href=\"https:\/\/noticias.imer.mx\/antenaradio\/2010\/08\/06\/entrevista-a-elia-baltazar\/\" \/>\n<meta property=\"og:locale\" content=\"es_ES\" \/>\n<meta property=\"og:type\" content=\"article\" \/>\n<meta property=\"og:title\" content=\"Entrevista a Elia Baltazar - Antena Radio\" \/>\n<meta property=\"og:description\" content=\"Conversamos con Elia Baltazar, cofundadora de la Red de Periodistas Sociales \u00abPeriodistas de a Pie \u00ab, sobre la marcha\u00a0en contra las agreciones a periodistas en M\u00e9xico, que se realizar\u00e1 este s\u00e1bado 7 de agosto. elia-baltazar-arpe-06-agosto\" \/>\n<meta property=\"og:url\" content=\"https:\/\/noticias.imer.mx\/antenaradio\/2010\/08\/06\/entrevista-a-elia-baltazar\/\" \/>\n<meta property=\"og:site_name\" content=\"Antena Radio\" \/>\n<meta property=\"article:published_time\" content=\"2010-08-06T16:22:41+00:00\" \/>\n<meta property=\"og:image\" content=\"http:\/\/www.blogs.imer.com.mx\/antenaradio\/files\/2010\/08\/ni_uno_mas-150x150.jpg\" \/>\n<meta name=\"author\" content=\"IMER Noticias\" \/>\n<meta name=\"twitter:card\" content=\"summary_large_image\" \/>\n<meta name=\"twitter:label1\" content=\"Escrito por\" \/>\n\t<meta name=\"twitter:data1\" content=\"IMER Noticias\" \/>\n<script type=\"application\/ld+json\" class=\"yoast-schema-graph\">{\"@context\":\"https:\/\/schema.org\",\"@graph\":[{\"@type\":\"WebPage\",\"@id\":\"https:\/\/noticias.imer.mx\/antenaradio\/2010\/08\/06\/entrevista-a-elia-baltazar\/\",\"url\":\"https:\/\/noticias.imer.mx\/antenaradio\/2010\/08\/06\/entrevista-a-elia-baltazar\/\",\"name\":\"Entrevista a Elia Baltazar - Antena Radio\",\"isPartOf\":{\"@id\":\"https:\/\/noticias.imer.mx\/antenaradio\/#website\"},\"datePublished\":\"2010-08-06T16:22:41+00:00\",\"dateModified\":\"2010-08-06T16:22:41+00:00\",\"author\":{\"@id\":\"https:\/\/noticias.imer.mx\/antenaradio\/#\/schema\/person\/72de5454d165c5239bc56a49873e43c9\"},\"breadcrumb\":{\"@id\":\"https:\/\/noticias.imer.mx\/antenaradio\/2010\/08\/06\/entrevista-a-elia-baltazar\/#breadcrumb\"},\"inLanguage\":\"es\",\"potentialAction\":[{\"@type\":\"ReadAction\",\"target\":[\"https:\/\/noticias.imer.mx\/antenaradio\/2010\/08\/06\/entrevista-a-elia-baltazar\/\"]}]},{\"@type\":\"BreadcrumbList\",\"@id\":\"https:\/\/noticias.imer.mx\/antenaradio\/2010\/08\/06\/entrevista-a-elia-baltazar\/#breadcrumb\",\"itemListElement\":[{\"@type\":\"ListItem\",\"position\":1,\"name\":\"Home\",\"item\":\"https:\/\/noticias.imer.mx\/antenaradio\/\"},{\"@type\":\"ListItem\",\"position\":2,\"name\":\"Entrevista a Elia Baltazar\"}]},{\"@type\":\"WebSite\",\"@id\":\"https:\/\/noticias.imer.mx\/antenaradio\/#website\",\"url\":\"https:\/\/noticias.imer.mx\/antenaradio\/\",\"name\":\"Antena Radio\",\"description\":\"La forma m\u00e1s clara de entender la noticia\",\"potentialAction\":[{\"@type\":\"SearchAction\",\"target\":{\"@type\":\"EntryPoint\",\"urlTemplate\":\"https:\/\/noticias.imer.mx\/antenaradio\/?s={search_term_string}\"},\"query-input\":\"required name=search_term_string\"}],\"inLanguage\":\"es\"},{\"@type\":\"Person\",\"@id\":\"https:\/\/noticias.imer.mx\/antenaradio\/#\/schema\/person\/72de5454d165c5239bc56a49873e43c9\",\"name\":\"IMER Noticias\",\"url\":\"https:\/\/noticias.imer.mx\/antenaradio\/author\/antenaradio\/\"}]}<\/script>\n<!-- \/ Yoast SEO plugin. -->","yoast_head_json":{"title":"Entrevista a Elia Baltazar - Antena Radio","robots":{"index":"index","follow":"follow","max-snippet":"max-snippet:-1","max-image-preview":"max-image-preview:large","max-video-preview":"max-video-preview:-1"},"canonical":"https:\/\/noticias.imer.mx\/antenaradio\/2010\/08\/06\/entrevista-a-elia-baltazar\/","og_locale":"es_ES","og_type":"article","og_title":"Entrevista a Elia Baltazar - Antena Radio","og_description":"Conversamos con Elia Baltazar, cofundadora de la Red de Periodistas Sociales \u00abPeriodistas de a Pie \u00ab, sobre la marcha\u00a0en contra las agreciones a periodistas en M\u00e9xico, que se realizar\u00e1 este s\u00e1bado 7 de agosto. elia-baltazar-arpe-06-agosto","og_url":"https:\/\/noticias.imer.mx\/antenaradio\/2010\/08\/06\/entrevista-a-elia-baltazar\/","og_site_name":"Antena Radio","article_published_time":"2010-08-06T16:22:41+00:00","og_image":[{"url":"http:\/\/www.blogs.imer.com.mx\/antenaradio\/files\/2010\/08\/ni_uno_mas-150x150.jpg"}],"author":"IMER Noticias","twitter_card":"summary_large_image","twitter_misc":{"Escrito por":"IMER Noticias"},"schema":{"@context":"https:\/\/schema.org","@graph":[{"@type":"WebPage","@id":"https:\/\/noticias.imer.mx\/antenaradio\/2010\/08\/06\/entrevista-a-elia-baltazar\/","url":"https:\/\/noticias.imer.mx\/antenaradio\/2010\/08\/06\/entrevista-a-elia-baltazar\/","name":"Entrevista a Elia Baltazar - Antena Radio","isPartOf":{"@id":"https:\/\/noticias.imer.mx\/antenaradio\/#website"},"datePublished":"2010-08-06T16:22:41+00:00","dateModified":"2010-08-06T16:22:41+00:00","author":{"@id":"https:\/\/noticias.imer.mx\/antenaradio\/#\/schema\/person\/72de5454d165c5239bc56a49873e43c9"},"breadcrumb":{"@id":"https:\/\/noticias.imer.mx\/antenaradio\/2010\/08\/06\/entrevista-a-elia-baltazar\/#breadcrumb"},"inLanguage":"es","potentialAction":[{"@type":"ReadAction","target":["https:\/\/noticias.imer.mx\/antenaradio\/2010\/08\/06\/entrevista-a-elia-baltazar\/"]}]},{"@type":"BreadcrumbList","@id":"https:\/\/noticias.imer.mx\/antenaradio\/2010\/08\/06\/entrevista-a-elia-baltazar\/#breadcrumb","itemListElement":[{"@type":"ListItem","position":1,"name":"Home","item":"https:\/\/noticias.imer.mx\/antenaradio\/"},{"@type":"ListItem","position":2,"name":"Entrevista a Elia Baltazar"}]},{"@type":"WebSite","@id":"https:\/\/noticias.imer.mx\/antenaradio\/#website","url":"https:\/\/noticias.imer.mx\/antenaradio\/","name":"Antena Radio","description":"La forma m\u00e1s clara de entender la noticia","potentialAction":[{"@type":"SearchAction","target":{"@type":"EntryPoint","urlTemplate":"https:\/\/noticias.imer.mx\/antenaradio\/?s={search_term_string}"},"query-input":"required name=search_term_string"}],"inLanguage":"es"},{"@type":"Person","@id":"https:\/\/noticias.imer.mx\/antenaradio\/#\/schema\/person\/72de5454d165c5239bc56a49873e43c9","name":"IMER Noticias","url":"https:\/\/noticias.imer.mx\/antenaradio\/author\/antenaradio\/"}]}},"_links":{"self":[{"href":"https:\/\/noticias.imer.mx\/antenaradio\/wp-json\/wp\/v2\/posts\/7081"}],"collection":[{"href":"https:\/\/noticias.imer.mx\/antenaradio\/wp-json\/wp\/v2\/posts"}],"about":[{"href":"https:\/\/noticias.imer.mx\/antenaradio\/wp-json\/wp\/v2\/types\/post"}],"author":[{"embeddable":true,"href":"https:\/\/noticias.imer.mx\/antenaradio\/wp-json\/wp\/v2\/users\/8"}],"replies":[{"embeddable":true,"href":"https:\/\/noticias.imer.mx\/antenaradio\/wp-json\/wp\/v2\/comments?post=7081"}],"version-history":[{"count":1,"href":"https:\/\/noticias.imer.mx\/antenaradio\/wp-json\/wp\/v2\/posts\/7081\/revisions"}],"predecessor-version":[{"id":7084,"href":"https:\/\/noticias.imer.mx\/antenaradio\/wp-json\/wp\/v2\/posts\/7081\/revisions\/7084"}],"wp:attachment":[{"href":"https:\/\/noticias.imer.mx\/antenaradio\/wp-json\/wp\/v2\/media?parent=7081"}],"wp:term":[{"taxonomy":"category","embeddable":true,"href":"https:\/\/noticias.imer.mx\/antenaradio\/wp-json\/wp\/v2\/categories?post=7081"},{"taxonomy":"post_tag","embeddable":true,"href":"https:\/\/noticias.imer.mx\/antenaradio\/wp-json\/wp\/v2\/tags?post=7081"}],"curies":[{"name":"wp","href":"https:\/\/api.w.org\/{rel}","templated":true}]}}