{"id":691,"date":"2009-08-20T18:10:21","date_gmt":"2009-08-20T23:10:21","guid":{"rendered":"http:\/\/www.blogs.imer.com.mx\/antenaradio\/?p=691"},"modified":"2009-08-20T18:10:21","modified_gmt":"2009-08-20T23:10:21","slug":"entrevista-con-marcos-matias","status":"publish","type":"post","link":"https:\/\/noticias.imer.mx\/antenaradio\/2009\/08\/20\/entrevista-con-marcos-matias\/","title":{"rendered":"Entrevista con Marcos Mat\u00edas."},"content":{"rendered":"<p><a href=\"http:\/\/www.blogs.imer.com.mx\/antenaradio\/files\/2009\/08\/armando-chavarria1.jpg\"><img decoding=\"async\" loading=\"lazy\" class=\"alignright size-medium wp-image-692\" src=\"http:\/\/www.blogs.imer.com.mx\/antenaradio\/files\/2009\/08\/armando-chavarria1.jpg\" alt=\"\" width=\"140\" height=\"160\" \/><\/a>Este 20 de agosto fue asesinado el presidente del Congreso del Estado de Guerrero, Armando Chavarr\u00eda (foto). En Revista Antena Radio conversamos con el diputado federal Marcos Mat\u00edas, para conocer su opini\u00f3n sobre la muerte del perredista.<\/p>\n<p>\u00a0<\/p>\n<p><a href=\"http:\/\/www.blogs.imer.com.mx\/antenaradio\/files\/2009\/08\/marcos-matias1.mp3\">marcos-matias1<\/a><\/p>\n","protected":false},"excerpt":{"rendered":"<p>Este 20 de agosto fue asesinado el presidente del Congreso del Estado de Guerrero, Armando Chavarr\u00eda (foto). En Revista Antena Radio conversamos con el diputado federal Marcos Mat\u00edas, para conocer su opini\u00f3n sobre la muerte del perredista. \u00a0 marcos-matias1<\/p>\n","protected":false},"author":8,"featured_media":0,"comment_status":"open","ping_status":"open","sticky":false,"template":"","format":"standard","meta":{"wp_popup_display_lightbox":0,"wp_popup_suppress":"","wp_popup_trigger":"","wp_popup_trigger_amount":0,"wp_popup_disable_on_mobile":false},"categories":[8093],"tags":[410,2106,3002,6],"yoast_head":"<!-- This site is optimized with the Yoast SEO plugin v21.0 - https:\/\/yoast.com\/wordpress\/plugins\/seo\/ -->\n<title>Entrevista con Marcos Mat\u00edas. - Antena Radio<\/title>\n<meta name=\"robots\" content=\"index, follow, max-snippet:-1, max-image-preview:large, max-video-preview:-1\" \/>\n<link rel=\"canonical\" href=\"https:\/\/noticias.imer.mx\/antenaradio\/2009\/08\/20\/entrevista-con-marcos-matias\/\" \/>\n<meta property=\"og:locale\" content=\"es_ES\" \/>\n<meta property=\"og:type\" content=\"article\" \/>\n<meta property=\"og:title\" content=\"Entrevista con Marcos Mat\u00edas. - Antena Radio\" \/>\n<meta property=\"og:description\" content=\"Este 20 de agosto fue asesinado el presidente del Congreso del Estado de Guerrero, Armando Chavarr\u00eda (foto). En Revista Antena Radio conversamos con el diputado federal Marcos Mat\u00edas, para conocer su opini\u00f3n sobre la muerte del perredista. \u00a0 marcos-matias1\" \/>\n<meta property=\"og:url\" content=\"https:\/\/noticias.imer.mx\/antenaradio\/2009\/08\/20\/entrevista-con-marcos-matias\/\" \/>\n<meta property=\"og:site_name\" content=\"Antena Radio\" \/>\n<meta property=\"article:published_time\" content=\"2009-08-20T23:10:21+00:00\" \/>\n<meta property=\"og:image\" content=\"http:\/\/www.blogs.imer.com.mx\/antenaradio\/files\/2009\/08\/armando-chavarria1.jpg\" \/>\n<meta name=\"author\" content=\"IMER Noticias\" \/>\n<meta name=\"twitter:card\" content=\"summary_large_image\" \/>\n<meta name=\"twitter:label1\" content=\"Escrito por\" \/>\n\t<meta name=\"twitter:data1\" content=\"IMER Noticias\" \/>\n<script type=\"application\/ld+json\" class=\"yoast-schema-graph\">{\"@context\":\"https:\/\/schema.org\",\"@graph\":[{\"@type\":\"WebPage\",\"@id\":\"https:\/\/noticias.imer.mx\/antenaradio\/2009\/08\/20\/entrevista-con-marcos-matias\/\",\"url\":\"https:\/\/noticias.imer.mx\/antenaradio\/2009\/08\/20\/entrevista-con-marcos-matias\/\",\"name\":\"Entrevista con Marcos Mat\u00edas. - Antena Radio\",\"isPartOf\":{\"@id\":\"https:\/\/noticias.imer.mx\/antenaradio\/#website\"},\"datePublished\":\"2009-08-20T23:10:21+00:00\",\"dateModified\":\"2009-08-20T23:10:21+00:00\",\"author\":{\"@id\":\"https:\/\/noticias.imer.mx\/antenaradio\/#\/schema\/person\/72de5454d165c5239bc56a49873e43c9\"},\"breadcrumb\":{\"@id\":\"https:\/\/noticias.imer.mx\/antenaradio\/2009\/08\/20\/entrevista-con-marcos-matias\/#breadcrumb\"},\"inLanguage\":\"es\",\"potentialAction\":[{\"@type\":\"ReadAction\",\"target\":[\"https:\/\/noticias.imer.mx\/antenaradio\/2009\/08\/20\/entrevista-con-marcos-matias\/\"]}]},{\"@type\":\"BreadcrumbList\",\"@id\":\"https:\/\/noticias.imer.mx\/antenaradio\/2009\/08\/20\/entrevista-con-marcos-matias\/#breadcrumb\",\"itemListElement\":[{\"@type\":\"ListItem\",\"position\":1,\"name\":\"Home\",\"item\":\"https:\/\/noticias.imer.mx\/antenaradio\/\"},{\"@type\":\"ListItem\",\"position\":2,\"name\":\"Entrevista con Marcos Mat\u00edas.\"}]},{\"@type\":\"WebSite\",\"@id\":\"https:\/\/noticias.imer.mx\/antenaradio\/#website\",\"url\":\"https:\/\/noticias.imer.mx\/antenaradio\/\",\"name\":\"Antena Radio\",\"description\":\"La forma m\u00e1s clara de entender la noticia\",\"potentialAction\":[{\"@type\":\"SearchAction\",\"target\":{\"@type\":\"EntryPoint\",\"urlTemplate\":\"https:\/\/noticias.imer.mx\/antenaradio\/?s={search_term_string}\"},\"query-input\":\"required name=search_term_string\"}],\"inLanguage\":\"es\"},{\"@type\":\"Person\",\"@id\":\"https:\/\/noticias.imer.mx\/antenaradio\/#\/schema\/person\/72de5454d165c5239bc56a49873e43c9\",\"name\":\"IMER Noticias\",\"url\":\"https:\/\/noticias.imer.mx\/antenaradio\/author\/antenaradio\/\"}]}<\/script>\n<!-- \/ Yoast SEO plugin. -->","yoast_head_json":{"title":"Entrevista con Marcos Mat\u00edas. - Antena Radio","robots":{"index":"index","follow":"follow","max-snippet":"max-snippet:-1","max-image-preview":"max-image-preview:large","max-video-preview":"max-video-preview:-1"},"canonical":"https:\/\/noticias.imer.mx\/antenaradio\/2009\/08\/20\/entrevista-con-marcos-matias\/","og_locale":"es_ES","og_type":"article","og_title":"Entrevista con Marcos Mat\u00edas. - Antena Radio","og_description":"Este 20 de agosto fue asesinado el presidente del Congreso del Estado de Guerrero, Armando Chavarr\u00eda (foto). En Revista Antena Radio conversamos con el diputado federal Marcos Mat\u00edas, para conocer su opini\u00f3n sobre la muerte del perredista. \u00a0 marcos-matias1","og_url":"https:\/\/noticias.imer.mx\/antenaradio\/2009\/08\/20\/entrevista-con-marcos-matias\/","og_site_name":"Antena Radio","article_published_time":"2009-08-20T23:10:21+00:00","og_image":[{"url":"http:\/\/www.blogs.imer.com.mx\/antenaradio\/files\/2009\/08\/armando-chavarria1.jpg"}],"author":"IMER Noticias","twitter_card":"summary_large_image","twitter_misc":{"Escrito por":"IMER Noticias"},"schema":{"@context":"https:\/\/schema.org","@graph":[{"@type":"WebPage","@id":"https:\/\/noticias.imer.mx\/antenaradio\/2009\/08\/20\/entrevista-con-marcos-matias\/","url":"https:\/\/noticias.imer.mx\/antenaradio\/2009\/08\/20\/entrevista-con-marcos-matias\/","name":"Entrevista con Marcos Mat\u00edas. - Antena Radio","isPartOf":{"@id":"https:\/\/noticias.imer.mx\/antenaradio\/#website"},"datePublished":"2009-08-20T23:10:21+00:00","dateModified":"2009-08-20T23:10:21+00:00","author":{"@id":"https:\/\/noticias.imer.mx\/antenaradio\/#\/schema\/person\/72de5454d165c5239bc56a49873e43c9"},"breadcrumb":{"@id":"https:\/\/noticias.imer.mx\/antenaradio\/2009\/08\/20\/entrevista-con-marcos-matias\/#breadcrumb"},"inLanguage":"es","potentialAction":[{"@type":"ReadAction","target":["https:\/\/noticias.imer.mx\/antenaradio\/2009\/08\/20\/entrevista-con-marcos-matias\/"]}]},{"@type":"BreadcrumbList","@id":"https:\/\/noticias.imer.mx\/antenaradio\/2009\/08\/20\/entrevista-con-marcos-matias\/#breadcrumb","itemListElement":[{"@type":"ListItem","position":1,"name":"Home","item":"https:\/\/noticias.imer.mx\/antenaradio\/"},{"@type":"ListItem","position":2,"name":"Entrevista con Marcos Mat\u00edas."}]},{"@type":"WebSite","@id":"https:\/\/noticias.imer.mx\/antenaradio\/#website","url":"https:\/\/noticias.imer.mx\/antenaradio\/","name":"Antena Radio","description":"La forma m\u00e1s clara de entender la noticia","potentialAction":[{"@type":"SearchAction","target":{"@type":"EntryPoint","urlTemplate":"https:\/\/noticias.imer.mx\/antenaradio\/?s={search_term_string}"},"query-input":"required name=search_term_string"}],"inLanguage":"es"},{"@type":"Person","@id":"https:\/\/noticias.imer.mx\/antenaradio\/#\/schema\/person\/72de5454d165c5239bc56a49873e43c9","name":"IMER Noticias","url":"https:\/\/noticias.imer.mx\/antenaradio\/author\/antenaradio\/"}]}},"_links":{"self":[{"href":"https:\/\/noticias.imer.mx\/antenaradio\/wp-json\/wp\/v2\/posts\/691"}],"collection":[{"href":"https:\/\/noticias.imer.mx\/antenaradio\/wp-json\/wp\/v2\/posts"}],"about":[{"href":"https:\/\/noticias.imer.mx\/antenaradio\/wp-json\/wp\/v2\/types\/post"}],"author":[{"embeddable":true,"href":"https:\/\/noticias.imer.mx\/antenaradio\/wp-json\/wp\/v2\/users\/8"}],"replies":[{"embeddable":true,"href":"https:\/\/noticias.imer.mx\/antenaradio\/wp-json\/wp\/v2\/comments?post=691"}],"version-history":[{"count":1,"href":"https:\/\/noticias.imer.mx\/antenaradio\/wp-json\/wp\/v2\/posts\/691\/revisions"}],"predecessor-version":[{"id":694,"href":"https:\/\/noticias.imer.mx\/antenaradio\/wp-json\/wp\/v2\/posts\/691\/revisions\/694"}],"wp:attachment":[{"href":"https:\/\/noticias.imer.mx\/antenaradio\/wp-json\/wp\/v2\/media?parent=691"}],"wp:term":[{"taxonomy":"category","embeddable":true,"href":"https:\/\/noticias.imer.mx\/antenaradio\/wp-json\/wp\/v2\/categories?post=691"},{"taxonomy":"post_tag","embeddable":true,"href":"https:\/\/noticias.imer.mx\/antenaradio\/wp-json\/wp\/v2\/tags?post=691"}],"curies":[{"name":"wp","href":"https:\/\/api.w.org\/{rel}","templated":true}]}}