{"id":69,"date":"2009-07-30T19:34:08","date_gmt":"2009-07-31T00:34:08","guid":{"rendered":"http:\/\/www.blogs.imer.com.mx\/antenaradio\/?p=69"},"modified":"2009-07-30T19:34:08","modified_gmt":"2009-07-31T00:34:08","slug":"entrevista-con-el-doctor-moritz-alberto-cruz-blanco","status":"publish","type":"post","link":"https:\/\/noticias.imer.mx\/antenaradio\/2009\/07\/30\/entrevista-con-el-doctor-moritz-alberto-cruz-blanco\/","title":{"rendered":"Entrevista con el Doctor Moritz Alberto Cruz Blanco"},"content":{"rendered":"<p><a href=\"http:\/\/www.blogs.imer.com.mx\/antenaradio\/files\/2009\/07\/bid.gif\"><img decoding=\"async\" loading=\"lazy\" class=\"alignleft size-medium wp-image-70\" src=\"http:\/\/www.blogs.imer.com.mx\/antenaradio\/files\/2009\/07\/bid-229x300.gif\" alt=\"\" width=\"229\" height=\"300\" srcset=\"https:\/\/noticias.imer.mx\/antenaradio\/files\/2009\/07\/bid-229x300.gif 229w, https:\/\/noticias.imer.mx\/antenaradio\/files\/2009\/07\/bid.gif 400w\" sizes=\"(max-width: 229px) 100vw, 229px\" \/><\/a>El Banco Interamericano de Desarrollo concedi\u00f3 un pr\u00e9stamo por 100 millones de d\u00f3lares a M\u00e9xico para apoyar la educaci\u00f3n t\u00e9cnica en nuestro pa\u00eds. El acad\u00e9mico del Instituto de Investigaciones Econ\u00f3micas de la UNAM, Moritz Alberto Cruz Blanco ofrece su punto de vista en el noticiario Revista Antena Radio.<\/p>\n<p><a href=\"http:\/\/www.blogs.imer.com.mx\/antenaradio\/files\/2009\/07\/el-morris.mp3\">Escucha la entrevista<\/a><\/p>\n","protected":false},"excerpt":{"rendered":"<p>El Banco Interamericano de Desarrollo concedi\u00f3 un pr\u00e9stamo por 100 millones de d\u00f3lares a M\u00e9xico para apoyar la educaci\u00f3n t\u00e9cnica en nuestro pa\u00eds. El acad\u00e9mico del Instituto de Investigaciones Econ\u00f3micas de la UNAM, Moritz Alberto Cruz Blanco ofrece su punto de vista en el noticiario Revista Antena Radio. Escucha la entrevista<\/p>\n","protected":false},"author":8,"featured_media":0,"comment_status":"open","ping_status":"open","sticky":false,"template":"","format":"standard","meta":{"wp_popup_display_lightbox":0,"wp_popup_suppress":"","wp_popup_trigger":"","wp_popup_trigger_amount":0,"wp_popup_disable_on_mobile":false},"categories":[1],"tags":[527,1505,1544,3140,3223,3660,6],"yoast_head":"<!-- This site is optimized with the Yoast SEO plugin v21.0 - https:\/\/yoast.com\/wordpress\/plugins\/seo\/ -->\n<title>Entrevista con el Doctor Moritz Alberto Cruz Blanco - Antena Radio<\/title>\n<meta name=\"robots\" content=\"index, follow, max-snippet:-1, max-image-preview:large, max-video-preview:-1\" \/>\n<link rel=\"canonical\" href=\"https:\/\/noticias.imer.mx\/antenaradio\/2009\/07\/30\/entrevista-con-el-doctor-moritz-alberto-cruz-blanco\/\" \/>\n<meta property=\"og:locale\" content=\"es_ES\" \/>\n<meta property=\"og:type\" content=\"article\" \/>\n<meta property=\"og:title\" content=\"Entrevista con el Doctor Moritz Alberto Cruz Blanco - Antena Radio\" \/>\n<meta property=\"og:description\" content=\"El Banco Interamericano de Desarrollo concedi\u00f3 un pr\u00e9stamo por 100 millones de d\u00f3lares a M\u00e9xico para apoyar la educaci\u00f3n t\u00e9cnica en nuestro pa\u00eds. El acad\u00e9mico del Instituto de Investigaciones Econ\u00f3micas de la UNAM, Moritz Alberto Cruz Blanco ofrece su punto de vista en el noticiario Revista Antena Radio. Escucha la entrevista\" \/>\n<meta property=\"og:url\" content=\"https:\/\/noticias.imer.mx\/antenaradio\/2009\/07\/30\/entrevista-con-el-doctor-moritz-alberto-cruz-blanco\/\" \/>\n<meta property=\"og:site_name\" content=\"Antena Radio\" \/>\n<meta property=\"article:published_time\" content=\"2009-07-31T00:34:08+00:00\" \/>\n<meta property=\"og:image\" content=\"http:\/\/www.blogs.imer.com.mx\/antenaradio\/files\/2009\/07\/bid-229x300.gif\" \/>\n<meta name=\"author\" content=\"IMER Noticias\" \/>\n<meta name=\"twitter:card\" content=\"summary_large_image\" \/>\n<meta name=\"twitter:label1\" content=\"Escrito por\" \/>\n\t<meta name=\"twitter:data1\" content=\"IMER Noticias\" \/>\n<script type=\"application\/ld+json\" class=\"yoast-schema-graph\">{\"@context\":\"https:\/\/schema.org\",\"@graph\":[{\"@type\":\"WebPage\",\"@id\":\"https:\/\/noticias.imer.mx\/antenaradio\/2009\/07\/30\/entrevista-con-el-doctor-moritz-alberto-cruz-blanco\/\",\"url\":\"https:\/\/noticias.imer.mx\/antenaradio\/2009\/07\/30\/entrevista-con-el-doctor-moritz-alberto-cruz-blanco\/\",\"name\":\"Entrevista con el Doctor Moritz Alberto Cruz Blanco - Antena Radio\",\"isPartOf\":{\"@id\":\"https:\/\/noticias.imer.mx\/antenaradio\/#website\"},\"datePublished\":\"2009-07-31T00:34:08+00:00\",\"dateModified\":\"2009-07-31T00:34:08+00:00\",\"author\":{\"@id\":\"https:\/\/noticias.imer.mx\/antenaradio\/#\/schema\/person\/72de5454d165c5239bc56a49873e43c9\"},\"breadcrumb\":{\"@id\":\"https:\/\/noticias.imer.mx\/antenaradio\/2009\/07\/30\/entrevista-con-el-doctor-moritz-alberto-cruz-blanco\/#breadcrumb\"},\"inLanguage\":\"es\",\"potentialAction\":[{\"@type\":\"ReadAction\",\"target\":[\"https:\/\/noticias.imer.mx\/antenaradio\/2009\/07\/30\/entrevista-con-el-doctor-moritz-alberto-cruz-blanco\/\"]}]},{\"@type\":\"BreadcrumbList\",\"@id\":\"https:\/\/noticias.imer.mx\/antenaradio\/2009\/07\/30\/entrevista-con-el-doctor-moritz-alberto-cruz-blanco\/#breadcrumb\",\"itemListElement\":[{\"@type\":\"ListItem\",\"position\":1,\"name\":\"Home\",\"item\":\"https:\/\/noticias.imer.mx\/antenaradio\/\"},{\"@type\":\"ListItem\",\"position\":2,\"name\":\"Entrevista con el Doctor Moritz Alberto Cruz Blanco\"}]},{\"@type\":\"WebSite\",\"@id\":\"https:\/\/noticias.imer.mx\/antenaradio\/#website\",\"url\":\"https:\/\/noticias.imer.mx\/antenaradio\/\",\"name\":\"Antena Radio\",\"description\":\"La forma m\u00e1s clara de entender la noticia\",\"potentialAction\":[{\"@type\":\"SearchAction\",\"target\":{\"@type\":\"EntryPoint\",\"urlTemplate\":\"https:\/\/noticias.imer.mx\/antenaradio\/?s={search_term_string}\"},\"query-input\":\"required name=search_term_string\"}],\"inLanguage\":\"es\"},{\"@type\":\"Person\",\"@id\":\"https:\/\/noticias.imer.mx\/antenaradio\/#\/schema\/person\/72de5454d165c5239bc56a49873e43c9\",\"name\":\"IMER Noticias\",\"url\":\"https:\/\/noticias.imer.mx\/antenaradio\/author\/antenaradio\/\"}]}<\/script>\n<!-- \/ Yoast SEO plugin. -->","yoast_head_json":{"title":"Entrevista con el Doctor Moritz Alberto Cruz Blanco - Antena Radio","robots":{"index":"index","follow":"follow","max-snippet":"max-snippet:-1","max-image-preview":"max-image-preview:large","max-video-preview":"max-video-preview:-1"},"canonical":"https:\/\/noticias.imer.mx\/antenaradio\/2009\/07\/30\/entrevista-con-el-doctor-moritz-alberto-cruz-blanco\/","og_locale":"es_ES","og_type":"article","og_title":"Entrevista con el Doctor Moritz Alberto Cruz Blanco - Antena Radio","og_description":"El Banco Interamericano de Desarrollo concedi\u00f3 un pr\u00e9stamo por 100 millones de d\u00f3lares a M\u00e9xico para apoyar la educaci\u00f3n t\u00e9cnica en nuestro pa\u00eds. El acad\u00e9mico del Instituto de Investigaciones Econ\u00f3micas de la UNAM, Moritz Alberto Cruz Blanco ofrece su punto de vista en el noticiario Revista Antena Radio. Escucha la entrevista","og_url":"https:\/\/noticias.imer.mx\/antenaradio\/2009\/07\/30\/entrevista-con-el-doctor-moritz-alberto-cruz-blanco\/","og_site_name":"Antena Radio","article_published_time":"2009-07-31T00:34:08+00:00","og_image":[{"url":"http:\/\/www.blogs.imer.com.mx\/antenaradio\/files\/2009\/07\/bid-229x300.gif"}],"author":"IMER Noticias","twitter_card":"summary_large_image","twitter_misc":{"Escrito por":"IMER Noticias"},"schema":{"@context":"https:\/\/schema.org","@graph":[{"@type":"WebPage","@id":"https:\/\/noticias.imer.mx\/antenaradio\/2009\/07\/30\/entrevista-con-el-doctor-moritz-alberto-cruz-blanco\/","url":"https:\/\/noticias.imer.mx\/antenaradio\/2009\/07\/30\/entrevista-con-el-doctor-moritz-alberto-cruz-blanco\/","name":"Entrevista con el Doctor Moritz Alberto Cruz Blanco - Antena Radio","isPartOf":{"@id":"https:\/\/noticias.imer.mx\/antenaradio\/#website"},"datePublished":"2009-07-31T00:34:08+00:00","dateModified":"2009-07-31T00:34:08+00:00","author":{"@id":"https:\/\/noticias.imer.mx\/antenaradio\/#\/schema\/person\/72de5454d165c5239bc56a49873e43c9"},"breadcrumb":{"@id":"https:\/\/noticias.imer.mx\/antenaradio\/2009\/07\/30\/entrevista-con-el-doctor-moritz-alberto-cruz-blanco\/#breadcrumb"},"inLanguage":"es","potentialAction":[{"@type":"ReadAction","target":["https:\/\/noticias.imer.mx\/antenaradio\/2009\/07\/30\/entrevista-con-el-doctor-moritz-alberto-cruz-blanco\/"]}]},{"@type":"BreadcrumbList","@id":"https:\/\/noticias.imer.mx\/antenaradio\/2009\/07\/30\/entrevista-con-el-doctor-moritz-alberto-cruz-blanco\/#breadcrumb","itemListElement":[{"@type":"ListItem","position":1,"name":"Home","item":"https:\/\/noticias.imer.mx\/antenaradio\/"},{"@type":"ListItem","position":2,"name":"Entrevista con el Doctor Moritz Alberto Cruz Blanco"}]},{"@type":"WebSite","@id":"https:\/\/noticias.imer.mx\/antenaradio\/#website","url":"https:\/\/noticias.imer.mx\/antenaradio\/","name":"Antena Radio","description":"La forma m\u00e1s clara de entender la noticia","potentialAction":[{"@type":"SearchAction","target":{"@type":"EntryPoint","urlTemplate":"https:\/\/noticias.imer.mx\/antenaradio\/?s={search_term_string}"},"query-input":"required name=search_term_string"}],"inLanguage":"es"},{"@type":"Person","@id":"https:\/\/noticias.imer.mx\/antenaradio\/#\/schema\/person\/72de5454d165c5239bc56a49873e43c9","name":"IMER Noticias","url":"https:\/\/noticias.imer.mx\/antenaradio\/author\/antenaradio\/"}]}},"_links":{"self":[{"href":"https:\/\/noticias.imer.mx\/antenaradio\/wp-json\/wp\/v2\/posts\/69"}],"collection":[{"href":"https:\/\/noticias.imer.mx\/antenaradio\/wp-json\/wp\/v2\/posts"}],"about":[{"href":"https:\/\/noticias.imer.mx\/antenaradio\/wp-json\/wp\/v2\/types\/post"}],"author":[{"embeddable":true,"href":"https:\/\/noticias.imer.mx\/antenaradio\/wp-json\/wp\/v2\/users\/8"}],"replies":[{"embeddable":true,"href":"https:\/\/noticias.imer.mx\/antenaradio\/wp-json\/wp\/v2\/comments?post=69"}],"version-history":[{"count":1,"href":"https:\/\/noticias.imer.mx\/antenaradio\/wp-json\/wp\/v2\/posts\/69\/revisions"}],"predecessor-version":[{"id":72,"href":"https:\/\/noticias.imer.mx\/antenaradio\/wp-json\/wp\/v2\/posts\/69\/revisions\/72"}],"wp:attachment":[{"href":"https:\/\/noticias.imer.mx\/antenaradio\/wp-json\/wp\/v2\/media?parent=69"}],"wp:term":[{"taxonomy":"category","embeddable":true,"href":"https:\/\/noticias.imer.mx\/antenaradio\/wp-json\/wp\/v2\/categories?post=69"},{"taxonomy":"post_tag","embeddable":true,"href":"https:\/\/noticias.imer.mx\/antenaradio\/wp-json\/wp\/v2\/tags?post=69"}],"curies":[{"name":"wp","href":"https:\/\/api.w.org\/{rel}","templated":true}]}}