{"id":687,"date":"2009-08-20T17:37:34","date_gmt":"2009-08-20T22:37:34","guid":{"rendered":"http:\/\/www.blogs.imer.com.mx\/antenaradio\/?p=687"},"modified":"2009-08-20T17:37:34","modified_gmt":"2009-08-20T22:37:34","slug":"entrevista-daniel-ordonez","status":"publish","type":"post","link":"https:\/\/noticias.imer.mx\/antenaradio\/2009\/08\/20\/entrevista-daniel-ordonez\/","title":{"rendered":"Entrevista Daniel Ord\u00f3\u00f1ez"},"content":{"rendered":"<p><a href=\"http:\/\/www.blogs.imer.com.mx\/antenaradio\/files\/2009\/08\/crimenes02.gif\"><img decoding=\"async\" loading=\"lazy\" class=\"alignleft size-medium wp-image-688\" src=\"http:\/\/www.blogs.imer.com.mx\/antenaradio\/files\/2009\/08\/crimenes02-300x122.gif\" alt=\"\" width=\"300\" height=\"122\" srcset=\"https:\/\/noticias.imer.mx\/antenaradio\/files\/2009\/08\/crimenes02-300x122.gif 300w, https:\/\/noticias.imer.mx\/antenaradio\/files\/2009\/08\/crimenes02.gif 500w\" sizes=\"(max-width: 300px) 100vw, 300px\" \/><\/a><\/p>\n<p>El diputado Daniel Ord\u00f3\u00f1ez, presidente de la Comisi\u00f3n de Procuraci\u00f3n de Justicia de la Asamblea Legislativa del Distrito Federal, habla sobre la iniciativa que pretende tipificar los cr\u00edmenes de odio en el C\u00f3digo Penal del Distrito Federal.<\/p>\n<p><a href=\"http:\/\/www.blogs.imer.com.mx\/antenaradio\/files\/2009\/08\/daniel-ordonez.mp3\">daniel-ordonez<\/a><\/p>\n","protected":false},"excerpt":{"rendered":"<p>El diputado Daniel Ord\u00f3\u00f1ez, presidente de la Comisi\u00f3n de Procuraci\u00f3n de Justicia de la Asamblea Legislativa del Distrito Federal, habla sobre la iniciativa que pretende tipificar los cr\u00edmenes de odio en el C\u00f3digo Penal del Distrito Federal. daniel-ordonez<\/p>\n","protected":false},"author":8,"featured_media":0,"comment_status":"open","ping_status":"open","sticky":false,"template":"","format":"standard","meta":{"wp_popup_display_lightbox":0,"wp_popup_suppress":"","wp_popup_trigger":"","wp_popup_trigger_amount":0,"wp_popup_disable_on_mobile":false},"categories":[3],"tags":[176,1169,1232,11150],"yoast_head":"<!-- This site is optimized with the Yoast SEO plugin v21.0 - https:\/\/yoast.com\/wordpress\/plugins\/seo\/ -->\n<title>Entrevista Daniel Ord\u00f3\u00f1ez - Antena Radio<\/title>\n<meta name=\"robots\" content=\"index, follow, max-snippet:-1, max-image-preview:large, max-video-preview:-1\" \/>\n<link rel=\"canonical\" href=\"https:\/\/noticias.imer.mx\/antenaradio\/2009\/08\/20\/entrevista-daniel-ordonez\/\" \/>\n<meta property=\"og:locale\" content=\"es_ES\" \/>\n<meta property=\"og:type\" content=\"article\" \/>\n<meta property=\"og:title\" content=\"Entrevista Daniel Ord\u00f3\u00f1ez - Antena Radio\" \/>\n<meta property=\"og:description\" content=\"El diputado Daniel Ord\u00f3\u00f1ez, presidente de la Comisi\u00f3n de Procuraci\u00f3n de Justicia de la Asamblea Legislativa del Distrito Federal, habla sobre la iniciativa que pretende tipificar los cr\u00edmenes de odio en el C\u00f3digo Penal del Distrito Federal. daniel-ordonez\" \/>\n<meta property=\"og:url\" content=\"https:\/\/noticias.imer.mx\/antenaradio\/2009\/08\/20\/entrevista-daniel-ordonez\/\" \/>\n<meta property=\"og:site_name\" content=\"Antena Radio\" \/>\n<meta property=\"article:published_time\" content=\"2009-08-20T22:37:34+00:00\" \/>\n<meta property=\"og:image\" content=\"http:\/\/www.blogs.imer.com.mx\/antenaradio\/files\/2009\/08\/crimenes02-300x122.gif\" \/>\n<meta name=\"author\" content=\"IMER Noticias\" \/>\n<meta name=\"twitter:card\" content=\"summary_large_image\" \/>\n<meta name=\"twitter:label1\" content=\"Escrito por\" \/>\n\t<meta name=\"twitter:data1\" content=\"IMER Noticias\" \/>\n<script type=\"application\/ld+json\" class=\"yoast-schema-graph\">{\"@context\":\"https:\/\/schema.org\",\"@graph\":[{\"@type\":\"WebPage\",\"@id\":\"https:\/\/noticias.imer.mx\/antenaradio\/2009\/08\/20\/entrevista-daniel-ordonez\/\",\"url\":\"https:\/\/noticias.imer.mx\/antenaradio\/2009\/08\/20\/entrevista-daniel-ordonez\/\",\"name\":\"Entrevista Daniel Ord\u00f3\u00f1ez - Antena Radio\",\"isPartOf\":{\"@id\":\"https:\/\/noticias.imer.mx\/antenaradio\/#website\"},\"datePublished\":\"2009-08-20T22:37:34+00:00\",\"dateModified\":\"2009-08-20T22:37:34+00:00\",\"author\":{\"@id\":\"https:\/\/noticias.imer.mx\/antenaradio\/#\/schema\/person\/72de5454d165c5239bc56a49873e43c9\"},\"breadcrumb\":{\"@id\":\"https:\/\/noticias.imer.mx\/antenaradio\/2009\/08\/20\/entrevista-daniel-ordonez\/#breadcrumb\"},\"inLanguage\":\"es\",\"potentialAction\":[{\"@type\":\"ReadAction\",\"target\":[\"https:\/\/noticias.imer.mx\/antenaradio\/2009\/08\/20\/entrevista-daniel-ordonez\/\"]}]},{\"@type\":\"BreadcrumbList\",\"@id\":\"https:\/\/noticias.imer.mx\/antenaradio\/2009\/08\/20\/entrevista-daniel-ordonez\/#breadcrumb\",\"itemListElement\":[{\"@type\":\"ListItem\",\"position\":1,\"name\":\"Home\",\"item\":\"https:\/\/noticias.imer.mx\/antenaradio\/\"},{\"@type\":\"ListItem\",\"position\":2,\"name\":\"Entrevista Daniel Ord\u00f3\u00f1ez\"}]},{\"@type\":\"WebSite\",\"@id\":\"https:\/\/noticias.imer.mx\/antenaradio\/#website\",\"url\":\"https:\/\/noticias.imer.mx\/antenaradio\/\",\"name\":\"Antena Radio\",\"description\":\"La forma m\u00e1s clara de entender la noticia\",\"potentialAction\":[{\"@type\":\"SearchAction\",\"target\":{\"@type\":\"EntryPoint\",\"urlTemplate\":\"https:\/\/noticias.imer.mx\/antenaradio\/?s={search_term_string}\"},\"query-input\":\"required name=search_term_string\"}],\"inLanguage\":\"es\"},{\"@type\":\"Person\",\"@id\":\"https:\/\/noticias.imer.mx\/antenaradio\/#\/schema\/person\/72de5454d165c5239bc56a49873e43c9\",\"name\":\"IMER Noticias\",\"url\":\"https:\/\/noticias.imer.mx\/antenaradio\/author\/antenaradio\/\"}]}<\/script>\n<!-- \/ Yoast SEO plugin. -->","yoast_head_json":{"title":"Entrevista Daniel Ord\u00f3\u00f1ez - Antena Radio","robots":{"index":"index","follow":"follow","max-snippet":"max-snippet:-1","max-image-preview":"max-image-preview:large","max-video-preview":"max-video-preview:-1"},"canonical":"https:\/\/noticias.imer.mx\/antenaradio\/2009\/08\/20\/entrevista-daniel-ordonez\/","og_locale":"es_ES","og_type":"article","og_title":"Entrevista Daniel Ord\u00f3\u00f1ez - Antena Radio","og_description":"El diputado Daniel Ord\u00f3\u00f1ez, presidente de la Comisi\u00f3n de Procuraci\u00f3n de Justicia de la Asamblea Legislativa del Distrito Federal, habla sobre la iniciativa que pretende tipificar los cr\u00edmenes de odio en el C\u00f3digo Penal del Distrito Federal. daniel-ordonez","og_url":"https:\/\/noticias.imer.mx\/antenaradio\/2009\/08\/20\/entrevista-daniel-ordonez\/","og_site_name":"Antena Radio","article_published_time":"2009-08-20T22:37:34+00:00","og_image":[{"url":"http:\/\/www.blogs.imer.com.mx\/antenaradio\/files\/2009\/08\/crimenes02-300x122.gif"}],"author":"IMER Noticias","twitter_card":"summary_large_image","twitter_misc":{"Escrito por":"IMER Noticias"},"schema":{"@context":"https:\/\/schema.org","@graph":[{"@type":"WebPage","@id":"https:\/\/noticias.imer.mx\/antenaradio\/2009\/08\/20\/entrevista-daniel-ordonez\/","url":"https:\/\/noticias.imer.mx\/antenaradio\/2009\/08\/20\/entrevista-daniel-ordonez\/","name":"Entrevista Daniel Ord\u00f3\u00f1ez - Antena Radio","isPartOf":{"@id":"https:\/\/noticias.imer.mx\/antenaradio\/#website"},"datePublished":"2009-08-20T22:37:34+00:00","dateModified":"2009-08-20T22:37:34+00:00","author":{"@id":"https:\/\/noticias.imer.mx\/antenaradio\/#\/schema\/person\/72de5454d165c5239bc56a49873e43c9"},"breadcrumb":{"@id":"https:\/\/noticias.imer.mx\/antenaradio\/2009\/08\/20\/entrevista-daniel-ordonez\/#breadcrumb"},"inLanguage":"es","potentialAction":[{"@type":"ReadAction","target":["https:\/\/noticias.imer.mx\/antenaradio\/2009\/08\/20\/entrevista-daniel-ordonez\/"]}]},{"@type":"BreadcrumbList","@id":"https:\/\/noticias.imer.mx\/antenaradio\/2009\/08\/20\/entrevista-daniel-ordonez\/#breadcrumb","itemListElement":[{"@type":"ListItem","position":1,"name":"Home","item":"https:\/\/noticias.imer.mx\/antenaradio\/"},{"@type":"ListItem","position":2,"name":"Entrevista Daniel Ord\u00f3\u00f1ez"}]},{"@type":"WebSite","@id":"https:\/\/noticias.imer.mx\/antenaradio\/#website","url":"https:\/\/noticias.imer.mx\/antenaradio\/","name":"Antena Radio","description":"La forma m\u00e1s clara de entender la noticia","potentialAction":[{"@type":"SearchAction","target":{"@type":"EntryPoint","urlTemplate":"https:\/\/noticias.imer.mx\/antenaradio\/?s={search_term_string}"},"query-input":"required name=search_term_string"}],"inLanguage":"es"},{"@type":"Person","@id":"https:\/\/noticias.imer.mx\/antenaradio\/#\/schema\/person\/72de5454d165c5239bc56a49873e43c9","name":"IMER Noticias","url":"https:\/\/noticias.imer.mx\/antenaradio\/author\/antenaradio\/"}]}},"_links":{"self":[{"href":"https:\/\/noticias.imer.mx\/antenaradio\/wp-json\/wp\/v2\/posts\/687"}],"collection":[{"href":"https:\/\/noticias.imer.mx\/antenaradio\/wp-json\/wp\/v2\/posts"}],"about":[{"href":"https:\/\/noticias.imer.mx\/antenaradio\/wp-json\/wp\/v2\/types\/post"}],"author":[{"embeddable":true,"href":"https:\/\/noticias.imer.mx\/antenaradio\/wp-json\/wp\/v2\/users\/8"}],"replies":[{"embeddable":true,"href":"https:\/\/noticias.imer.mx\/antenaradio\/wp-json\/wp\/v2\/comments?post=687"}],"version-history":[{"count":1,"href":"https:\/\/noticias.imer.mx\/antenaradio\/wp-json\/wp\/v2\/posts\/687\/revisions"}],"predecessor-version":[{"id":690,"href":"https:\/\/noticias.imer.mx\/antenaradio\/wp-json\/wp\/v2\/posts\/687\/revisions\/690"}],"wp:attachment":[{"href":"https:\/\/noticias.imer.mx\/antenaradio\/wp-json\/wp\/v2\/media?parent=687"}],"wp:term":[{"taxonomy":"category","embeddable":true,"href":"https:\/\/noticias.imer.mx\/antenaradio\/wp-json\/wp\/v2\/categories?post=687"},{"taxonomy":"post_tag","embeddable":true,"href":"https:\/\/noticias.imer.mx\/antenaradio\/wp-json\/wp\/v2\/tags?post=687"}],"curies":[{"name":"wp","href":"https:\/\/api.w.org\/{rel}","templated":true}]}}