{"id":6172,"date":"2010-06-21T13:03:21","date_gmt":"2010-06-21T18:03:21","guid":{"rendered":"http:\/\/www.blogs.imer.com.mx\/antenaradio\/?p=6172"},"modified":"2010-06-21T13:03:21","modified_gmt":"2010-06-21T18:03:21","slug":"entrevista-con-adrian-fernandez","status":"publish","type":"post","link":"https:\/\/noticias.imer.mx\/antenaradio\/2010\/06\/21\/entrevista-con-adrian-fernandez\/","title":{"rendered":"Entrevista con Adrian Fern\u00e1ndez"},"content":{"rendered":"<p><a href=\"http:\/\/www.blogs.imer.com.mx\/antenaradio\/files\/2010\/06\/derrame.jpg\"><img decoding=\"async\" loading=\"lazy\" class=\"alignright size-thumbnail wp-image-6173\" src=\"http:\/\/www.blogs.imer.com.mx\/antenaradio\/files\/2010\/06\/derrame-150x150.jpg\" alt=\"\" width=\"150\" height=\"150\" \/><\/a><\/p>\n<p>Para hablar sobre las consecuencias que tendr\u00e1 el derrame petrolero en el Golfo de M\u00e9xico en las costas de nuestro pa\u00eds, platicamos con el titular del Instituto Nacional de Ecolog\u00eda, doctor Adri\u00e1n Fern\u00e1ndez.<\/p>\n<p><a href=\"http:\/\/www.blogs.imer.com.mx\/antenaradio\/files\/2010\/06\/adrian-fernandez-21-junio.mp3\">adrian-fernandez-21-junio<\/a><\/p>\n","protected":false},"excerpt":{"rendered":"<p>Para hablar sobre las consecuencias que tendr\u00e1 el derrame petrolero en el Golfo de M\u00e9xico en las costas de nuestro pa\u00eds, platicamos con el titular del Instituto Nacional de Ecolog\u00eda, doctor Adri\u00e1n Fern\u00e1ndez. adrian-fernandez-21-junio<\/p>\n","protected":false},"author":8,"featured_media":0,"comment_status":"open","ping_status":"open","sticky":false,"template":"","format":"standard","meta":{"wp_popup_display_lightbox":0,"wp_popup_suppress":"","wp_popup_trigger":"","wp_popup_trigger_amount":0,"wp_popup_disable_on_mobile":false},"categories":[5],"tags":[102,11149,612,1313,2064,2366],"yoast_head":"<!-- This site is optimized with the Yoast SEO plugin v21.0 - https:\/\/yoast.com\/wordpress\/plugins\/seo\/ -->\n<title>Entrevista con Adrian Fern\u00e1ndez - Antena Radio<\/title>\n<meta name=\"robots\" content=\"index, follow, max-snippet:-1, max-image-preview:large, max-video-preview:-1\" \/>\n<link rel=\"canonical\" href=\"https:\/\/noticias.imer.mx\/antenaradio\/2010\/06\/21\/entrevista-con-adrian-fernandez\/\" \/>\n<meta property=\"og:locale\" content=\"es_ES\" \/>\n<meta property=\"og:type\" content=\"article\" \/>\n<meta property=\"og:title\" content=\"Entrevista con Adrian Fern\u00e1ndez - Antena Radio\" \/>\n<meta property=\"og:description\" content=\"Para hablar sobre las consecuencias que tendr\u00e1 el derrame petrolero en el Golfo de M\u00e9xico en las costas de nuestro pa\u00eds, platicamos con el titular del Instituto Nacional de Ecolog\u00eda, doctor Adri\u00e1n Fern\u00e1ndez. adrian-fernandez-21-junio\" \/>\n<meta property=\"og:url\" content=\"https:\/\/noticias.imer.mx\/antenaradio\/2010\/06\/21\/entrevista-con-adrian-fernandez\/\" \/>\n<meta property=\"og:site_name\" content=\"Antena Radio\" \/>\n<meta property=\"article:published_time\" content=\"2010-06-21T18:03:21+00:00\" \/>\n<meta property=\"og:image\" content=\"http:\/\/www.blogs.imer.com.mx\/antenaradio\/files\/2010\/06\/derrame-150x150.jpg\" \/>\n<meta name=\"author\" content=\"IMER Noticias\" \/>\n<meta name=\"twitter:card\" content=\"summary_large_image\" \/>\n<meta name=\"twitter:label1\" content=\"Escrito por\" \/>\n\t<meta name=\"twitter:data1\" content=\"IMER Noticias\" \/>\n<script type=\"application\/ld+json\" class=\"yoast-schema-graph\">{\"@context\":\"https:\/\/schema.org\",\"@graph\":[{\"@type\":\"WebPage\",\"@id\":\"https:\/\/noticias.imer.mx\/antenaradio\/2010\/06\/21\/entrevista-con-adrian-fernandez\/\",\"url\":\"https:\/\/noticias.imer.mx\/antenaradio\/2010\/06\/21\/entrevista-con-adrian-fernandez\/\",\"name\":\"Entrevista con Adrian Fern\u00e1ndez - Antena Radio\",\"isPartOf\":{\"@id\":\"https:\/\/noticias.imer.mx\/antenaradio\/#website\"},\"datePublished\":\"2010-06-21T18:03:21+00:00\",\"dateModified\":\"2010-06-21T18:03:21+00:00\",\"author\":{\"@id\":\"https:\/\/noticias.imer.mx\/antenaradio\/#\/schema\/person\/72de5454d165c5239bc56a49873e43c9\"},\"breadcrumb\":{\"@id\":\"https:\/\/noticias.imer.mx\/antenaradio\/2010\/06\/21\/entrevista-con-adrian-fernandez\/#breadcrumb\"},\"inLanguage\":\"es\",\"potentialAction\":[{\"@type\":\"ReadAction\",\"target\":[\"https:\/\/noticias.imer.mx\/antenaradio\/2010\/06\/21\/entrevista-con-adrian-fernandez\/\"]}]},{\"@type\":\"BreadcrumbList\",\"@id\":\"https:\/\/noticias.imer.mx\/antenaradio\/2010\/06\/21\/entrevista-con-adrian-fernandez\/#breadcrumb\",\"itemListElement\":[{\"@type\":\"ListItem\",\"position\":1,\"name\":\"Home\",\"item\":\"https:\/\/noticias.imer.mx\/antenaradio\/\"},{\"@type\":\"ListItem\",\"position\":2,\"name\":\"Entrevista con Adrian Fern\u00e1ndez\"}]},{\"@type\":\"WebSite\",\"@id\":\"https:\/\/noticias.imer.mx\/antenaradio\/#website\",\"url\":\"https:\/\/noticias.imer.mx\/antenaradio\/\",\"name\":\"Antena Radio\",\"description\":\"La forma m\u00e1s clara de entender la noticia\",\"potentialAction\":[{\"@type\":\"SearchAction\",\"target\":{\"@type\":\"EntryPoint\",\"urlTemplate\":\"https:\/\/noticias.imer.mx\/antenaradio\/?s={search_term_string}\"},\"query-input\":\"required name=search_term_string\"}],\"inLanguage\":\"es\"},{\"@type\":\"Person\",\"@id\":\"https:\/\/noticias.imer.mx\/antenaradio\/#\/schema\/person\/72de5454d165c5239bc56a49873e43c9\",\"name\":\"IMER Noticias\",\"url\":\"https:\/\/noticias.imer.mx\/antenaradio\/author\/antenaradio\/\"}]}<\/script>\n<!-- \/ Yoast SEO plugin. -->","yoast_head_json":{"title":"Entrevista con Adrian Fern\u00e1ndez - Antena Radio","robots":{"index":"index","follow":"follow","max-snippet":"max-snippet:-1","max-image-preview":"max-image-preview:large","max-video-preview":"max-video-preview:-1"},"canonical":"https:\/\/noticias.imer.mx\/antenaradio\/2010\/06\/21\/entrevista-con-adrian-fernandez\/","og_locale":"es_ES","og_type":"article","og_title":"Entrevista con Adrian Fern\u00e1ndez - Antena Radio","og_description":"Para hablar sobre las consecuencias que tendr\u00e1 el derrame petrolero en el Golfo de M\u00e9xico en las costas de nuestro pa\u00eds, platicamos con el titular del Instituto Nacional de Ecolog\u00eda, doctor Adri\u00e1n Fern\u00e1ndez. adrian-fernandez-21-junio","og_url":"https:\/\/noticias.imer.mx\/antenaradio\/2010\/06\/21\/entrevista-con-adrian-fernandez\/","og_site_name":"Antena Radio","article_published_time":"2010-06-21T18:03:21+00:00","og_image":[{"url":"http:\/\/www.blogs.imer.com.mx\/antenaradio\/files\/2010\/06\/derrame-150x150.jpg"}],"author":"IMER Noticias","twitter_card":"summary_large_image","twitter_misc":{"Escrito por":"IMER Noticias"},"schema":{"@context":"https:\/\/schema.org","@graph":[{"@type":"WebPage","@id":"https:\/\/noticias.imer.mx\/antenaradio\/2010\/06\/21\/entrevista-con-adrian-fernandez\/","url":"https:\/\/noticias.imer.mx\/antenaradio\/2010\/06\/21\/entrevista-con-adrian-fernandez\/","name":"Entrevista con Adrian Fern\u00e1ndez - Antena Radio","isPartOf":{"@id":"https:\/\/noticias.imer.mx\/antenaradio\/#website"},"datePublished":"2010-06-21T18:03:21+00:00","dateModified":"2010-06-21T18:03:21+00:00","author":{"@id":"https:\/\/noticias.imer.mx\/antenaradio\/#\/schema\/person\/72de5454d165c5239bc56a49873e43c9"},"breadcrumb":{"@id":"https:\/\/noticias.imer.mx\/antenaradio\/2010\/06\/21\/entrevista-con-adrian-fernandez\/#breadcrumb"},"inLanguage":"es","potentialAction":[{"@type":"ReadAction","target":["https:\/\/noticias.imer.mx\/antenaradio\/2010\/06\/21\/entrevista-con-adrian-fernandez\/"]}]},{"@type":"BreadcrumbList","@id":"https:\/\/noticias.imer.mx\/antenaradio\/2010\/06\/21\/entrevista-con-adrian-fernandez\/#breadcrumb","itemListElement":[{"@type":"ListItem","position":1,"name":"Home","item":"https:\/\/noticias.imer.mx\/antenaradio\/"},{"@type":"ListItem","position":2,"name":"Entrevista con Adrian Fern\u00e1ndez"}]},{"@type":"WebSite","@id":"https:\/\/noticias.imer.mx\/antenaradio\/#website","url":"https:\/\/noticias.imer.mx\/antenaradio\/","name":"Antena Radio","description":"La forma m\u00e1s clara de entender la noticia","potentialAction":[{"@type":"SearchAction","target":{"@type":"EntryPoint","urlTemplate":"https:\/\/noticias.imer.mx\/antenaradio\/?s={search_term_string}"},"query-input":"required name=search_term_string"}],"inLanguage":"es"},{"@type":"Person","@id":"https:\/\/noticias.imer.mx\/antenaradio\/#\/schema\/person\/72de5454d165c5239bc56a49873e43c9","name":"IMER Noticias","url":"https:\/\/noticias.imer.mx\/antenaradio\/author\/antenaradio\/"}]}},"_links":{"self":[{"href":"https:\/\/noticias.imer.mx\/antenaradio\/wp-json\/wp\/v2\/posts\/6172"}],"collection":[{"href":"https:\/\/noticias.imer.mx\/antenaradio\/wp-json\/wp\/v2\/posts"}],"about":[{"href":"https:\/\/noticias.imer.mx\/antenaradio\/wp-json\/wp\/v2\/types\/post"}],"author":[{"embeddable":true,"href":"https:\/\/noticias.imer.mx\/antenaradio\/wp-json\/wp\/v2\/users\/8"}],"replies":[{"embeddable":true,"href":"https:\/\/noticias.imer.mx\/antenaradio\/wp-json\/wp\/v2\/comments?post=6172"}],"version-history":[{"count":2,"href":"https:\/\/noticias.imer.mx\/antenaradio\/wp-json\/wp\/v2\/posts\/6172\/revisions"}],"predecessor-version":[{"id":6178,"href":"https:\/\/noticias.imer.mx\/antenaradio\/wp-json\/wp\/v2\/posts\/6172\/revisions\/6178"}],"wp:attachment":[{"href":"https:\/\/noticias.imer.mx\/antenaradio\/wp-json\/wp\/v2\/media?parent=6172"}],"wp:term":[{"taxonomy":"category","embeddable":true,"href":"https:\/\/noticias.imer.mx\/antenaradio\/wp-json\/wp\/v2\/categories?post=6172"},{"taxonomy":"post_tag","embeddable":true,"href":"https:\/\/noticias.imer.mx\/antenaradio\/wp-json\/wp\/v2\/tags?post=6172"}],"curies":[{"name":"wp","href":"https:\/\/api.w.org\/{rel}","templated":true}]}}