{"id":591,"date":"2009-08-18T11:03:48","date_gmt":"2009-08-18T16:03:48","guid":{"rendered":"http:\/\/www.blogs.imer.com.mx\/antenaradio\/?p=591"},"modified":"2009-08-18T11:03:48","modified_gmt":"2009-08-18T16:03:48","slug":"entrevista-miguel-angel-reta","status":"publish","type":"post","link":"https:\/\/noticias.imer.mx\/antenaradio\/2009\/08\/18\/entrevista-miguel-angel-reta\/","title":{"rendered":"Entrevista Miguel Angel Reta"},"content":{"rendered":"<p><a href=\"http:\/\/www.blogs.imer.com.mx\/antenaradio\/files\/2009\/08\/palacio_municipal1.jpg\"><img decoding=\"async\" loading=\"lazy\" class=\"alignright size-medium wp-image-593\" src=\"http:\/\/www.blogs.imer.com.mx\/antenaradio\/files\/2009\/08\/palacio_municipal1-300x224.jpg\" alt=\"\" width=\"300\" height=\"224\" srcset=\"https:\/\/noticias.imer.mx\/antenaradio\/files\/2009\/08\/palacio_municipal1-300x224.jpg 300w, https:\/\/noticias.imer.mx\/antenaradio\/files\/2009\/08\/palacio_municipal1.jpg 448w\" sizes=\"(max-width: 300px) 100vw, 300px\" \/><\/a>El maestro Miguel Angel Reta, secretario de la Mesa Directiva de la Confederaci\u00f3n de C\u00e1mara Industriales, da su opini\u00f3n sobre la reducci\u00f3n que se aplic\u00f3 al presupuesto de los municipios en el pa\u00eds.<\/p>\n<p>\u00a0<\/p>\n<p>\u00a0<\/p>\n<p><a href=\"http:\/\/www.blogs.imer.com.mx\/antenaradio\/files\/2009\/08\/reta.mp3\">reta<\/a><\/p>\n","protected":false},"excerpt":{"rendered":"<p>El maestro Miguel Angel Reta, secretario de la Mesa Directiva de la Confederaci\u00f3n de C\u00e1mara Industriales, da su opini\u00f3n sobre la reducci\u00f3n que se aplic\u00f3 al presupuesto de los municipios en el pa\u00eds. \u00a0 \u00a0 reta<\/p>\n","protected":false},"author":8,"featured_media":0,"comment_status":"open","ping_status":"open","sticky":false,"template":"","format":"standard","meta":{"wp_popup_display_lightbox":0,"wp_popup_suppress":"","wp_popup_trigger":"","wp_popup_trigger_amount":0,"wp_popup_disable_on_mobile":false},"categories":[5],"tags":[11149,3167,3255,3848],"yoast_head":"<!-- This site is optimized with the Yoast SEO plugin v21.0 - https:\/\/yoast.com\/wordpress\/plugins\/seo\/ -->\n<title>Entrevista Miguel Angel Reta - Antena Radio<\/title>\n<meta name=\"robots\" content=\"index, follow, max-snippet:-1, max-image-preview:large, max-video-preview:-1\" \/>\n<link rel=\"canonical\" href=\"https:\/\/noticias.imer.mx\/antenaradio\/2009\/08\/18\/entrevista-miguel-angel-reta\/\" \/>\n<meta property=\"og:locale\" content=\"es_ES\" \/>\n<meta property=\"og:type\" content=\"article\" \/>\n<meta property=\"og:title\" content=\"Entrevista Miguel Angel Reta - Antena Radio\" \/>\n<meta property=\"og:description\" content=\"El maestro Miguel Angel Reta, secretario de la Mesa Directiva de la Confederaci\u00f3n de C\u00e1mara Industriales, da su opini\u00f3n sobre la reducci\u00f3n que se aplic\u00f3 al presupuesto de los municipios en el pa\u00eds. \u00a0 \u00a0 reta\" \/>\n<meta property=\"og:url\" content=\"https:\/\/noticias.imer.mx\/antenaradio\/2009\/08\/18\/entrevista-miguel-angel-reta\/\" \/>\n<meta property=\"og:site_name\" content=\"Antena Radio\" \/>\n<meta property=\"article:published_time\" content=\"2009-08-18T16:03:48+00:00\" \/>\n<meta property=\"og:image\" content=\"http:\/\/www.blogs.imer.com.mx\/antenaradio\/files\/2009\/08\/palacio_municipal1-300x224.jpg\" \/>\n<meta name=\"author\" content=\"IMER Noticias\" \/>\n<meta name=\"twitter:card\" content=\"summary_large_image\" \/>\n<meta name=\"twitter:label1\" content=\"Escrito por\" \/>\n\t<meta name=\"twitter:data1\" content=\"IMER Noticias\" \/>\n<script type=\"application\/ld+json\" class=\"yoast-schema-graph\">{\"@context\":\"https:\/\/schema.org\",\"@graph\":[{\"@type\":\"WebPage\",\"@id\":\"https:\/\/noticias.imer.mx\/antenaradio\/2009\/08\/18\/entrevista-miguel-angel-reta\/\",\"url\":\"https:\/\/noticias.imer.mx\/antenaradio\/2009\/08\/18\/entrevista-miguel-angel-reta\/\",\"name\":\"Entrevista Miguel Angel Reta - Antena Radio\",\"isPartOf\":{\"@id\":\"https:\/\/noticias.imer.mx\/antenaradio\/#website\"},\"datePublished\":\"2009-08-18T16:03:48+00:00\",\"dateModified\":\"2009-08-18T16:03:48+00:00\",\"author\":{\"@id\":\"https:\/\/noticias.imer.mx\/antenaradio\/#\/schema\/person\/72de5454d165c5239bc56a49873e43c9\"},\"breadcrumb\":{\"@id\":\"https:\/\/noticias.imer.mx\/antenaradio\/2009\/08\/18\/entrevista-miguel-angel-reta\/#breadcrumb\"},\"inLanguage\":\"es\",\"potentialAction\":[{\"@type\":\"ReadAction\",\"target\":[\"https:\/\/noticias.imer.mx\/antenaradio\/2009\/08\/18\/entrevista-miguel-angel-reta\/\"]}]},{\"@type\":\"BreadcrumbList\",\"@id\":\"https:\/\/noticias.imer.mx\/antenaradio\/2009\/08\/18\/entrevista-miguel-angel-reta\/#breadcrumb\",\"itemListElement\":[{\"@type\":\"ListItem\",\"position\":1,\"name\":\"Home\",\"item\":\"https:\/\/noticias.imer.mx\/antenaradio\/\"},{\"@type\":\"ListItem\",\"position\":2,\"name\":\"Entrevista Miguel Angel Reta\"}]},{\"@type\":\"WebSite\",\"@id\":\"https:\/\/noticias.imer.mx\/antenaradio\/#website\",\"url\":\"https:\/\/noticias.imer.mx\/antenaradio\/\",\"name\":\"Antena Radio\",\"description\":\"La forma m\u00e1s clara de entender la noticia\",\"potentialAction\":[{\"@type\":\"SearchAction\",\"target\":{\"@type\":\"EntryPoint\",\"urlTemplate\":\"https:\/\/noticias.imer.mx\/antenaradio\/?s={search_term_string}\"},\"query-input\":\"required name=search_term_string\"}],\"inLanguage\":\"es\"},{\"@type\":\"Person\",\"@id\":\"https:\/\/noticias.imer.mx\/antenaradio\/#\/schema\/person\/72de5454d165c5239bc56a49873e43c9\",\"name\":\"IMER Noticias\",\"url\":\"https:\/\/noticias.imer.mx\/antenaradio\/author\/antenaradio\/\"}]}<\/script>\n<!-- \/ Yoast SEO plugin. -->","yoast_head_json":{"title":"Entrevista Miguel Angel Reta - Antena Radio","robots":{"index":"index","follow":"follow","max-snippet":"max-snippet:-1","max-image-preview":"max-image-preview:large","max-video-preview":"max-video-preview:-1"},"canonical":"https:\/\/noticias.imer.mx\/antenaradio\/2009\/08\/18\/entrevista-miguel-angel-reta\/","og_locale":"es_ES","og_type":"article","og_title":"Entrevista Miguel Angel Reta - Antena Radio","og_description":"El maestro Miguel Angel Reta, secretario de la Mesa Directiva de la Confederaci\u00f3n de C\u00e1mara Industriales, da su opini\u00f3n sobre la reducci\u00f3n que se aplic\u00f3 al presupuesto de los municipios en el pa\u00eds. \u00a0 \u00a0 reta","og_url":"https:\/\/noticias.imer.mx\/antenaradio\/2009\/08\/18\/entrevista-miguel-angel-reta\/","og_site_name":"Antena Radio","article_published_time":"2009-08-18T16:03:48+00:00","og_image":[{"url":"http:\/\/www.blogs.imer.com.mx\/antenaradio\/files\/2009\/08\/palacio_municipal1-300x224.jpg"}],"author":"IMER Noticias","twitter_card":"summary_large_image","twitter_misc":{"Escrito por":"IMER Noticias"},"schema":{"@context":"https:\/\/schema.org","@graph":[{"@type":"WebPage","@id":"https:\/\/noticias.imer.mx\/antenaradio\/2009\/08\/18\/entrevista-miguel-angel-reta\/","url":"https:\/\/noticias.imer.mx\/antenaradio\/2009\/08\/18\/entrevista-miguel-angel-reta\/","name":"Entrevista Miguel Angel Reta - Antena Radio","isPartOf":{"@id":"https:\/\/noticias.imer.mx\/antenaradio\/#website"},"datePublished":"2009-08-18T16:03:48+00:00","dateModified":"2009-08-18T16:03:48+00:00","author":{"@id":"https:\/\/noticias.imer.mx\/antenaradio\/#\/schema\/person\/72de5454d165c5239bc56a49873e43c9"},"breadcrumb":{"@id":"https:\/\/noticias.imer.mx\/antenaradio\/2009\/08\/18\/entrevista-miguel-angel-reta\/#breadcrumb"},"inLanguage":"es","potentialAction":[{"@type":"ReadAction","target":["https:\/\/noticias.imer.mx\/antenaradio\/2009\/08\/18\/entrevista-miguel-angel-reta\/"]}]},{"@type":"BreadcrumbList","@id":"https:\/\/noticias.imer.mx\/antenaradio\/2009\/08\/18\/entrevista-miguel-angel-reta\/#breadcrumb","itemListElement":[{"@type":"ListItem","position":1,"name":"Home","item":"https:\/\/noticias.imer.mx\/antenaradio\/"},{"@type":"ListItem","position":2,"name":"Entrevista Miguel Angel Reta"}]},{"@type":"WebSite","@id":"https:\/\/noticias.imer.mx\/antenaradio\/#website","url":"https:\/\/noticias.imer.mx\/antenaradio\/","name":"Antena Radio","description":"La forma m\u00e1s clara de entender la noticia","potentialAction":[{"@type":"SearchAction","target":{"@type":"EntryPoint","urlTemplate":"https:\/\/noticias.imer.mx\/antenaradio\/?s={search_term_string}"},"query-input":"required name=search_term_string"}],"inLanguage":"es"},{"@type":"Person","@id":"https:\/\/noticias.imer.mx\/antenaradio\/#\/schema\/person\/72de5454d165c5239bc56a49873e43c9","name":"IMER Noticias","url":"https:\/\/noticias.imer.mx\/antenaradio\/author\/antenaradio\/"}]}},"_links":{"self":[{"href":"https:\/\/noticias.imer.mx\/antenaradio\/wp-json\/wp\/v2\/posts\/591"}],"collection":[{"href":"https:\/\/noticias.imer.mx\/antenaradio\/wp-json\/wp\/v2\/posts"}],"about":[{"href":"https:\/\/noticias.imer.mx\/antenaradio\/wp-json\/wp\/v2\/types\/post"}],"author":[{"embeddable":true,"href":"https:\/\/noticias.imer.mx\/antenaradio\/wp-json\/wp\/v2\/users\/8"}],"replies":[{"embeddable":true,"href":"https:\/\/noticias.imer.mx\/antenaradio\/wp-json\/wp\/v2\/comments?post=591"}],"version-history":[{"count":1,"href":"https:\/\/noticias.imer.mx\/antenaradio\/wp-json\/wp\/v2\/posts\/591\/revisions"}],"predecessor-version":[{"id":595,"href":"https:\/\/noticias.imer.mx\/antenaradio\/wp-json\/wp\/v2\/posts\/591\/revisions\/595"}],"wp:attachment":[{"href":"https:\/\/noticias.imer.mx\/antenaradio\/wp-json\/wp\/v2\/media?parent=591"}],"wp:term":[{"taxonomy":"category","embeddable":true,"href":"https:\/\/noticias.imer.mx\/antenaradio\/wp-json\/wp\/v2\/categories?post=591"},{"taxonomy":"post_tag","embeddable":true,"href":"https:\/\/noticias.imer.mx\/antenaradio\/wp-json\/wp\/v2\/tags?post=591"}],"curies":[{"name":"wp","href":"https:\/\/api.w.org\/{rel}","templated":true}]}}