{"id":5569,"date":"2010-05-17T11:55:29","date_gmt":"2010-05-17T16:55:29","guid":{"rendered":"http:\/\/www.blogs.imer.com.mx\/antenaradio\/?p=5569"},"modified":"2010-05-17T11:55:29","modified_gmt":"2010-05-17T16:55:29","slug":"entrevista-a-ricardo-najera","status":"publish","type":"post","link":"https:\/\/noticias.imer.mx\/antenaradio\/2010\/05\/17\/entrevista-a-ricardo-najera\/","title":{"rendered":"Entrevista a Ricardo N\u00e1jera"},"content":{"rendered":"<p>\u00a0<\/p>\n<p class=\"MsoNormal\"><span><a href=\"http:\/\/www.blogs.imer.com.mx\/antenaradio\/files\/2010\/05\/diegofc.jpg\"><strong><img loading=\"lazy\" decoding=\"async\" class=\"alignright size-thumbnail wp-image-5570\" src=\"http:\/\/www.blogs.imer.com.mx\/antenaradio\/files\/2010\/05\/diegofc-150x150.jpg\" alt=\"\" width=\"150\" height=\"150\" \/><\/strong><\/a><\/span><\/p>\n<p><strong>Ricardo N\u00e1jera,<\/strong> vocero de la Procuradur\u00eda General de la Rep\u00fablica, habla sobre los avances de la investigaci\u00f3n en torno a la desaparici\u00f3n de Diego Fern\u00e1ndez de Cevallos.<\/p>\n<p class=\"MsoNormal\"><span lang=\"ES-MX\"><a href=\"http:\/\/www.blogs.imer.com.mx\/antenaradio\/files\/2010\/05\/ricardo-najera-arpe-17may.mp3\">ricardo-najera-arpe-17may<\/a><a href=\"http:\/\/www.blogs.imer.com.mx\/antenaradio\/files\/2010\/05\/diegofc.jpg\"><\/a><\/span><\/p>\n","protected":false},"excerpt":{"rendered":"<p>\u00a0 Ricardo N\u00e1jera, vocero de la Procuradur\u00eda General de la Rep\u00fablica, habla sobre los avances de la investigaci\u00f3n en torno a la desaparici\u00f3n de Diego Fern\u00e1ndez de Cevallos. ricardo-najera-arpe-17may<\/p>\n","protected":false},"author":8,"featured_media":0,"comment_status":"open","ping_status":"open","sticky":false,"template":"","format":"standard","meta":{"footnotes":""},"categories":[1],"tags":[1395,11150,3556,3703,3960],"class_list":["post-5569","post","type-post","status-publish","format-standard","hentry","category-antena-radio","tag-diego-fernandez-de-cevallos","tag-imer","tag-pgr","tag-produraduria-general-de-la-republica","tag-ricardo-najera","category-1","description-off"],"yoast_head":"<!-- This site is optimized with the Yoast SEO plugin v28.3 - https:\/\/yoast.com\/product\/yoast-seo-wordpress\/ -->\n<title>Entrevista a Ricardo N\u00e1jera - Antena Radio<\/title>\n<meta name=\"robots\" content=\"index, follow, max-snippet:-1, max-image-preview:large, max-video-preview:-1\" \/>\n<link rel=\"canonical\" href=\"https:\/\/noticias.imer.mx\/antenaradio\/2010\/05\/17\/entrevista-a-ricardo-najera\/\" \/>\n<meta property=\"og:locale\" content=\"es_ES\" \/>\n<meta property=\"og:type\" content=\"article\" \/>\n<meta property=\"og:title\" content=\"Entrevista a Ricardo N\u00e1jera - Antena Radio\" \/>\n<meta property=\"og:description\" content=\"\u00a0 Ricardo N\u00e1jera, vocero de la Procuradur\u00eda General de la Rep\u00fablica, habla sobre los avances de la investigaci\u00f3n en torno a la desaparici\u00f3n de Diego Fern\u00e1ndez de Cevallos. ricardo-najera-arpe-17may\" \/>\n<meta property=\"og:url\" content=\"https:\/\/noticias.imer.mx\/antenaradio\/2010\/05\/17\/entrevista-a-ricardo-najera\/\" \/>\n<meta property=\"og:site_name\" content=\"Antena Radio\" \/>\n<meta property=\"article:published_time\" content=\"2010-05-17T16:55:29+00:00\" \/>\n<meta property=\"og:image\" content=\"http:\/\/www.blogs.imer.com.mx\/antenaradio\/files\/2010\/05\/diegofc-150x150.jpg\" \/>\n<meta name=\"author\" content=\"IMER Noticias\" \/>\n<meta name=\"twitter:card\" content=\"summary_large_image\" \/>\n<meta name=\"twitter:label1\" content=\"Escrito por\" \/>\n\t<meta name=\"twitter:data1\" content=\"IMER Noticias\" \/>\n<script type=\"application\/ld+json\" class=\"yoast-schema-graph\">{\"@context\":\"https:\\\/\\\/schema.org\",\"@graph\":[{\"@type\":\"Article\",\"@id\":\"https:\\\/\\\/noticias.imer.mx\\\/antenaradio\\\/2010\\\/05\\\/17\\\/entrevista-a-ricardo-najera\\\/#article\",\"isPartOf\":{\"@id\":\"https:\\\/\\\/noticias.imer.mx\\\/antenaradio\\\/2010\\\/05\\\/17\\\/entrevista-a-ricardo-najera\\\/\"},\"author\":{\"name\":\"IMER Noticias\",\"@id\":\"https:\\\/\\\/noticias.imer.mx\\\/antenaradio\\\/#\\\/schema\\\/person\\\/72de5454d165c5239bc56a49873e43c9\"},\"headline\":\"Entrevista a Ricardo N\u00e1jera\",\"datePublished\":\"2010-05-17T16:55:29+00:00\",\"mainEntityOfPage\":{\"@id\":\"https:\\\/\\\/noticias.imer.mx\\\/antenaradio\\\/2010\\\/05\\\/17\\\/entrevista-a-ricardo-najera\\\/\"},\"wordCount\":40,\"commentCount\":0,\"image\":{\"@id\":\"https:\\\/\\\/noticias.imer.mx\\\/antenaradio\\\/2010\\\/05\\\/17\\\/entrevista-a-ricardo-najera\\\/#primaryimage\"},\"thumbnailUrl\":\"http:\\\/\\\/www.blogs.imer.com.mx\\\/antenaradio\\\/files\\\/2010\\\/05\\\/diegofc-150x150.jpg\",\"keywords\":[\"Diego Fern\u00c3\u00a1ndez de Cevallos\",\"IMER\",\"pgr\",\"Produradur\u00eda General de la Rep\u00fablica\",\"ricardo n\u00e1jera\"],\"articleSection\":[\"Antena Radio\"],\"inLanguage\":\"es\",\"potentialAction\":[{\"@type\":\"CommentAction\",\"name\":\"Comment\",\"target\":[\"https:\\\/\\\/noticias.imer.mx\\\/antenaradio\\\/2010\\\/05\\\/17\\\/entrevista-a-ricardo-najera\\\/#respond\"]}]},{\"@type\":\"WebPage\",\"@id\":\"https:\\\/\\\/noticias.imer.mx\\\/antenaradio\\\/2010\\\/05\\\/17\\\/entrevista-a-ricardo-najera\\\/\",\"url\":\"https:\\\/\\\/noticias.imer.mx\\\/antenaradio\\\/2010\\\/05\\\/17\\\/entrevista-a-ricardo-najera\\\/\",\"name\":\"Entrevista a Ricardo N\u00e1jera - Antena Radio\",\"isPartOf\":{\"@id\":\"https:\\\/\\\/noticias.imer.mx\\\/antenaradio\\\/#website\"},\"primaryImageOfPage\":{\"@id\":\"https:\\\/\\\/noticias.imer.mx\\\/antenaradio\\\/2010\\\/05\\\/17\\\/entrevista-a-ricardo-najera\\\/#primaryimage\"},\"image\":{\"@id\":\"https:\\\/\\\/noticias.imer.mx\\\/antenaradio\\\/2010\\\/05\\\/17\\\/entrevista-a-ricardo-najera\\\/#primaryimage\"},\"thumbnailUrl\":\"http:\\\/\\\/www.blogs.imer.com.mx\\\/antenaradio\\\/files\\\/2010\\\/05\\\/diegofc-150x150.jpg\",\"datePublished\":\"2010-05-17T16:55:29+00:00\",\"author\":{\"@id\":\"https:\\\/\\\/noticias.imer.mx\\\/antenaradio\\\/#\\\/schema\\\/person\\\/72de5454d165c5239bc56a49873e43c9\"},\"breadcrumb\":{\"@id\":\"https:\\\/\\\/noticias.imer.mx\\\/antenaradio\\\/2010\\\/05\\\/17\\\/entrevista-a-ricardo-najera\\\/#breadcrumb\"},\"inLanguage\":\"es\",\"potentialAction\":[{\"@type\":\"ReadAction\",\"target\":[\"https:\\\/\\\/noticias.imer.mx\\\/antenaradio\\\/2010\\\/05\\\/17\\\/entrevista-a-ricardo-najera\\\/\"]}]},{\"@type\":\"ImageObject\",\"inLanguage\":\"es\",\"@id\":\"https:\\\/\\\/noticias.imer.mx\\\/antenaradio\\\/2010\\\/05\\\/17\\\/entrevista-a-ricardo-najera\\\/#primaryimage\",\"url\":\"http:\\\/\\\/www.blogs.imer.com.mx\\\/antenaradio\\\/files\\\/2010\\\/05\\\/diegofc-150x150.jpg\",\"contentUrl\":\"http:\\\/\\\/www.blogs.imer.com.mx\\\/antenaradio\\\/files\\\/2010\\\/05\\\/diegofc-150x150.jpg\"},{\"@type\":\"BreadcrumbList\",\"@id\":\"https:\\\/\\\/noticias.imer.mx\\\/antenaradio\\\/2010\\\/05\\\/17\\\/entrevista-a-ricardo-najera\\\/#breadcrumb\",\"itemListElement\":[{\"@type\":\"ListItem\",\"position\":1,\"name\":\"Home\",\"item\":\"https:\\\/\\\/noticias.imer.mx\\\/antenaradio\\\/\"},{\"@type\":\"ListItem\",\"position\":2,\"name\":\"Entrevista a Ricardo N\u00e1jera\"}]},{\"@type\":\"WebSite\",\"@id\":\"https:\\\/\\\/noticias.imer.mx\\\/antenaradio\\\/#website\",\"url\":\"https:\\\/\\\/noticias.imer.mx\\\/antenaradio\\\/\",\"name\":\"Antena Radio\",\"description\":\"La forma m\u00e1s clara de entender la noticia\",\"potentialAction\":[{\"@type\":\"SearchAction\",\"target\":{\"@type\":\"EntryPoint\",\"urlTemplate\":\"https:\\\/\\\/noticias.imer.mx\\\/antenaradio\\\/?s={search_term_string}\"},\"query-input\":{\"@type\":\"PropertyValueSpecification\",\"valueRequired\":true,\"valueName\":\"search_term_string\"}}],\"inLanguage\":\"es\"},{\"@type\":\"Person\",\"@id\":\"https:\\\/\\\/noticias.imer.mx\\\/antenaradio\\\/#\\\/schema\\\/person\\\/72de5454d165c5239bc56a49873e43c9\",\"name\":\"IMER Noticias\",\"url\":\"https:\\\/\\\/noticias.imer.mx\\\/antenaradio\\\/author\\\/antenaradio\\\/\"}]}<\/script>\n<!-- \/ Yoast SEO plugin. -->","yoast_head_json":{"title":"Entrevista a Ricardo N\u00e1jera - Antena Radio","robots":{"index":"index","follow":"follow","max-snippet":"max-snippet:-1","max-image-preview":"max-image-preview:large","max-video-preview":"max-video-preview:-1"},"canonical":"https:\/\/noticias.imer.mx\/antenaradio\/2010\/05\/17\/entrevista-a-ricardo-najera\/","og_locale":"es_ES","og_type":"article","og_title":"Entrevista a Ricardo N\u00e1jera - Antena Radio","og_description":"\u00a0 Ricardo N\u00e1jera, vocero de la Procuradur\u00eda General de la Rep\u00fablica, habla sobre los avances de la investigaci\u00f3n en torno a la desaparici\u00f3n de Diego Fern\u00e1ndez de Cevallos. ricardo-najera-arpe-17may","og_url":"https:\/\/noticias.imer.mx\/antenaradio\/2010\/05\/17\/entrevista-a-ricardo-najera\/","og_site_name":"Antena Radio","article_published_time":"2010-05-17T16:55:29+00:00","og_image":[{"url":"http:\/\/www.blogs.imer.com.mx\/antenaradio\/files\/2010\/05\/diegofc-150x150.jpg","type":"","width":"","height":""}],"author":"IMER Noticias","twitter_card":"summary_large_image","twitter_misc":{"Escrito por":"IMER Noticias"},"schema":{"@context":"https:\/\/schema.org","@graph":[{"@type":"Article","@id":"https:\/\/noticias.imer.mx\/antenaradio\/2010\/05\/17\/entrevista-a-ricardo-najera\/#article","isPartOf":{"@id":"https:\/\/noticias.imer.mx\/antenaradio\/2010\/05\/17\/entrevista-a-ricardo-najera\/"},"author":{"name":"IMER Noticias","@id":"https:\/\/noticias.imer.mx\/antenaradio\/#\/schema\/person\/72de5454d165c5239bc56a49873e43c9"},"headline":"Entrevista a Ricardo N\u00e1jera","datePublished":"2010-05-17T16:55:29+00:00","mainEntityOfPage":{"@id":"https:\/\/noticias.imer.mx\/antenaradio\/2010\/05\/17\/entrevista-a-ricardo-najera\/"},"wordCount":40,"commentCount":0,"image":{"@id":"https:\/\/noticias.imer.mx\/antenaradio\/2010\/05\/17\/entrevista-a-ricardo-najera\/#primaryimage"},"thumbnailUrl":"http:\/\/www.blogs.imer.com.mx\/antenaradio\/files\/2010\/05\/diegofc-150x150.jpg","keywords":["Diego Fern\u00c3\u00a1ndez de Cevallos","IMER","pgr","Produradur\u00eda General de la Rep\u00fablica","ricardo n\u00e1jera"],"articleSection":["Antena Radio"],"inLanguage":"es","potentialAction":[{"@type":"CommentAction","name":"Comment","target":["https:\/\/noticias.imer.mx\/antenaradio\/2010\/05\/17\/entrevista-a-ricardo-najera\/#respond"]}]},{"@type":"WebPage","@id":"https:\/\/noticias.imer.mx\/antenaradio\/2010\/05\/17\/entrevista-a-ricardo-najera\/","url":"https:\/\/noticias.imer.mx\/antenaradio\/2010\/05\/17\/entrevista-a-ricardo-najera\/","name":"Entrevista a Ricardo N\u00e1jera - Antena Radio","isPartOf":{"@id":"https:\/\/noticias.imer.mx\/antenaradio\/#website"},"primaryImageOfPage":{"@id":"https:\/\/noticias.imer.mx\/antenaradio\/2010\/05\/17\/entrevista-a-ricardo-najera\/#primaryimage"},"image":{"@id":"https:\/\/noticias.imer.mx\/antenaradio\/2010\/05\/17\/entrevista-a-ricardo-najera\/#primaryimage"},"thumbnailUrl":"http:\/\/www.blogs.imer.com.mx\/antenaradio\/files\/2010\/05\/diegofc-150x150.jpg","datePublished":"2010-05-17T16:55:29+00:00","author":{"@id":"https:\/\/noticias.imer.mx\/antenaradio\/#\/schema\/person\/72de5454d165c5239bc56a49873e43c9"},"breadcrumb":{"@id":"https:\/\/noticias.imer.mx\/antenaradio\/2010\/05\/17\/entrevista-a-ricardo-najera\/#breadcrumb"},"inLanguage":"es","potentialAction":[{"@type":"ReadAction","target":["https:\/\/noticias.imer.mx\/antenaradio\/2010\/05\/17\/entrevista-a-ricardo-najera\/"]}]},{"@type":"ImageObject","inLanguage":"es","@id":"https:\/\/noticias.imer.mx\/antenaradio\/2010\/05\/17\/entrevista-a-ricardo-najera\/#primaryimage","url":"http:\/\/www.blogs.imer.com.mx\/antenaradio\/files\/2010\/05\/diegofc-150x150.jpg","contentUrl":"http:\/\/www.blogs.imer.com.mx\/antenaradio\/files\/2010\/05\/diegofc-150x150.jpg"},{"@type":"BreadcrumbList","@id":"https:\/\/noticias.imer.mx\/antenaradio\/2010\/05\/17\/entrevista-a-ricardo-najera\/#breadcrumb","itemListElement":[{"@type":"ListItem","position":1,"name":"Home","item":"https:\/\/noticias.imer.mx\/antenaradio\/"},{"@type":"ListItem","position":2,"name":"Entrevista a Ricardo N\u00e1jera"}]},{"@type":"WebSite","@id":"https:\/\/noticias.imer.mx\/antenaradio\/#website","url":"https:\/\/noticias.imer.mx\/antenaradio\/","name":"Antena Radio","description":"La forma m\u00e1s clara de entender la noticia","potentialAction":[{"@type":"SearchAction","target":{"@type":"EntryPoint","urlTemplate":"https:\/\/noticias.imer.mx\/antenaradio\/?s={search_term_string}"},"query-input":{"@type":"PropertyValueSpecification","valueRequired":true,"valueName":"search_term_string"}}],"inLanguage":"es"},{"@type":"Person","@id":"https:\/\/noticias.imer.mx\/antenaradio\/#\/schema\/person\/72de5454d165c5239bc56a49873e43c9","name":"IMER Noticias","url":"https:\/\/noticias.imer.mx\/antenaradio\/author\/antenaradio\/"}]}},"_links":{"self":[{"href":"https:\/\/noticias.imer.mx\/antenaradio\/wp-json\/wp\/v2\/posts\/5569","targetHints":{"allow":["GET"]}}],"collection":[{"href":"https:\/\/noticias.imer.mx\/antenaradio\/wp-json\/wp\/v2\/posts"}],"about":[{"href":"https:\/\/noticias.imer.mx\/antenaradio\/wp-json\/wp\/v2\/types\/post"}],"author":[{"embeddable":true,"href":"https:\/\/noticias.imer.mx\/antenaradio\/wp-json\/wp\/v2\/users\/8"}],"replies":[{"embeddable":true,"href":"https:\/\/noticias.imer.mx\/antenaradio\/wp-json\/wp\/v2\/comments?post=5569"}],"version-history":[{"count":1,"href":"https:\/\/noticias.imer.mx\/antenaradio\/wp-json\/wp\/v2\/posts\/5569\/revisions"}],"predecessor-version":[{"id":5572,"href":"https:\/\/noticias.imer.mx\/antenaradio\/wp-json\/wp\/v2\/posts\/5569\/revisions\/5572"}],"wp:attachment":[{"href":"https:\/\/noticias.imer.mx\/antenaradio\/wp-json\/wp\/v2\/media?parent=5569"}],"wp:term":[{"taxonomy":"category","embeddable":true,"href":"https:\/\/noticias.imer.mx\/antenaradio\/wp-json\/wp\/v2\/categories?post=5569"},{"taxonomy":"post_tag","embeddable":true,"href":"https:\/\/noticias.imer.mx\/antenaradio\/wp-json\/wp\/v2\/tags?post=5569"}],"curies":[{"name":"wp","href":"https:\/\/api.w.org\/{rel}","templated":true}]}}