{"id":533,"date":"2009-08-14T18:25:14","date_gmt":"2009-08-14T23:25:14","guid":{"rendered":"http:\/\/www.blogs.imer.com.mx\/antenaradio\/?p=533"},"modified":"2009-08-14T18:25:14","modified_gmt":"2009-08-14T23:25:14","slug":"entrevista-con-fernando-butler-silva","status":"publish","type":"post","link":"https:\/\/noticias.imer.mx\/antenaradio\/2009\/08\/14\/entrevista-con-fernando-butler-silva\/","title":{"rendered":"Entrevista con Fernando Butler Silva"},"content":{"rendered":"<p><a href=\"http:\/\/www.blogs.imer.com.mx\/antenaradio\/files\/2009\/08\/fernandobutlersilva1.jpg\"><img decoding=\"async\" loading=\"lazy\" class=\"alignright size-medium wp-image-535\" src=\"http:\/\/www.blogs.imer.com.mx\/antenaradio\/files\/2009\/08\/fernandobutlersilva1.jpg\" alt=\"\" width=\"140\" height=\"160\" \/><\/a>Este viernes que durante el segundo trimestre, la tasa de desempleo en M\u00e9xico creio 0.70 por ciento, es decir que al mes de junio hab\u00eda unos 2.4 millones de personas desocupadas. Para hablar sobre este indicador econ\u00f3mico conversamos con el analista financiero, Fernando Butler Silva, ex presidente de El Colegio Nacional de Economistas.<\/p>\n<p><a href=\"http:\/\/www.blogs.imer.com.mx\/antenaradio\/files\/2009\/08\/fernando-butler.mp3\">fernando-butler<\/a><\/p>\n","protected":false},"excerpt":{"rendered":"<p>Este viernes que durante el segundo trimestre, la tasa de desempleo en M\u00e9xico creio 0.70 por ciento, es decir que al mes de junio hab\u00eda unos 2.4 millones de personas desocupadas. Para hablar sobre este indicador econ\u00f3mico conversamos con el analista financiero, Fernando Butler Silva, ex presidente de El Colegio Nacional de Economistas. fernando-butler<\/p>\n","protected":false},"author":8,"featured_media":0,"comment_status":"open","ping_status":"open","sticky":false,"template":"","format":"standard","meta":{"wp_popup_display_lightbox":0,"wp_popup_suppress":"","wp_popup_trigger":"","wp_popup_trigger_amount":0,"wp_popup_disable_on_mobile":false},"categories":[8093],"tags":[1847,6,4382],"yoast_head":"<!-- This site is optimized with the Yoast SEO plugin v21.0 - https:\/\/yoast.com\/wordpress\/plugins\/seo\/ -->\n<title>Entrevista con Fernando Butler Silva - Antena Radio<\/title>\n<meta name=\"robots\" content=\"index, follow, max-snippet:-1, max-image-preview:large, max-video-preview:-1\" \/>\n<link rel=\"canonical\" href=\"https:\/\/noticias.imer.mx\/antenaradio\/2009\/08\/14\/entrevista-con-fernando-butler-silva\/\" \/>\n<meta property=\"og:locale\" content=\"es_ES\" \/>\n<meta property=\"og:type\" content=\"article\" \/>\n<meta property=\"og:title\" content=\"Entrevista con Fernando Butler Silva - Antena Radio\" \/>\n<meta property=\"og:description\" content=\"Este viernes que durante el segundo trimestre, la tasa de desempleo en M\u00e9xico creio 0.70 por ciento, es decir que al mes de junio hab\u00eda unos 2.4 millones de personas desocupadas. Para hablar sobre este indicador econ\u00f3mico conversamos con el analista financiero, Fernando Butler Silva, ex presidente de El Colegio Nacional de Economistas. fernando-butler\" \/>\n<meta property=\"og:url\" content=\"https:\/\/noticias.imer.mx\/antenaradio\/2009\/08\/14\/entrevista-con-fernando-butler-silva\/\" \/>\n<meta property=\"og:site_name\" content=\"Antena Radio\" \/>\n<meta property=\"article:published_time\" content=\"2009-08-14T23:25:14+00:00\" \/>\n<meta property=\"og:image\" content=\"http:\/\/www.blogs.imer.com.mx\/antenaradio\/files\/2009\/08\/fernandobutlersilva1.jpg\" \/>\n<meta name=\"author\" content=\"IMER Noticias\" \/>\n<meta name=\"twitter:card\" content=\"summary_large_image\" \/>\n<meta name=\"twitter:label1\" content=\"Escrito por\" \/>\n\t<meta name=\"twitter:data1\" content=\"IMER Noticias\" \/>\n<script type=\"application\/ld+json\" class=\"yoast-schema-graph\">{\"@context\":\"https:\/\/schema.org\",\"@graph\":[{\"@type\":\"WebPage\",\"@id\":\"https:\/\/noticias.imer.mx\/antenaradio\/2009\/08\/14\/entrevista-con-fernando-butler-silva\/\",\"url\":\"https:\/\/noticias.imer.mx\/antenaradio\/2009\/08\/14\/entrevista-con-fernando-butler-silva\/\",\"name\":\"Entrevista con Fernando Butler Silva - Antena Radio\",\"isPartOf\":{\"@id\":\"https:\/\/noticias.imer.mx\/antenaradio\/#website\"},\"datePublished\":\"2009-08-14T23:25:14+00:00\",\"dateModified\":\"2009-08-14T23:25:14+00:00\",\"author\":{\"@id\":\"https:\/\/noticias.imer.mx\/antenaradio\/#\/schema\/person\/72de5454d165c5239bc56a49873e43c9\"},\"breadcrumb\":{\"@id\":\"https:\/\/noticias.imer.mx\/antenaradio\/2009\/08\/14\/entrevista-con-fernando-butler-silva\/#breadcrumb\"},\"inLanguage\":\"es\",\"potentialAction\":[{\"@type\":\"ReadAction\",\"target\":[\"https:\/\/noticias.imer.mx\/antenaradio\/2009\/08\/14\/entrevista-con-fernando-butler-silva\/\"]}]},{\"@type\":\"BreadcrumbList\",\"@id\":\"https:\/\/noticias.imer.mx\/antenaradio\/2009\/08\/14\/entrevista-con-fernando-butler-silva\/#breadcrumb\",\"itemListElement\":[{\"@type\":\"ListItem\",\"position\":1,\"name\":\"Home\",\"item\":\"https:\/\/noticias.imer.mx\/antenaradio\/\"},{\"@type\":\"ListItem\",\"position\":2,\"name\":\"Entrevista con Fernando Butler Silva\"}]},{\"@type\":\"WebSite\",\"@id\":\"https:\/\/noticias.imer.mx\/antenaradio\/#website\",\"url\":\"https:\/\/noticias.imer.mx\/antenaradio\/\",\"name\":\"Antena Radio\",\"description\":\"La forma m\u00e1s clara de entender la noticia\",\"potentialAction\":[{\"@type\":\"SearchAction\",\"target\":{\"@type\":\"EntryPoint\",\"urlTemplate\":\"https:\/\/noticias.imer.mx\/antenaradio\/?s={search_term_string}\"},\"query-input\":\"required name=search_term_string\"}],\"inLanguage\":\"es\"},{\"@type\":\"Person\",\"@id\":\"https:\/\/noticias.imer.mx\/antenaradio\/#\/schema\/person\/72de5454d165c5239bc56a49873e43c9\",\"name\":\"IMER Noticias\",\"url\":\"https:\/\/noticias.imer.mx\/antenaradio\/author\/antenaradio\/\"}]}<\/script>\n<!-- \/ Yoast SEO plugin. -->","yoast_head_json":{"title":"Entrevista con Fernando Butler Silva - Antena Radio","robots":{"index":"index","follow":"follow","max-snippet":"max-snippet:-1","max-image-preview":"max-image-preview:large","max-video-preview":"max-video-preview:-1"},"canonical":"https:\/\/noticias.imer.mx\/antenaradio\/2009\/08\/14\/entrevista-con-fernando-butler-silva\/","og_locale":"es_ES","og_type":"article","og_title":"Entrevista con Fernando Butler Silva - Antena Radio","og_description":"Este viernes que durante el segundo trimestre, la tasa de desempleo en M\u00e9xico creio 0.70 por ciento, es decir que al mes de junio hab\u00eda unos 2.4 millones de personas desocupadas. Para hablar sobre este indicador econ\u00f3mico conversamos con el analista financiero, Fernando Butler Silva, ex presidente de El Colegio Nacional de Economistas. fernando-butler","og_url":"https:\/\/noticias.imer.mx\/antenaradio\/2009\/08\/14\/entrevista-con-fernando-butler-silva\/","og_site_name":"Antena Radio","article_published_time":"2009-08-14T23:25:14+00:00","og_image":[{"url":"http:\/\/www.blogs.imer.com.mx\/antenaradio\/files\/2009\/08\/fernandobutlersilva1.jpg"}],"author":"IMER Noticias","twitter_card":"summary_large_image","twitter_misc":{"Escrito por":"IMER Noticias"},"schema":{"@context":"https:\/\/schema.org","@graph":[{"@type":"WebPage","@id":"https:\/\/noticias.imer.mx\/antenaradio\/2009\/08\/14\/entrevista-con-fernando-butler-silva\/","url":"https:\/\/noticias.imer.mx\/antenaradio\/2009\/08\/14\/entrevista-con-fernando-butler-silva\/","name":"Entrevista con Fernando Butler Silva - Antena Radio","isPartOf":{"@id":"https:\/\/noticias.imer.mx\/antenaradio\/#website"},"datePublished":"2009-08-14T23:25:14+00:00","dateModified":"2009-08-14T23:25:14+00:00","author":{"@id":"https:\/\/noticias.imer.mx\/antenaradio\/#\/schema\/person\/72de5454d165c5239bc56a49873e43c9"},"breadcrumb":{"@id":"https:\/\/noticias.imer.mx\/antenaradio\/2009\/08\/14\/entrevista-con-fernando-butler-silva\/#breadcrumb"},"inLanguage":"es","potentialAction":[{"@type":"ReadAction","target":["https:\/\/noticias.imer.mx\/antenaradio\/2009\/08\/14\/entrevista-con-fernando-butler-silva\/"]}]},{"@type":"BreadcrumbList","@id":"https:\/\/noticias.imer.mx\/antenaradio\/2009\/08\/14\/entrevista-con-fernando-butler-silva\/#breadcrumb","itemListElement":[{"@type":"ListItem","position":1,"name":"Home","item":"https:\/\/noticias.imer.mx\/antenaradio\/"},{"@type":"ListItem","position":2,"name":"Entrevista con Fernando Butler Silva"}]},{"@type":"WebSite","@id":"https:\/\/noticias.imer.mx\/antenaradio\/#website","url":"https:\/\/noticias.imer.mx\/antenaradio\/","name":"Antena Radio","description":"La forma m\u00e1s clara de entender la noticia","potentialAction":[{"@type":"SearchAction","target":{"@type":"EntryPoint","urlTemplate":"https:\/\/noticias.imer.mx\/antenaradio\/?s={search_term_string}"},"query-input":"required name=search_term_string"}],"inLanguage":"es"},{"@type":"Person","@id":"https:\/\/noticias.imer.mx\/antenaradio\/#\/schema\/person\/72de5454d165c5239bc56a49873e43c9","name":"IMER Noticias","url":"https:\/\/noticias.imer.mx\/antenaradio\/author\/antenaradio\/"}]}},"_links":{"self":[{"href":"https:\/\/noticias.imer.mx\/antenaradio\/wp-json\/wp\/v2\/posts\/533"}],"collection":[{"href":"https:\/\/noticias.imer.mx\/antenaradio\/wp-json\/wp\/v2\/posts"}],"about":[{"href":"https:\/\/noticias.imer.mx\/antenaradio\/wp-json\/wp\/v2\/types\/post"}],"author":[{"embeddable":true,"href":"https:\/\/noticias.imer.mx\/antenaradio\/wp-json\/wp\/v2\/users\/8"}],"replies":[{"embeddable":true,"href":"https:\/\/noticias.imer.mx\/antenaradio\/wp-json\/wp\/v2\/comments?post=533"}],"version-history":[{"count":1,"href":"https:\/\/noticias.imer.mx\/antenaradio\/wp-json\/wp\/v2\/posts\/533\/revisions"}],"predecessor-version":[{"id":537,"href":"https:\/\/noticias.imer.mx\/antenaradio\/wp-json\/wp\/v2\/posts\/533\/revisions\/537"}],"wp:attachment":[{"href":"https:\/\/noticias.imer.mx\/antenaradio\/wp-json\/wp\/v2\/media?parent=533"}],"wp:term":[{"taxonomy":"category","embeddable":true,"href":"https:\/\/noticias.imer.mx\/antenaradio\/wp-json\/wp\/v2\/categories?post=533"},{"taxonomy":"post_tag","embeddable":true,"href":"https:\/\/noticias.imer.mx\/antenaradio\/wp-json\/wp\/v2\/tags?post=533"}],"curies":[{"name":"wp","href":"https:\/\/api.w.org\/{rel}","templated":true}]}}