{"id":529,"date":"2009-08-14T15:05:33","date_gmt":"2009-08-14T20:05:33","guid":{"rendered":"http:\/\/www.blogs.imer.com.mx\/antenaradio\/?p=529"},"modified":"2009-08-14T15:05:33","modified_gmt":"2009-08-14T20:05:33","slug":"entrevista-aldo-nunez-armenta","status":"publish","type":"post","link":"https:\/\/noticias.imer.mx\/antenaradio\/2009\/08\/14\/entrevista-aldo-nunez-armenta\/","title":{"rendered":"Entrevista Aldo N\u00fa\u00f1ez Armenta"},"content":{"rendered":"<p style=\"text-align: right\"><a href=\"http:\/\/www.blogs.imer.com.mx\/antenaradio\/files\/2009\/08\/vazquez-mota.jpg\"><img decoding=\"async\" loading=\"lazy\" class=\"alignleft size-medium wp-image-530\" src=\"http:\/\/www.blogs.imer.com.mx\/antenaradio\/files\/2009\/08\/vazquez-mota-300x218.jpg\" alt=\"\" width=\"300\" height=\"218\" srcset=\"https:\/\/noticias.imer.mx\/antenaradio\/files\/2009\/08\/vazquez-mota-300x218.jpg 300w, https:\/\/noticias.imer.mx\/antenaradio\/files\/2009\/08\/vazquez-mota.jpg 370w\" sizes=\"(max-width: 300px) 100vw, 300px\" \/><\/a><\/p>\n<p style=\"text-align: right\">\u00a0<\/p>\n<p style=\"text-align: right\">\u00a0<\/p>\n<p style=\"text-align: left\">El maestro Aldo N\u00fa\u00f1ez Armenta, acad\u00e9mico de la facultad de Ciencia Pol\u00edticas de la Universidad Aut\u00f3ma del Estado de M\u00e9xico, habla sobre la designaci\u00f3n de Josef\u00edna V\u00e1zquez Mota como coordinadora de la bancada panista para la siguiente leguislatura.<\/p>\n<p style=\"text-align: left\"><a href=\"http:\/\/www.blogs.imer.com.mx\/antenaradio\/files\/2009\/08\/aldo-nunez.mp3\">aldo-nunez<\/a><\/p>\n","protected":false},"excerpt":{"rendered":"<p>\u00a0 \u00a0 El maestro Aldo N\u00fa\u00f1ez Armenta, acad\u00e9mico de la facultad de Ciencia Pol\u00edticas de la Universidad Aut\u00f3ma del Estado de M\u00e9xico, habla sobre la designaci\u00f3n de Josef\u00edna V\u00e1zquez Mota como coordinadora de la bancada panista para la siguiente leguislatura. aldo-nunez<\/p>\n","protected":false},"author":8,"featured_media":0,"comment_status":"open","ping_status":"open","sticky":false,"template":"","format":"standard","meta":{"wp_popup_display_lightbox":0,"wp_popup_suppress":"","wp_popup_trigger":"","wp_popup_trigger_amount":0,"wp_popup_disable_on_mobile":false},"categories":[3],"tags":[180,1142,11150,2616],"yoast_head":"<!-- This site is optimized with the Yoast SEO plugin v21.0 - https:\/\/yoast.com\/wordpress\/plugins\/seo\/ -->\n<title>Entrevista Aldo N\u00fa\u00f1ez Armenta - Antena Radio<\/title>\n<meta name=\"robots\" content=\"index, follow, max-snippet:-1, max-image-preview:large, max-video-preview:-1\" \/>\n<link rel=\"canonical\" href=\"https:\/\/noticias.imer.mx\/antenaradio\/2009\/08\/14\/entrevista-aldo-nunez-armenta\/\" \/>\n<meta property=\"og:locale\" content=\"es_ES\" \/>\n<meta property=\"og:type\" content=\"article\" \/>\n<meta property=\"og:title\" content=\"Entrevista Aldo N\u00fa\u00f1ez Armenta - Antena Radio\" \/>\n<meta property=\"og:description\" content=\"\u00a0 \u00a0 El maestro Aldo N\u00fa\u00f1ez Armenta, acad\u00e9mico de la facultad de Ciencia Pol\u00edticas de la Universidad Aut\u00f3ma del Estado de M\u00e9xico, habla sobre la designaci\u00f3n de Josef\u00edna V\u00e1zquez Mota como coordinadora de la bancada panista para la siguiente leguislatura. aldo-nunez\" \/>\n<meta property=\"og:url\" content=\"https:\/\/noticias.imer.mx\/antenaradio\/2009\/08\/14\/entrevista-aldo-nunez-armenta\/\" \/>\n<meta property=\"og:site_name\" content=\"Antena Radio\" \/>\n<meta property=\"article:published_time\" content=\"2009-08-14T20:05:33+00:00\" \/>\n<meta property=\"og:image\" content=\"http:\/\/www.blogs.imer.com.mx\/antenaradio\/files\/2009\/08\/vazquez-mota-300x218.jpg\" \/>\n<meta name=\"author\" content=\"IMER Noticias\" \/>\n<meta name=\"twitter:card\" content=\"summary_large_image\" \/>\n<meta name=\"twitter:label1\" content=\"Escrito por\" \/>\n\t<meta name=\"twitter:data1\" content=\"IMER Noticias\" \/>\n<script type=\"application\/ld+json\" class=\"yoast-schema-graph\">{\"@context\":\"https:\/\/schema.org\",\"@graph\":[{\"@type\":\"WebPage\",\"@id\":\"https:\/\/noticias.imer.mx\/antenaradio\/2009\/08\/14\/entrevista-aldo-nunez-armenta\/\",\"url\":\"https:\/\/noticias.imer.mx\/antenaradio\/2009\/08\/14\/entrevista-aldo-nunez-armenta\/\",\"name\":\"Entrevista Aldo N\u00fa\u00f1ez Armenta - Antena Radio\",\"isPartOf\":{\"@id\":\"https:\/\/noticias.imer.mx\/antenaradio\/#website\"},\"datePublished\":\"2009-08-14T20:05:33+00:00\",\"dateModified\":\"2009-08-14T20:05:33+00:00\",\"author\":{\"@id\":\"https:\/\/noticias.imer.mx\/antenaradio\/#\/schema\/person\/72de5454d165c5239bc56a49873e43c9\"},\"breadcrumb\":{\"@id\":\"https:\/\/noticias.imer.mx\/antenaradio\/2009\/08\/14\/entrevista-aldo-nunez-armenta\/#breadcrumb\"},\"inLanguage\":\"es\",\"potentialAction\":[{\"@type\":\"ReadAction\",\"target\":[\"https:\/\/noticias.imer.mx\/antenaradio\/2009\/08\/14\/entrevista-aldo-nunez-armenta\/\"]}]},{\"@type\":\"BreadcrumbList\",\"@id\":\"https:\/\/noticias.imer.mx\/antenaradio\/2009\/08\/14\/entrevista-aldo-nunez-armenta\/#breadcrumb\",\"itemListElement\":[{\"@type\":\"ListItem\",\"position\":1,\"name\":\"Home\",\"item\":\"https:\/\/noticias.imer.mx\/antenaradio\/\"},{\"@type\":\"ListItem\",\"position\":2,\"name\":\"Entrevista Aldo N\u00fa\u00f1ez Armenta\"}]},{\"@type\":\"WebSite\",\"@id\":\"https:\/\/noticias.imer.mx\/antenaradio\/#website\",\"url\":\"https:\/\/noticias.imer.mx\/antenaradio\/\",\"name\":\"Antena Radio\",\"description\":\"La forma m\u00e1s clara de entender la noticia\",\"potentialAction\":[{\"@type\":\"SearchAction\",\"target\":{\"@type\":\"EntryPoint\",\"urlTemplate\":\"https:\/\/noticias.imer.mx\/antenaradio\/?s={search_term_string}\"},\"query-input\":\"required name=search_term_string\"}],\"inLanguage\":\"es\"},{\"@type\":\"Person\",\"@id\":\"https:\/\/noticias.imer.mx\/antenaradio\/#\/schema\/person\/72de5454d165c5239bc56a49873e43c9\",\"name\":\"IMER Noticias\",\"url\":\"https:\/\/noticias.imer.mx\/antenaradio\/author\/antenaradio\/\"}]}<\/script>\n<!-- \/ Yoast SEO plugin. -->","yoast_head_json":{"title":"Entrevista Aldo N\u00fa\u00f1ez Armenta - Antena Radio","robots":{"index":"index","follow":"follow","max-snippet":"max-snippet:-1","max-image-preview":"max-image-preview:large","max-video-preview":"max-video-preview:-1"},"canonical":"https:\/\/noticias.imer.mx\/antenaradio\/2009\/08\/14\/entrevista-aldo-nunez-armenta\/","og_locale":"es_ES","og_type":"article","og_title":"Entrevista Aldo N\u00fa\u00f1ez Armenta - Antena Radio","og_description":"\u00a0 \u00a0 El maestro Aldo N\u00fa\u00f1ez Armenta, acad\u00e9mico de la facultad de Ciencia Pol\u00edticas de la Universidad Aut\u00f3ma del Estado de M\u00e9xico, habla sobre la designaci\u00f3n de Josef\u00edna V\u00e1zquez Mota como coordinadora de la bancada panista para la siguiente leguislatura. aldo-nunez","og_url":"https:\/\/noticias.imer.mx\/antenaradio\/2009\/08\/14\/entrevista-aldo-nunez-armenta\/","og_site_name":"Antena Radio","article_published_time":"2009-08-14T20:05:33+00:00","og_image":[{"url":"http:\/\/www.blogs.imer.com.mx\/antenaradio\/files\/2009\/08\/vazquez-mota-300x218.jpg"}],"author":"IMER Noticias","twitter_card":"summary_large_image","twitter_misc":{"Escrito por":"IMER Noticias"},"schema":{"@context":"https:\/\/schema.org","@graph":[{"@type":"WebPage","@id":"https:\/\/noticias.imer.mx\/antenaradio\/2009\/08\/14\/entrevista-aldo-nunez-armenta\/","url":"https:\/\/noticias.imer.mx\/antenaradio\/2009\/08\/14\/entrevista-aldo-nunez-armenta\/","name":"Entrevista Aldo N\u00fa\u00f1ez Armenta - Antena Radio","isPartOf":{"@id":"https:\/\/noticias.imer.mx\/antenaradio\/#website"},"datePublished":"2009-08-14T20:05:33+00:00","dateModified":"2009-08-14T20:05:33+00:00","author":{"@id":"https:\/\/noticias.imer.mx\/antenaradio\/#\/schema\/person\/72de5454d165c5239bc56a49873e43c9"},"breadcrumb":{"@id":"https:\/\/noticias.imer.mx\/antenaradio\/2009\/08\/14\/entrevista-aldo-nunez-armenta\/#breadcrumb"},"inLanguage":"es","potentialAction":[{"@type":"ReadAction","target":["https:\/\/noticias.imer.mx\/antenaradio\/2009\/08\/14\/entrevista-aldo-nunez-armenta\/"]}]},{"@type":"BreadcrumbList","@id":"https:\/\/noticias.imer.mx\/antenaradio\/2009\/08\/14\/entrevista-aldo-nunez-armenta\/#breadcrumb","itemListElement":[{"@type":"ListItem","position":1,"name":"Home","item":"https:\/\/noticias.imer.mx\/antenaradio\/"},{"@type":"ListItem","position":2,"name":"Entrevista Aldo N\u00fa\u00f1ez Armenta"}]},{"@type":"WebSite","@id":"https:\/\/noticias.imer.mx\/antenaradio\/#website","url":"https:\/\/noticias.imer.mx\/antenaradio\/","name":"Antena Radio","description":"La forma m\u00e1s clara de entender la noticia","potentialAction":[{"@type":"SearchAction","target":{"@type":"EntryPoint","urlTemplate":"https:\/\/noticias.imer.mx\/antenaradio\/?s={search_term_string}"},"query-input":"required name=search_term_string"}],"inLanguage":"es"},{"@type":"Person","@id":"https:\/\/noticias.imer.mx\/antenaradio\/#\/schema\/person\/72de5454d165c5239bc56a49873e43c9","name":"IMER Noticias","url":"https:\/\/noticias.imer.mx\/antenaradio\/author\/antenaradio\/"}]}},"_links":{"self":[{"href":"https:\/\/noticias.imer.mx\/antenaradio\/wp-json\/wp\/v2\/posts\/529"}],"collection":[{"href":"https:\/\/noticias.imer.mx\/antenaradio\/wp-json\/wp\/v2\/posts"}],"about":[{"href":"https:\/\/noticias.imer.mx\/antenaradio\/wp-json\/wp\/v2\/types\/post"}],"author":[{"embeddable":true,"href":"https:\/\/noticias.imer.mx\/antenaradio\/wp-json\/wp\/v2\/users\/8"}],"replies":[{"embeddable":true,"href":"https:\/\/noticias.imer.mx\/antenaradio\/wp-json\/wp\/v2\/comments?post=529"}],"version-history":[{"count":1,"href":"https:\/\/noticias.imer.mx\/antenaradio\/wp-json\/wp\/v2\/posts\/529\/revisions"}],"predecessor-version":[{"id":532,"href":"https:\/\/noticias.imer.mx\/antenaradio\/wp-json\/wp\/v2\/posts\/529\/revisions\/532"}],"wp:attachment":[{"href":"https:\/\/noticias.imer.mx\/antenaradio\/wp-json\/wp\/v2\/media?parent=529"}],"wp:term":[{"taxonomy":"category","embeddable":true,"href":"https:\/\/noticias.imer.mx\/antenaradio\/wp-json\/wp\/v2\/categories?post=529"},{"taxonomy":"post_tag","embeddable":true,"href":"https:\/\/noticias.imer.mx\/antenaradio\/wp-json\/wp\/v2\/tags?post=529"}],"curies":[{"name":"wp","href":"https:\/\/api.w.org\/{rel}","templated":true}]}}