{"id":4825,"date":"2010-04-02T22:04:07","date_gmt":"2010-04-03T03:04:07","guid":{"rendered":"http:\/\/www.blogs.imer.com.mx\/antenaradio\/?p=4825"},"modified":"2010-04-02T22:04:07","modified_gmt":"2010-04-03T03:04:07","slug":"entrevista-a-irma-martinez-manriquez","status":"publish","type":"post","link":"https:\/\/noticias.imer.mx\/antenaradio\/2010\/04\/02\/entrevista-a-irma-martinez-manriquez\/","title":{"rendered":"Entrevista a Irma Mart\u00ednez Manr\u00edquez"},"content":{"rendered":"<p><a href=\"http:\/\/www.blogs.imer.com.mx\/antenaradio\/files\/2010\/04\/irma_martinez_manriquez.jpg\"><img decoding=\"async\" loading=\"lazy\" class=\"alignright size-thumbnail wp-image-4827\" src=\"http:\/\/www.blogs.imer.com.mx\/antenaradio\/files\/2010\/04\/irma_martinez_manriquez-150x150.jpg\" alt=\"\" width=\"150\" height=\"150\" \/><\/a>La senadora<strong> <\/strong><a href=\"http:\/\/www.blogs.imer.com.mx\/antenaradio\/files\/2010\/04\/irma_martinez_manriquez.jpg\"><strong><\/strong><\/a><strong>Irma Mart\u00ednez Manr\u00edquez<\/strong>, del Partido Nueva Alianza e integrante de la Comisi\u00f3n de Salud del Senado de la Rep\u00fablica; nos habl\u00f3 acerca de las propuestas del Poder Legislativo para combatir la obesidad.<\/p>\n<p><a href=\"http:\/\/www.blogs.imer.com.mx\/antenaradio\/files\/2010\/04\/irma-martinez.mp3\">irma-martinez<\/a><\/p>\n","protected":false},"excerpt":{"rendered":"<p>La senadora Irma Mart\u00ednez Manr\u00edquez, del Partido Nueva Alianza e integrante de la Comisi\u00f3n de Salud del Senado de la Rep\u00fablica; nos habl\u00f3 acerca de las propuestas del Poder Legislativo para combatir la obesidad. irma-martinez<\/p>\n","protected":false},"author":8,"featured_media":0,"comment_status":"open","ping_status":"open","sticky":false,"template":"","format":"standard","meta":{"wp_popup_display_lightbox":0,"wp_popup_suppress":"","wp_popup_trigger":"","wp_popup_trigger_amount":0,"wp_popup_disable_on_mobile":false},"categories":[8093],"tags":[938,983,11150,2405,3140,3338,3356,3584],"yoast_head":"<!-- This site is optimized with the Yoast SEO plugin v21.0 - https:\/\/yoast.com\/wordpress\/plugins\/seo\/ -->\n<title>Entrevista a Irma Mart\u00ednez Manr\u00edquez - Antena Radio<\/title>\n<meta name=\"robots\" content=\"index, follow, max-snippet:-1, max-image-preview:large, max-video-preview:-1\" \/>\n<link rel=\"canonical\" href=\"https:\/\/noticias.imer.mx\/antenaradio\/2010\/04\/02\/entrevista-a-irma-martinez-manriquez\/\" \/>\n<meta property=\"og:locale\" content=\"es_ES\" \/>\n<meta property=\"og:type\" content=\"article\" \/>\n<meta property=\"og:title\" content=\"Entrevista a Irma Mart\u00ednez Manr\u00edquez - Antena Radio\" \/>\n<meta property=\"og:description\" content=\"La senadora Irma Mart\u00ednez Manr\u00edquez, del Partido Nueva Alianza e integrante de la Comisi\u00f3n de Salud del Senado de la Rep\u00fablica; nos habl\u00f3 acerca de las propuestas del Poder Legislativo para combatir la obesidad. irma-martinez\" \/>\n<meta property=\"og:url\" content=\"https:\/\/noticias.imer.mx\/antenaradio\/2010\/04\/02\/entrevista-a-irma-martinez-manriquez\/\" \/>\n<meta property=\"og:site_name\" content=\"Antena Radio\" \/>\n<meta property=\"article:published_time\" content=\"2010-04-03T03:04:07+00:00\" \/>\n<meta property=\"og:image\" content=\"http:\/\/www.blogs.imer.com.mx\/antenaradio\/files\/2010\/04\/irma_martinez_manriquez-150x150.jpg\" \/>\n<meta name=\"author\" content=\"IMER Noticias\" \/>\n<meta name=\"twitter:card\" content=\"summary_large_image\" \/>\n<meta name=\"twitter:label1\" content=\"Escrito por\" \/>\n\t<meta name=\"twitter:data1\" content=\"IMER Noticias\" \/>\n<script type=\"application\/ld+json\" class=\"yoast-schema-graph\">{\"@context\":\"https:\/\/schema.org\",\"@graph\":[{\"@type\":\"WebPage\",\"@id\":\"https:\/\/noticias.imer.mx\/antenaradio\/2010\/04\/02\/entrevista-a-irma-martinez-manriquez\/\",\"url\":\"https:\/\/noticias.imer.mx\/antenaradio\/2010\/04\/02\/entrevista-a-irma-martinez-manriquez\/\",\"name\":\"Entrevista a Irma Mart\u00ednez Manr\u00edquez - Antena Radio\",\"isPartOf\":{\"@id\":\"https:\/\/noticias.imer.mx\/antenaradio\/#website\"},\"datePublished\":\"2010-04-03T03:04:07+00:00\",\"dateModified\":\"2010-04-03T03:04:07+00:00\",\"author\":{\"@id\":\"https:\/\/noticias.imer.mx\/antenaradio\/#\/schema\/person\/72de5454d165c5239bc56a49873e43c9\"},\"breadcrumb\":{\"@id\":\"https:\/\/noticias.imer.mx\/antenaradio\/2010\/04\/02\/entrevista-a-irma-martinez-manriquez\/#breadcrumb\"},\"inLanguage\":\"es\",\"potentialAction\":[{\"@type\":\"ReadAction\",\"target\":[\"https:\/\/noticias.imer.mx\/antenaradio\/2010\/04\/02\/entrevista-a-irma-martinez-manriquez\/\"]}]},{\"@type\":\"BreadcrumbList\",\"@id\":\"https:\/\/noticias.imer.mx\/antenaradio\/2010\/04\/02\/entrevista-a-irma-martinez-manriquez\/#breadcrumb\",\"itemListElement\":[{\"@type\":\"ListItem\",\"position\":1,\"name\":\"Home\",\"item\":\"https:\/\/noticias.imer.mx\/antenaradio\/\"},{\"@type\":\"ListItem\",\"position\":2,\"name\":\"Entrevista a Irma Mart\u00ednez Manr\u00edquez\"}]},{\"@type\":\"WebSite\",\"@id\":\"https:\/\/noticias.imer.mx\/antenaradio\/#website\",\"url\":\"https:\/\/noticias.imer.mx\/antenaradio\/\",\"name\":\"Antena Radio\",\"description\":\"La forma m\u00e1s clara de entender la noticia\",\"potentialAction\":[{\"@type\":\"SearchAction\",\"target\":{\"@type\":\"EntryPoint\",\"urlTemplate\":\"https:\/\/noticias.imer.mx\/antenaradio\/?s={search_term_string}\"},\"query-input\":\"required name=search_term_string\"}],\"inLanguage\":\"es\"},{\"@type\":\"Person\",\"@id\":\"https:\/\/noticias.imer.mx\/antenaradio\/#\/schema\/person\/72de5454d165c5239bc56a49873e43c9\",\"name\":\"IMER Noticias\",\"url\":\"https:\/\/noticias.imer.mx\/antenaradio\/author\/antenaradio\/\"}]}<\/script>\n<!-- \/ Yoast SEO plugin. -->","yoast_head_json":{"title":"Entrevista a Irma Mart\u00ednez Manr\u00edquez - Antena Radio","robots":{"index":"index","follow":"follow","max-snippet":"max-snippet:-1","max-image-preview":"max-image-preview:large","max-video-preview":"max-video-preview:-1"},"canonical":"https:\/\/noticias.imer.mx\/antenaradio\/2010\/04\/02\/entrevista-a-irma-martinez-manriquez\/","og_locale":"es_ES","og_type":"article","og_title":"Entrevista a Irma Mart\u00ednez Manr\u00edquez - Antena Radio","og_description":"La senadora Irma Mart\u00ednez Manr\u00edquez, del Partido Nueva Alianza e integrante de la Comisi\u00f3n de Salud del Senado de la Rep\u00fablica; nos habl\u00f3 acerca de las propuestas del Poder Legislativo para combatir la obesidad. irma-martinez","og_url":"https:\/\/noticias.imer.mx\/antenaradio\/2010\/04\/02\/entrevista-a-irma-martinez-manriquez\/","og_site_name":"Antena Radio","article_published_time":"2010-04-03T03:04:07+00:00","og_image":[{"url":"http:\/\/www.blogs.imer.com.mx\/antenaradio\/files\/2010\/04\/irma_martinez_manriquez-150x150.jpg"}],"author":"IMER Noticias","twitter_card":"summary_large_image","twitter_misc":{"Escrito por":"IMER Noticias"},"schema":{"@context":"https:\/\/schema.org","@graph":[{"@type":"WebPage","@id":"https:\/\/noticias.imer.mx\/antenaradio\/2010\/04\/02\/entrevista-a-irma-martinez-manriquez\/","url":"https:\/\/noticias.imer.mx\/antenaradio\/2010\/04\/02\/entrevista-a-irma-martinez-manriquez\/","name":"Entrevista a Irma Mart\u00ednez Manr\u00edquez - Antena Radio","isPartOf":{"@id":"https:\/\/noticias.imer.mx\/antenaradio\/#website"},"datePublished":"2010-04-03T03:04:07+00:00","dateModified":"2010-04-03T03:04:07+00:00","author":{"@id":"https:\/\/noticias.imer.mx\/antenaradio\/#\/schema\/person\/72de5454d165c5239bc56a49873e43c9"},"breadcrumb":{"@id":"https:\/\/noticias.imer.mx\/antenaradio\/2010\/04\/02\/entrevista-a-irma-martinez-manriquez\/#breadcrumb"},"inLanguage":"es","potentialAction":[{"@type":"ReadAction","target":["https:\/\/noticias.imer.mx\/antenaradio\/2010\/04\/02\/entrevista-a-irma-martinez-manriquez\/"]}]},{"@type":"BreadcrumbList","@id":"https:\/\/noticias.imer.mx\/antenaradio\/2010\/04\/02\/entrevista-a-irma-martinez-manriquez\/#breadcrumb","itemListElement":[{"@type":"ListItem","position":1,"name":"Home","item":"https:\/\/noticias.imer.mx\/antenaradio\/"},{"@type":"ListItem","position":2,"name":"Entrevista a Irma Mart\u00ednez Manr\u00edquez"}]},{"@type":"WebSite","@id":"https:\/\/noticias.imer.mx\/antenaradio\/#website","url":"https:\/\/noticias.imer.mx\/antenaradio\/","name":"Antena Radio","description":"La forma m\u00e1s clara de entender la noticia","potentialAction":[{"@type":"SearchAction","target":{"@type":"EntryPoint","urlTemplate":"https:\/\/noticias.imer.mx\/antenaradio\/?s={search_term_string}"},"query-input":"required name=search_term_string"}],"inLanguage":"es"},{"@type":"Person","@id":"https:\/\/noticias.imer.mx\/antenaradio\/#\/schema\/person\/72de5454d165c5239bc56a49873e43c9","name":"IMER Noticias","url":"https:\/\/noticias.imer.mx\/antenaradio\/author\/antenaradio\/"}]}},"_links":{"self":[{"href":"https:\/\/noticias.imer.mx\/antenaradio\/wp-json\/wp\/v2\/posts\/4825"}],"collection":[{"href":"https:\/\/noticias.imer.mx\/antenaradio\/wp-json\/wp\/v2\/posts"}],"about":[{"href":"https:\/\/noticias.imer.mx\/antenaradio\/wp-json\/wp\/v2\/types\/post"}],"author":[{"embeddable":true,"href":"https:\/\/noticias.imer.mx\/antenaradio\/wp-json\/wp\/v2\/users\/8"}],"replies":[{"embeddable":true,"href":"https:\/\/noticias.imer.mx\/antenaradio\/wp-json\/wp\/v2\/comments?post=4825"}],"version-history":[{"count":2,"href":"https:\/\/noticias.imer.mx\/antenaradio\/wp-json\/wp\/v2\/posts\/4825\/revisions"}],"predecessor-version":[{"id":4829,"href":"https:\/\/noticias.imer.mx\/antenaradio\/wp-json\/wp\/v2\/posts\/4825\/revisions\/4829"}],"wp:attachment":[{"href":"https:\/\/noticias.imer.mx\/antenaradio\/wp-json\/wp\/v2\/media?parent=4825"}],"wp:term":[{"taxonomy":"category","embeddable":true,"href":"https:\/\/noticias.imer.mx\/antenaradio\/wp-json\/wp\/v2\/categories?post=4825"},{"taxonomy":"post_tag","embeddable":true,"href":"https:\/\/noticias.imer.mx\/antenaradio\/wp-json\/wp\/v2\/tags?post=4825"}],"curies":[{"name":"wp","href":"https:\/\/api.w.org\/{rel}","templated":true}]}}