{"id":4701,"date":"2010-03-26T13:59:46","date_gmt":"2010-03-26T18:59:46","guid":{"rendered":"http:\/\/www.blogs.imer.com.mx\/antenaradio\/?p=4701"},"modified":"2010-03-26T13:59:46","modified_gmt":"2010-03-26T18:59:46","slug":"entrevista-a-alejandro-sanchez-camacho","status":"publish","type":"post","link":"https:\/\/noticias.imer.mx\/antenaradio\/2010\/03\/26\/entrevista-a-alejandro-sanchez-camacho\/","title":{"rendered":"Entrevista a Alejandro S\u00e1nchez Camacho"},"content":{"rendered":"<p><span style=\"color: #262626\" lang=\"ES-MX\"><strong><a href=\"http:\/\/www.blogs.imer.com.mx\/antenaradio\/files\/2010\/03\/300_camion_escolar.jpg\"><img decoding=\"async\" loading=\"lazy\" class=\"alignleft size-thumbnail wp-image-4702\" src=\"http:\/\/www.blogs.imer.com.mx\/antenaradio\/files\/2010\/03\/300_camion_escolar-150x150.jpg\" alt=\"\" width=\"150\" height=\"150\" \/><\/a><\/strong><\/span>Mario Campos platic\u00f3 con el vocero del PRD en la Asamblea Legislativa del Distrito Federal, <strong>Alejandro S\u00e1nchez Camacho<\/strong>, sobre la propuesta del transporte escolar obligatorio en la Ciudad de M\u00e9xico, para todas las escuelas primarias\u00a0particulares.<\/p>\n<p class=\"MsoNormal\" style=\"margin: 0cm 0cm 0pt\"><span style=\"font-size: small\"><span style=\"font-family: Arial\"><span style=\"color: #262626\" lang=\"ES-MX\"><a href=\"http:\/\/www.blogs.imer.com.mx\/antenaradio\/files\/2010\/03\/dip_alejandro_camacho_26mzo.mp3\">dip_alejandro_camacho_26mzo<\/a><\/span><\/span><\/span><\/p>\n<p><span lang=\"ES-MX\"><\/span><\/p>\n","protected":false},"excerpt":{"rendered":"<p>Mario Campos platic\u00f3 con el vocero del PRD en la Asamblea Legislativa del Distrito Federal, Alejandro S\u00e1nchez Camacho, sobre la propuesta del transporte escolar obligatorio en la Ciudad de M\u00e9xico, para todas las escuelas primarias\u00a0particulares. dip_alejandro_camacho_26mzo<\/p>\n","protected":false},"author":8,"featured_media":0,"comment_status":"open","ping_status":"open","sticky":false,"template":"","format":"standard","meta":{"wp_popup_display_lightbox":0,"wp_popup_suppress":"","wp_popup_trigger":"","wp_popup_trigger_amount":0,"wp_popup_disable_on_mobile":false},"categories":[5],"tags":[210,347,1343,1720,11150,4485],"yoast_head":"<!-- This site is optimized with the Yoast SEO plugin v21.0 - https:\/\/yoast.com\/wordpress\/plugins\/seo\/ -->\n<title>Entrevista a Alejandro S\u00e1nchez Camacho - Antena Radio<\/title>\n<meta name=\"robots\" content=\"index, follow, max-snippet:-1, max-image-preview:large, max-video-preview:-1\" \/>\n<link rel=\"canonical\" href=\"https:\/\/noticias.imer.mx\/antenaradio\/2010\/03\/26\/entrevista-a-alejandro-sanchez-camacho\/\" \/>\n<meta property=\"og:locale\" content=\"es_ES\" \/>\n<meta property=\"og:type\" content=\"article\" \/>\n<meta property=\"og:title\" content=\"Entrevista a Alejandro S\u00e1nchez Camacho - Antena Radio\" \/>\n<meta property=\"og:description\" content=\"Mario Campos platic\u00f3 con el vocero del PRD en la Asamblea Legislativa del Distrito Federal, Alejandro S\u00e1nchez Camacho, sobre la propuesta del transporte escolar obligatorio en la Ciudad de M\u00e9xico, para todas las escuelas primarias\u00a0particulares. dip_alejandro_camacho_26mzo\" \/>\n<meta property=\"og:url\" content=\"https:\/\/noticias.imer.mx\/antenaradio\/2010\/03\/26\/entrevista-a-alejandro-sanchez-camacho\/\" \/>\n<meta property=\"og:site_name\" content=\"Antena Radio\" \/>\n<meta property=\"article:published_time\" content=\"2010-03-26T18:59:46+00:00\" \/>\n<meta property=\"og:image\" content=\"http:\/\/www.blogs.imer.com.mx\/antenaradio\/files\/2010\/03\/300_camion_escolar-150x150.jpg\" \/>\n<meta name=\"author\" content=\"IMER Noticias\" \/>\n<meta name=\"twitter:card\" content=\"summary_large_image\" \/>\n<meta name=\"twitter:label1\" content=\"Escrito por\" \/>\n\t<meta name=\"twitter:data1\" content=\"IMER Noticias\" \/>\n<script type=\"application\/ld+json\" class=\"yoast-schema-graph\">{\"@context\":\"https:\/\/schema.org\",\"@graph\":[{\"@type\":\"WebPage\",\"@id\":\"https:\/\/noticias.imer.mx\/antenaradio\/2010\/03\/26\/entrevista-a-alejandro-sanchez-camacho\/\",\"url\":\"https:\/\/noticias.imer.mx\/antenaradio\/2010\/03\/26\/entrevista-a-alejandro-sanchez-camacho\/\",\"name\":\"Entrevista a Alejandro S\u00e1nchez Camacho - Antena Radio\",\"isPartOf\":{\"@id\":\"https:\/\/noticias.imer.mx\/antenaradio\/#website\"},\"datePublished\":\"2010-03-26T18:59:46+00:00\",\"dateModified\":\"2010-03-26T18:59:46+00:00\",\"author\":{\"@id\":\"https:\/\/noticias.imer.mx\/antenaradio\/#\/schema\/person\/72de5454d165c5239bc56a49873e43c9\"},\"breadcrumb\":{\"@id\":\"https:\/\/noticias.imer.mx\/antenaradio\/2010\/03\/26\/entrevista-a-alejandro-sanchez-camacho\/#breadcrumb\"},\"inLanguage\":\"es\",\"potentialAction\":[{\"@type\":\"ReadAction\",\"target\":[\"https:\/\/noticias.imer.mx\/antenaradio\/2010\/03\/26\/entrevista-a-alejandro-sanchez-camacho\/\"]}]},{\"@type\":\"BreadcrumbList\",\"@id\":\"https:\/\/noticias.imer.mx\/antenaradio\/2010\/03\/26\/entrevista-a-alejandro-sanchez-camacho\/#breadcrumb\",\"itemListElement\":[{\"@type\":\"ListItem\",\"position\":1,\"name\":\"Home\",\"item\":\"https:\/\/noticias.imer.mx\/antenaradio\/\"},{\"@type\":\"ListItem\",\"position\":2,\"name\":\"Entrevista a Alejandro S\u00e1nchez Camacho\"}]},{\"@type\":\"WebSite\",\"@id\":\"https:\/\/noticias.imer.mx\/antenaradio\/#website\",\"url\":\"https:\/\/noticias.imer.mx\/antenaradio\/\",\"name\":\"Antena Radio\",\"description\":\"La forma m\u00e1s clara de entender la noticia\",\"potentialAction\":[{\"@type\":\"SearchAction\",\"target\":{\"@type\":\"EntryPoint\",\"urlTemplate\":\"https:\/\/noticias.imer.mx\/antenaradio\/?s={search_term_string}\"},\"query-input\":\"required name=search_term_string\"}],\"inLanguage\":\"es\"},{\"@type\":\"Person\",\"@id\":\"https:\/\/noticias.imer.mx\/antenaradio\/#\/schema\/person\/72de5454d165c5239bc56a49873e43c9\",\"name\":\"IMER Noticias\",\"url\":\"https:\/\/noticias.imer.mx\/antenaradio\/author\/antenaradio\/\"}]}<\/script>\n<!-- \/ Yoast SEO plugin. -->","yoast_head_json":{"title":"Entrevista a Alejandro S\u00e1nchez Camacho - Antena Radio","robots":{"index":"index","follow":"follow","max-snippet":"max-snippet:-1","max-image-preview":"max-image-preview:large","max-video-preview":"max-video-preview:-1"},"canonical":"https:\/\/noticias.imer.mx\/antenaradio\/2010\/03\/26\/entrevista-a-alejandro-sanchez-camacho\/","og_locale":"es_ES","og_type":"article","og_title":"Entrevista a Alejandro S\u00e1nchez Camacho - Antena Radio","og_description":"Mario Campos platic\u00f3 con el vocero del PRD en la Asamblea Legislativa del Distrito Federal, Alejandro S\u00e1nchez Camacho, sobre la propuesta del transporte escolar obligatorio en la Ciudad de M\u00e9xico, para todas las escuelas primarias\u00a0particulares. dip_alejandro_camacho_26mzo","og_url":"https:\/\/noticias.imer.mx\/antenaradio\/2010\/03\/26\/entrevista-a-alejandro-sanchez-camacho\/","og_site_name":"Antena Radio","article_published_time":"2010-03-26T18:59:46+00:00","og_image":[{"url":"http:\/\/www.blogs.imer.com.mx\/antenaradio\/files\/2010\/03\/300_camion_escolar-150x150.jpg"}],"author":"IMER Noticias","twitter_card":"summary_large_image","twitter_misc":{"Escrito por":"IMER Noticias"},"schema":{"@context":"https:\/\/schema.org","@graph":[{"@type":"WebPage","@id":"https:\/\/noticias.imer.mx\/antenaradio\/2010\/03\/26\/entrevista-a-alejandro-sanchez-camacho\/","url":"https:\/\/noticias.imer.mx\/antenaradio\/2010\/03\/26\/entrevista-a-alejandro-sanchez-camacho\/","name":"Entrevista a Alejandro S\u00e1nchez Camacho - Antena Radio","isPartOf":{"@id":"https:\/\/noticias.imer.mx\/antenaradio\/#website"},"datePublished":"2010-03-26T18:59:46+00:00","dateModified":"2010-03-26T18:59:46+00:00","author":{"@id":"https:\/\/noticias.imer.mx\/antenaradio\/#\/schema\/person\/72de5454d165c5239bc56a49873e43c9"},"breadcrumb":{"@id":"https:\/\/noticias.imer.mx\/antenaradio\/2010\/03\/26\/entrevista-a-alejandro-sanchez-camacho\/#breadcrumb"},"inLanguage":"es","potentialAction":[{"@type":"ReadAction","target":["https:\/\/noticias.imer.mx\/antenaradio\/2010\/03\/26\/entrevista-a-alejandro-sanchez-camacho\/"]}]},{"@type":"BreadcrumbList","@id":"https:\/\/noticias.imer.mx\/antenaradio\/2010\/03\/26\/entrevista-a-alejandro-sanchez-camacho\/#breadcrumb","itemListElement":[{"@type":"ListItem","position":1,"name":"Home","item":"https:\/\/noticias.imer.mx\/antenaradio\/"},{"@type":"ListItem","position":2,"name":"Entrevista a Alejandro S\u00e1nchez Camacho"}]},{"@type":"WebSite","@id":"https:\/\/noticias.imer.mx\/antenaradio\/#website","url":"https:\/\/noticias.imer.mx\/antenaradio\/","name":"Antena Radio","description":"La forma m\u00e1s clara de entender la noticia","potentialAction":[{"@type":"SearchAction","target":{"@type":"EntryPoint","urlTemplate":"https:\/\/noticias.imer.mx\/antenaradio\/?s={search_term_string}"},"query-input":"required name=search_term_string"}],"inLanguage":"es"},{"@type":"Person","@id":"https:\/\/noticias.imer.mx\/antenaradio\/#\/schema\/person\/72de5454d165c5239bc56a49873e43c9","name":"IMER Noticias","url":"https:\/\/noticias.imer.mx\/antenaradio\/author\/antenaradio\/"}]}},"_links":{"self":[{"href":"https:\/\/noticias.imer.mx\/antenaradio\/wp-json\/wp\/v2\/posts\/4701"}],"collection":[{"href":"https:\/\/noticias.imer.mx\/antenaradio\/wp-json\/wp\/v2\/posts"}],"about":[{"href":"https:\/\/noticias.imer.mx\/antenaradio\/wp-json\/wp\/v2\/types\/post"}],"author":[{"embeddable":true,"href":"https:\/\/noticias.imer.mx\/antenaradio\/wp-json\/wp\/v2\/users\/8"}],"replies":[{"embeddable":true,"href":"https:\/\/noticias.imer.mx\/antenaradio\/wp-json\/wp\/v2\/comments?post=4701"}],"version-history":[{"count":1,"href":"https:\/\/noticias.imer.mx\/antenaradio\/wp-json\/wp\/v2\/posts\/4701\/revisions"}],"predecessor-version":[{"id":4704,"href":"https:\/\/noticias.imer.mx\/antenaradio\/wp-json\/wp\/v2\/posts\/4701\/revisions\/4704"}],"wp:attachment":[{"href":"https:\/\/noticias.imer.mx\/antenaradio\/wp-json\/wp\/v2\/media?parent=4701"}],"wp:term":[{"taxonomy":"category","embeddable":true,"href":"https:\/\/noticias.imer.mx\/antenaradio\/wp-json\/wp\/v2\/categories?post=4701"},{"taxonomy":"post_tag","embeddable":true,"href":"https:\/\/noticias.imer.mx\/antenaradio\/wp-json\/wp\/v2\/tags?post=4701"}],"curies":[{"name":"wp","href":"https:\/\/api.w.org\/{rel}","templated":true}]}}