{"id":4084,"date":"2010-02-17T13:20:23","date_gmt":"2010-02-17T18:20:23","guid":{"rendered":"http:\/\/www.blogs.imer.com.mx\/antenaradio\/?p=4084"},"modified":"2010-02-17T13:20:23","modified_gmt":"2010-02-17T18:20:23","slug":"mesa-de-analisis-participacion-ciudadana-en-la-seguridad","status":"publish","type":"post","link":"https:\/\/noticias.imer.mx\/antenaradio\/2010\/02\/17\/mesa-de-analisis-participacion-ciudadana-en-la-seguridad\/","title":{"rendered":"Mesa de An\u00e1lisis. Participaci\u00f3n ciudadana en la seguridad"},"content":{"rendered":"<p><a href=\"http:\/\/www.blogs.imer.com.mx\/antenaradio\/files\/2010\/02\/inseguridad.jpg\"><\/a><a href=\"http:\/\/www.blogs.imer.com.mx\/antenaradio\/files\/2010\/02\/inseguridad.jpg\"><\/a><a href=\"http:\/\/www.blogs.imer.com.mx\/antenaradio\/files\/2010\/02\/inseguridad1.jpg\"><img decoding=\"async\" loading=\"lazy\" class=\"size-medium wp-image-4087 alignleft\" src=\"http:\/\/www.blogs.imer.com.mx\/antenaradio\/files\/2010\/02\/inseguridad1-300x212.jpg\" alt=\"\" width=\"271\" height=\"191\" srcset=\"https:\/\/noticias.imer.mx\/antenaradio\/files\/2010\/02\/inseguridad1-300x212.jpg 300w, https:\/\/noticias.imer.mx\/antenaradio\/files\/2010\/02\/inseguridad1.jpg 553w\" sizes=\"(max-width: 271px) 100vw, 271px\" \/><\/a>En nuestra mesa de an\u00e1lisis sobre la participaci\u00f3n ciudadana en los temas de seguridad, platicamos con la licenciada <strong>Nelia Tello Pe\u00f3n,<\/strong> presidenta del Consejo de Estudios de Opini\u00f3n y Partcipaci\u00f3n Social, y con el licenciado <strong>Ernesto C\u00e1rdenas, <\/strong>investigador del Instituto de Seguridad y Democracia (INSYDE).<\/p>\n<p><a href=\"http:\/\/www.eopsac.org\/\">www.eopsac.org<\/a><\/p>\n<p><a href=\"http:\/\/www.insyde.org.mx\">www.insyde.org.mx<\/a><\/p>\n<p><a href=\"http:\/\/www.blogs.imer.com.mx\/antenaradio\/files\/2010\/02\/mesa-seguridad.mp3\">mesa-seguridad<\/a><\/p>\n<p><strong><\/strong><\/p>\n","protected":false},"excerpt":{"rendered":"<p>En nuestra mesa de an\u00e1lisis sobre la participaci\u00f3n ciudadana en los temas de seguridad, platicamos con la licenciada Nelia Tello Pe\u00f3n, presidenta del Consejo de Estudios de Opini\u00f3n y Partcipaci\u00f3n Social, y con el licenciado Ernesto C\u00e1rdenas, investigador del Instituto de Seguridad y Democracia (INSYDE). www.eopsac.org www.insyde.org.mx mesa-seguridad<\/p>\n","protected":false},"author":8,"featured_media":0,"comment_status":"open","ping_status":"open","sticky":false,"template":"","format":"standard","meta":{"wp_popup_display_lightbox":0,"wp_popup_suppress":"","wp_popup_trigger":"","wp_popup_trigger_amount":0,"wp_popup_disable_on_mobile":false},"categories":[1],"tags":[130,1259,1694,11150,2325,2373,3284,3302,3639],"yoast_head":"<!-- This site is optimized with the Yoast SEO plugin v21.0 - https:\/\/yoast.com\/wordpress\/plugins\/seo\/ -->\n<title>Mesa de An\u00e1lisis. Participaci\u00f3n ciudadana en la seguridad - Antena Radio<\/title>\n<meta name=\"robots\" content=\"index, follow, max-snippet:-1, max-image-preview:large, max-video-preview:-1\" \/>\n<link rel=\"canonical\" href=\"https:\/\/noticias.imer.mx\/antenaradio\/2010\/02\/17\/mesa-de-analisis-participacion-ciudadana-en-la-seguridad\/\" \/>\n<meta property=\"og:locale\" content=\"es_ES\" \/>\n<meta property=\"og:type\" content=\"article\" \/>\n<meta property=\"og:title\" content=\"Mesa de An\u00e1lisis. Participaci\u00f3n ciudadana en la seguridad - Antena Radio\" \/>\n<meta property=\"og:description\" content=\"En nuestra mesa de an\u00e1lisis sobre la participaci\u00f3n ciudadana en los temas de seguridad, platicamos con la licenciada Nelia Tello Pe\u00f3n, presidenta del Consejo de Estudios de Opini\u00f3n y Partcipaci\u00f3n Social, y con el licenciado Ernesto C\u00e1rdenas, investigador del Instituto de Seguridad y Democracia (INSYDE). www.eopsac.org www.insyde.org.mx mesa-seguridad\" \/>\n<meta property=\"og:url\" content=\"https:\/\/noticias.imer.mx\/antenaradio\/2010\/02\/17\/mesa-de-analisis-participacion-ciudadana-en-la-seguridad\/\" \/>\n<meta property=\"og:site_name\" content=\"Antena Radio\" \/>\n<meta property=\"article:published_time\" content=\"2010-02-17T18:20:23+00:00\" \/>\n<meta property=\"og:image\" content=\"http:\/\/www.blogs.imer.com.mx\/antenaradio\/files\/2010\/02\/inseguridad1-300x212.jpg\" \/>\n<meta name=\"author\" content=\"IMER Noticias\" \/>\n<meta name=\"twitter:card\" content=\"summary_large_image\" \/>\n<meta name=\"twitter:label1\" content=\"Escrito por\" \/>\n\t<meta name=\"twitter:data1\" content=\"IMER Noticias\" \/>\n<script type=\"application\/ld+json\" class=\"yoast-schema-graph\">{\"@context\":\"https:\/\/schema.org\",\"@graph\":[{\"@type\":\"WebPage\",\"@id\":\"https:\/\/noticias.imer.mx\/antenaradio\/2010\/02\/17\/mesa-de-analisis-participacion-ciudadana-en-la-seguridad\/\",\"url\":\"https:\/\/noticias.imer.mx\/antenaradio\/2010\/02\/17\/mesa-de-analisis-participacion-ciudadana-en-la-seguridad\/\",\"name\":\"Mesa de An\u00e1lisis. Participaci\u00f3n ciudadana en la seguridad - Antena Radio\",\"isPartOf\":{\"@id\":\"https:\/\/noticias.imer.mx\/antenaradio\/#website\"},\"datePublished\":\"2010-02-17T18:20:23+00:00\",\"dateModified\":\"2010-02-17T18:20:23+00:00\",\"author\":{\"@id\":\"https:\/\/noticias.imer.mx\/antenaradio\/#\/schema\/person\/72de5454d165c5239bc56a49873e43c9\"},\"breadcrumb\":{\"@id\":\"https:\/\/noticias.imer.mx\/antenaradio\/2010\/02\/17\/mesa-de-analisis-participacion-ciudadana-en-la-seguridad\/#breadcrumb\"},\"inLanguage\":\"es\",\"potentialAction\":[{\"@type\":\"ReadAction\",\"target\":[\"https:\/\/noticias.imer.mx\/antenaradio\/2010\/02\/17\/mesa-de-analisis-participacion-ciudadana-en-la-seguridad\/\"]}]},{\"@type\":\"BreadcrumbList\",\"@id\":\"https:\/\/noticias.imer.mx\/antenaradio\/2010\/02\/17\/mesa-de-analisis-participacion-ciudadana-en-la-seguridad\/#breadcrumb\",\"itemListElement\":[{\"@type\":\"ListItem\",\"position\":1,\"name\":\"Home\",\"item\":\"https:\/\/noticias.imer.mx\/antenaradio\/\"},{\"@type\":\"ListItem\",\"position\":2,\"name\":\"Mesa de An\u00e1lisis. Participaci\u00f3n ciudadana en la seguridad\"}]},{\"@type\":\"WebSite\",\"@id\":\"https:\/\/noticias.imer.mx\/antenaradio\/#website\",\"url\":\"https:\/\/noticias.imer.mx\/antenaradio\/\",\"name\":\"Antena Radio\",\"description\":\"La forma m\u00e1s clara de entender la noticia\",\"potentialAction\":[{\"@type\":\"SearchAction\",\"target\":{\"@type\":\"EntryPoint\",\"urlTemplate\":\"https:\/\/noticias.imer.mx\/antenaradio\/?s={search_term_string}\"},\"query-input\":\"required name=search_term_string\"}],\"inLanguage\":\"es\"},{\"@type\":\"Person\",\"@id\":\"https:\/\/noticias.imer.mx\/antenaradio\/#\/schema\/person\/72de5454d165c5239bc56a49873e43c9\",\"name\":\"IMER Noticias\",\"url\":\"https:\/\/noticias.imer.mx\/antenaradio\/author\/antenaradio\/\"}]}<\/script>\n<!-- \/ Yoast SEO plugin. -->","yoast_head_json":{"title":"Mesa de An\u00e1lisis. Participaci\u00f3n ciudadana en la seguridad - Antena Radio","robots":{"index":"index","follow":"follow","max-snippet":"max-snippet:-1","max-image-preview":"max-image-preview:large","max-video-preview":"max-video-preview:-1"},"canonical":"https:\/\/noticias.imer.mx\/antenaradio\/2010\/02\/17\/mesa-de-analisis-participacion-ciudadana-en-la-seguridad\/","og_locale":"es_ES","og_type":"article","og_title":"Mesa de An\u00e1lisis. Participaci\u00f3n ciudadana en la seguridad - Antena Radio","og_description":"En nuestra mesa de an\u00e1lisis sobre la participaci\u00f3n ciudadana en los temas de seguridad, platicamos con la licenciada Nelia Tello Pe\u00f3n, presidenta del Consejo de Estudios de Opini\u00f3n y Partcipaci\u00f3n Social, y con el licenciado Ernesto C\u00e1rdenas, investigador del Instituto de Seguridad y Democracia (INSYDE). www.eopsac.org www.insyde.org.mx mesa-seguridad","og_url":"https:\/\/noticias.imer.mx\/antenaradio\/2010\/02\/17\/mesa-de-analisis-participacion-ciudadana-en-la-seguridad\/","og_site_name":"Antena Radio","article_published_time":"2010-02-17T18:20:23+00:00","og_image":[{"url":"http:\/\/www.blogs.imer.com.mx\/antenaradio\/files\/2010\/02\/inseguridad1-300x212.jpg"}],"author":"IMER Noticias","twitter_card":"summary_large_image","twitter_misc":{"Escrito por":"IMER Noticias"},"schema":{"@context":"https:\/\/schema.org","@graph":[{"@type":"WebPage","@id":"https:\/\/noticias.imer.mx\/antenaradio\/2010\/02\/17\/mesa-de-analisis-participacion-ciudadana-en-la-seguridad\/","url":"https:\/\/noticias.imer.mx\/antenaradio\/2010\/02\/17\/mesa-de-analisis-participacion-ciudadana-en-la-seguridad\/","name":"Mesa de An\u00e1lisis. Participaci\u00f3n ciudadana en la seguridad - Antena Radio","isPartOf":{"@id":"https:\/\/noticias.imer.mx\/antenaradio\/#website"},"datePublished":"2010-02-17T18:20:23+00:00","dateModified":"2010-02-17T18:20:23+00:00","author":{"@id":"https:\/\/noticias.imer.mx\/antenaradio\/#\/schema\/person\/72de5454d165c5239bc56a49873e43c9"},"breadcrumb":{"@id":"https:\/\/noticias.imer.mx\/antenaradio\/2010\/02\/17\/mesa-de-analisis-participacion-ciudadana-en-la-seguridad\/#breadcrumb"},"inLanguage":"es","potentialAction":[{"@type":"ReadAction","target":["https:\/\/noticias.imer.mx\/antenaradio\/2010\/02\/17\/mesa-de-analisis-participacion-ciudadana-en-la-seguridad\/"]}]},{"@type":"BreadcrumbList","@id":"https:\/\/noticias.imer.mx\/antenaradio\/2010\/02\/17\/mesa-de-analisis-participacion-ciudadana-en-la-seguridad\/#breadcrumb","itemListElement":[{"@type":"ListItem","position":1,"name":"Home","item":"https:\/\/noticias.imer.mx\/antenaradio\/"},{"@type":"ListItem","position":2,"name":"Mesa de An\u00e1lisis. Participaci\u00f3n ciudadana en la seguridad"}]},{"@type":"WebSite","@id":"https:\/\/noticias.imer.mx\/antenaradio\/#website","url":"https:\/\/noticias.imer.mx\/antenaradio\/","name":"Antena Radio","description":"La forma m\u00e1s clara de entender la noticia","potentialAction":[{"@type":"SearchAction","target":{"@type":"EntryPoint","urlTemplate":"https:\/\/noticias.imer.mx\/antenaradio\/?s={search_term_string}"},"query-input":"required name=search_term_string"}],"inLanguage":"es"},{"@type":"Person","@id":"https:\/\/noticias.imer.mx\/antenaradio\/#\/schema\/person\/72de5454d165c5239bc56a49873e43c9","name":"IMER Noticias","url":"https:\/\/noticias.imer.mx\/antenaradio\/author\/antenaradio\/"}]}},"_links":{"self":[{"href":"https:\/\/noticias.imer.mx\/antenaradio\/wp-json\/wp\/v2\/posts\/4084"}],"collection":[{"href":"https:\/\/noticias.imer.mx\/antenaradio\/wp-json\/wp\/v2\/posts"}],"about":[{"href":"https:\/\/noticias.imer.mx\/antenaradio\/wp-json\/wp\/v2\/types\/post"}],"author":[{"embeddable":true,"href":"https:\/\/noticias.imer.mx\/antenaradio\/wp-json\/wp\/v2\/users\/8"}],"replies":[{"embeddable":true,"href":"https:\/\/noticias.imer.mx\/antenaradio\/wp-json\/wp\/v2\/comments?post=4084"}],"version-history":[{"count":5,"href":"https:\/\/noticias.imer.mx\/antenaradio\/wp-json\/wp\/v2\/posts\/4084\/revisions"}],"predecessor-version":[{"id":4094,"href":"https:\/\/noticias.imer.mx\/antenaradio\/wp-json\/wp\/v2\/posts\/4084\/revisions\/4094"}],"wp:attachment":[{"href":"https:\/\/noticias.imer.mx\/antenaradio\/wp-json\/wp\/v2\/media?parent=4084"}],"wp:term":[{"taxonomy":"category","embeddable":true,"href":"https:\/\/noticias.imer.mx\/antenaradio\/wp-json\/wp\/v2\/categories?post=4084"},{"taxonomy":"post_tag","embeddable":true,"href":"https:\/\/noticias.imer.mx\/antenaradio\/wp-json\/wp\/v2\/tags?post=4084"}],"curies":[{"name":"wp","href":"https:\/\/api.w.org\/{rel}","templated":true}]}}