{"id":40289,"date":"2018-04-17T10:47:34","date_gmt":"2018-04-17T16:47:34","guid":{"rendered":"http:\/\/snn.imer.gob.mx\/antenaradio\/?p=40289"},"modified":"2018-05-22T11:19:05","modified_gmt":"2018-05-22T17:19:05","slug":"proyecciones-economico-politicas-2018","status":"publish","type":"post","link":"https:\/\/noticias.imer.mx\/antenaradio\/2018\/04\/17\/proyecciones-economico-politicas-2018\/","title":{"rendered":"PROYECCIONES ECON\u00d3MICO-POL\u00cdTICAS 2018"},"content":{"rendered":"<p><img decoding=\"async\" loading=\"lazy\" class=\"alignleft size-medium wp-image-40291\" src=\"http:\/\/snn.imer.gob.mx\/antenaradio\/files\/2018\/04\/2018-300x194.jpg\" alt=\"\" width=\"300\" height=\"194\" srcset=\"https:\/\/noticias.imer.mx\/antenaradio\/files\/2018\/04\/2018-300x194.jpg 300w, https:\/\/noticias.imer.mx\/antenaradio\/files\/2018\/04\/2018-768x497.jpg 768w, https:\/\/noticias.imer.mx\/antenaradio\/files\/2018\/04\/2018.jpg 1024w\" sizes=\"(max-width: 300px) 100vw, 300px\" \/><\/p>\n<p>Pese a que la Organizaci\u00f3n para la Cooperaci\u00f3n y el Desarrollo Econ\u00f3micos (OCDE), pronostica un crecimiento econ\u00f3mico global sostenido, gracias al repunte del comercio y la inversi\u00f3n, existen en el entorno mundial diversos riesgos geopol\u00edticos.\u00a0 Uno de ellos es el proteccionismo trazado por el presidente Donald Trump; otro lo constituye el auge del populismo, y otro m\u00e1s, lo es la evoluci\u00f3n de las negociaciones para redise\u00f1ar el Tratado de Libre Comercio de Am\u00e9rica del Norte, entre Canad\u00e1, Estados Unidos y M\u00e9xico.<\/p>\n<p>Estos y otros escenarios nos plantea H\u00e9ctor Garc\u00eda, en el siguiente trabajo especial.<\/p>\n<p>&nbsp;<\/p>\n<p>&nbsp;<\/p>\n<p>&nbsp;<\/p>\n<!--[if lt IE 9]><script>document.createElement('audio');<\/script><![endif]-->\n<audio class=\"wp-audio-shortcode\" id=\"audio-40289-1\" preload=\"none\" style=\"width: 100%;\" controls=\"controls\"><source type=\"audio\/mpeg\" src=\"http:\/\/snn.imer.gob.mx\/antenaradio\/files\/2018\/04\/0083-PROYECCIONES-ECON\u00d3MICO-POL\u00cdTICAS-2018.mp3?_=1\" \/><a href=\"http:\/\/snn.imer.gob.mx\/antenaradio\/files\/2018\/04\/0083-PROYECCIONES-ECON\u00d3MICO-POL\u00cdTICAS-2018.mp3\">http:\/\/snn.imer.gob.mx\/antenaradio\/files\/2018\/04\/0083-PROYECCIONES-ECON\u00d3MICO-POL\u00cdTICAS-2018.mp3<\/a><\/audio>\n","protected":false},"excerpt":{"rendered":"<p>Pese a que la Organizaci\u00f3n para la Cooperaci\u00f3n y el Desarrollo Econ\u00f3micos (OCDE), pronostica un crecimiento econ\u00f3mico global sostenido, gracias al repunte del comercio y la inversi\u00f3n, existen en el entorno mundial diversos riesgos geopol\u00edticos.\u00a0 Uno de ellos es el proteccionismo trazado por el presidente Donald Trump; otro lo constituye el auge del populismo, y&hellip;<\/p>\n","protected":false},"author":8,"featured_media":40291,"comment_status":"closed","ping_status":"closed","sticky":false,"template":"","format":"standard","meta":{"wp_popup_display_lightbox":0,"wp_popup_suppress":"","wp_popup_trigger":"","wp_popup_trigger_amount":0,"wp_popup_disable_on_mobile":false},"categories":[1],"tags":[],"yoast_head":"<!-- This site is optimized with the Yoast SEO plugin v21.0 - https:\/\/yoast.com\/wordpress\/plugins\/seo\/ -->\n<title>PROYECCIONES ECON\u00d3MICO-POL\u00cdTICAS 2018 - Antena Radio<\/title>\n<meta name=\"robots\" content=\"index, follow, max-snippet:-1, max-image-preview:large, max-video-preview:-1\" \/>\n<link rel=\"canonical\" href=\"https:\/\/noticias.imer.mx\/antenaradio\/2018\/04\/17\/proyecciones-economico-politicas-2018\/\" \/>\n<meta property=\"og:locale\" content=\"es_ES\" \/>\n<meta property=\"og:type\" content=\"article\" \/>\n<meta property=\"og:title\" content=\"PROYECCIONES ECON\u00d3MICO-POL\u00cdTICAS 2018 - Antena Radio\" \/>\n<meta property=\"og:description\" content=\"Pese a que la Organizaci\u00f3n para la Cooperaci\u00f3n y el Desarrollo Econ\u00f3micos (OCDE), pronostica un crecimiento econ\u00f3mico global sostenido, gracias al repunte del comercio y la inversi\u00f3n, existen en el entorno mundial diversos riesgos geopol\u00edticos.\u00a0 Uno de ellos es el proteccionismo trazado por el presidente Donald Trump; otro lo constituye el auge del populismo, y&hellip;\" \/>\n<meta property=\"og:url\" content=\"https:\/\/noticias.imer.mx\/antenaradio\/2018\/04\/17\/proyecciones-economico-politicas-2018\/\" \/>\n<meta property=\"og:site_name\" content=\"Antena Radio\" \/>\n<meta property=\"article:published_time\" content=\"2018-04-17T16:47:34+00:00\" \/>\n<meta property=\"article:modified_time\" content=\"2018-05-22T17:19:05+00:00\" \/>\n<meta property=\"og:image\" content=\"https:\/\/noticias.imer.mx\/antenaradio\/files\/2018\/04\/2018.jpg\" \/>\n\t<meta property=\"og:image:width\" content=\"1024\" \/>\n\t<meta property=\"og:image:height\" content=\"663\" \/>\n\t<meta property=\"og:image:type\" content=\"image\/jpeg\" \/>\n<meta name=\"author\" content=\"IMER Noticias\" \/>\n<meta name=\"twitter:card\" content=\"summary_large_image\" \/>\n<meta name=\"twitter:label1\" content=\"Escrito por\" \/>\n\t<meta name=\"twitter:data1\" content=\"IMER Noticias\" \/>\n\t<meta name=\"twitter:label2\" content=\"Tiempo de lectura\" \/>\n\t<meta name=\"twitter:data2\" content=\"1 minuto\" \/>\n<script type=\"application\/ld+json\" class=\"yoast-schema-graph\">{\"@context\":\"https:\/\/schema.org\",\"@graph\":[{\"@type\":\"WebPage\",\"@id\":\"https:\/\/noticias.imer.mx\/antenaradio\/2018\/04\/17\/proyecciones-economico-politicas-2018\/\",\"url\":\"https:\/\/noticias.imer.mx\/antenaradio\/2018\/04\/17\/proyecciones-economico-politicas-2018\/\",\"name\":\"PROYECCIONES ECON\u00d3MICO-POL\u00cdTICAS 2018 - Antena Radio\",\"isPartOf\":{\"@id\":\"https:\/\/noticias.imer.mx\/antenaradio\/#website\"},\"datePublished\":\"2018-04-17T16:47:34+00:00\",\"dateModified\":\"2018-05-22T17:19:05+00:00\",\"author\":{\"@id\":\"https:\/\/noticias.imer.mx\/antenaradio\/#\/schema\/person\/72de5454d165c5239bc56a49873e43c9\"},\"breadcrumb\":{\"@id\":\"https:\/\/noticias.imer.mx\/antenaradio\/2018\/04\/17\/proyecciones-economico-politicas-2018\/#breadcrumb\"},\"inLanguage\":\"es\",\"potentialAction\":[{\"@type\":\"ReadAction\",\"target\":[\"https:\/\/noticias.imer.mx\/antenaradio\/2018\/04\/17\/proyecciones-economico-politicas-2018\/\"]}]},{\"@type\":\"BreadcrumbList\",\"@id\":\"https:\/\/noticias.imer.mx\/antenaradio\/2018\/04\/17\/proyecciones-economico-politicas-2018\/#breadcrumb\",\"itemListElement\":[{\"@type\":\"ListItem\",\"position\":1,\"name\":\"Home\",\"item\":\"https:\/\/noticias.imer.mx\/antenaradio\/\"},{\"@type\":\"ListItem\",\"position\":2,\"name\":\"PROYECCIONES ECON\u00d3MICO-POL\u00cdTICAS 2018\"}]},{\"@type\":\"WebSite\",\"@id\":\"https:\/\/noticias.imer.mx\/antenaradio\/#website\",\"url\":\"https:\/\/noticias.imer.mx\/antenaradio\/\",\"name\":\"Antena Radio\",\"description\":\"La forma m\u00e1s clara de entender la noticia\",\"potentialAction\":[{\"@type\":\"SearchAction\",\"target\":{\"@type\":\"EntryPoint\",\"urlTemplate\":\"https:\/\/noticias.imer.mx\/antenaradio\/?s={search_term_string}\"},\"query-input\":\"required name=search_term_string\"}],\"inLanguage\":\"es\"},{\"@type\":\"Person\",\"@id\":\"https:\/\/noticias.imer.mx\/antenaradio\/#\/schema\/person\/72de5454d165c5239bc56a49873e43c9\",\"name\":\"IMER Noticias\",\"url\":\"https:\/\/noticias.imer.mx\/antenaradio\/author\/antenaradio\/\"}]}<\/script>\n<!-- \/ Yoast SEO plugin. -->","yoast_head_json":{"title":"PROYECCIONES ECON\u00d3MICO-POL\u00cdTICAS 2018 - Antena Radio","robots":{"index":"index","follow":"follow","max-snippet":"max-snippet:-1","max-image-preview":"max-image-preview:large","max-video-preview":"max-video-preview:-1"},"canonical":"https:\/\/noticias.imer.mx\/antenaradio\/2018\/04\/17\/proyecciones-economico-politicas-2018\/","og_locale":"es_ES","og_type":"article","og_title":"PROYECCIONES ECON\u00d3MICO-POL\u00cdTICAS 2018 - Antena Radio","og_description":"Pese a que la Organizaci\u00f3n para la Cooperaci\u00f3n y el Desarrollo Econ\u00f3micos (OCDE), pronostica un crecimiento econ\u00f3mico global sostenido, gracias al repunte del comercio y la inversi\u00f3n, existen en el entorno mundial diversos riesgos geopol\u00edticos.\u00a0 Uno de ellos es el proteccionismo trazado por el presidente Donald Trump; otro lo constituye el auge del populismo, y&hellip;","og_url":"https:\/\/noticias.imer.mx\/antenaradio\/2018\/04\/17\/proyecciones-economico-politicas-2018\/","og_site_name":"Antena Radio","article_published_time":"2018-04-17T16:47:34+00:00","article_modified_time":"2018-05-22T17:19:05+00:00","og_image":[{"width":1024,"height":663,"url":"https:\/\/noticias.imer.mx\/antenaradio\/files\/2018\/04\/2018.jpg","type":"image\/jpeg"}],"author":"IMER Noticias","twitter_card":"summary_large_image","twitter_misc":{"Escrito por":"IMER Noticias","Tiempo de lectura":"1 minuto"},"schema":{"@context":"https:\/\/schema.org","@graph":[{"@type":"WebPage","@id":"https:\/\/noticias.imer.mx\/antenaradio\/2018\/04\/17\/proyecciones-economico-politicas-2018\/","url":"https:\/\/noticias.imer.mx\/antenaradio\/2018\/04\/17\/proyecciones-economico-politicas-2018\/","name":"PROYECCIONES ECON\u00d3MICO-POL\u00cdTICAS 2018 - Antena Radio","isPartOf":{"@id":"https:\/\/noticias.imer.mx\/antenaradio\/#website"},"datePublished":"2018-04-17T16:47:34+00:00","dateModified":"2018-05-22T17:19:05+00:00","author":{"@id":"https:\/\/noticias.imer.mx\/antenaradio\/#\/schema\/person\/72de5454d165c5239bc56a49873e43c9"},"breadcrumb":{"@id":"https:\/\/noticias.imer.mx\/antenaradio\/2018\/04\/17\/proyecciones-economico-politicas-2018\/#breadcrumb"},"inLanguage":"es","potentialAction":[{"@type":"ReadAction","target":["https:\/\/noticias.imer.mx\/antenaradio\/2018\/04\/17\/proyecciones-economico-politicas-2018\/"]}]},{"@type":"BreadcrumbList","@id":"https:\/\/noticias.imer.mx\/antenaradio\/2018\/04\/17\/proyecciones-economico-politicas-2018\/#breadcrumb","itemListElement":[{"@type":"ListItem","position":1,"name":"Home","item":"https:\/\/noticias.imer.mx\/antenaradio\/"},{"@type":"ListItem","position":2,"name":"PROYECCIONES ECON\u00d3MICO-POL\u00cdTICAS 2018"}]},{"@type":"WebSite","@id":"https:\/\/noticias.imer.mx\/antenaradio\/#website","url":"https:\/\/noticias.imer.mx\/antenaradio\/","name":"Antena Radio","description":"La forma m\u00e1s clara de entender la noticia","potentialAction":[{"@type":"SearchAction","target":{"@type":"EntryPoint","urlTemplate":"https:\/\/noticias.imer.mx\/antenaradio\/?s={search_term_string}"},"query-input":"required name=search_term_string"}],"inLanguage":"es"},{"@type":"Person","@id":"https:\/\/noticias.imer.mx\/antenaradio\/#\/schema\/person\/72de5454d165c5239bc56a49873e43c9","name":"IMER Noticias","url":"https:\/\/noticias.imer.mx\/antenaradio\/author\/antenaradio\/"}]}},"_links":{"self":[{"href":"https:\/\/noticias.imer.mx\/antenaradio\/wp-json\/wp\/v2\/posts\/40289"}],"collection":[{"href":"https:\/\/noticias.imer.mx\/antenaradio\/wp-json\/wp\/v2\/posts"}],"about":[{"href":"https:\/\/noticias.imer.mx\/antenaradio\/wp-json\/wp\/v2\/types\/post"}],"author":[{"embeddable":true,"href":"https:\/\/noticias.imer.mx\/antenaradio\/wp-json\/wp\/v2\/users\/8"}],"replies":[{"embeddable":true,"href":"https:\/\/noticias.imer.mx\/antenaradio\/wp-json\/wp\/v2\/comments?post=40289"}],"version-history":[{"count":1,"href":"https:\/\/noticias.imer.mx\/antenaradio\/wp-json\/wp\/v2\/posts\/40289\/revisions"}],"predecessor-version":[{"id":40292,"href":"https:\/\/noticias.imer.mx\/antenaradio\/wp-json\/wp\/v2\/posts\/40289\/revisions\/40292"}],"wp:featuredmedia":[{"embeddable":true,"href":"https:\/\/noticias.imer.mx\/antenaradio\/wp-json\/wp\/v2\/media\/40291"}],"wp:attachment":[{"href":"https:\/\/noticias.imer.mx\/antenaradio\/wp-json\/wp\/v2\/media?parent=40289"}],"wp:term":[{"taxonomy":"category","embeddable":true,"href":"https:\/\/noticias.imer.mx\/antenaradio\/wp-json\/wp\/v2\/categories?post=40289"},{"taxonomy":"post_tag","embeddable":true,"href":"https:\/\/noticias.imer.mx\/antenaradio\/wp-json\/wp\/v2\/tags?post=40289"}],"curies":[{"name":"wp","href":"https:\/\/api.w.org\/{rel}","templated":true}]}}