{"id":39955,"date":"2017-06-13T08:56:35","date_gmt":"2017-06-13T14:56:35","guid":{"rendered":"http:\/\/snn.imer.gob.mx\/antenaradio\/?p=39955"},"modified":"2017-06-13T08:56:35","modified_gmt":"2017-06-13T14:56:35","slug":"la-inexperiencia-profesional-afecta-a-40-de-las-empresas","status":"publish","type":"post","link":"https:\/\/noticias.imer.mx\/antenaradio\/2017\/06\/13\/la-inexperiencia-profesional-afecta-a-40-de-las-empresas\/","title":{"rendered":"LA INEXPERIENCIA PROFESIONAL, AFECTA A 40% DE LAS EMPRESAS"},"content":{"rendered":"<p><img decoding=\"async\" loading=\"lazy\" class=\"alignleft size-medium wp-image-39957\" src=\"http:\/\/snn.imer.gob.mx\/antenaradio\/files\/2017\/06\/manpower-300x300.jpg\" alt=\"\" width=\"300\" height=\"300\" srcset=\"https:\/\/noticias.imer.mx\/antenaradio\/files\/2017\/06\/manpower-300x300.jpg 300w, https:\/\/noticias.imer.mx\/antenaradio\/files\/2017\/06\/manpower-150x150.jpg 150w, https:\/\/noticias.imer.mx\/antenaradio\/files\/2017\/06\/manpower-768x768.jpg 768w, https:\/\/noticias.imer.mx\/antenaradio\/files\/2017\/06\/manpower-1024x1024.jpg 1024w, https:\/\/noticias.imer.mx\/antenaradio\/files\/2017\/06\/manpower.jpg 1200w\" sizes=\"(max-width: 300px) 100vw, 300px\" \/><\/p>\n<p>Debido a los continuos y vertiginosos cambios tecnol\u00f3gicos que experimentan d\u00eda a d\u00eda empresas, organismos y compa\u00f1\u00edas, las \u00e1reas de recursos humanos est\u00e1n padeciendo una escasez de profesionales en ciertas \u00e1reas, debido a que los candidatos a ocupar una plaza no cuentan con la suficiente experiencia, habilidades o capacidades t\u00e9cnicas. Una encuesta consult\u00f3 a 41 mil 700 empleadores de 42 pa\u00edses y expuso que M\u00e9xico ocup\u00f3 la novena posici\u00f3n de las naciones con mayor dificultad para cubrir algunas plazas laborales.<\/p>\n<p>&nbsp;<\/p>\n<p>&nbsp;<\/p>\n<p>&nbsp;<\/p>\n<p>&nbsp;<\/p>\n<p>&nbsp;<\/p>\n<!--[if lt IE 9]><script>document.createElement('audio');<\/script><![endif]-->\n<audio class=\"wp-audio-shortcode\" id=\"audio-39955-1\" preload=\"none\" style=\"width: 100%;\" controls=\"controls\"><source type=\"audio\/mpeg\" src=\"http:\/\/snn.imer.gob.mx\/antenaradio\/files\/2017\/06\/REPOR-ESCASEZ.mp3?_=1\" \/><a href=\"http:\/\/snn.imer.gob.mx\/antenaradio\/files\/2017\/06\/REPOR-ESCASEZ.mp3\">http:\/\/snn.imer.gob.mx\/antenaradio\/files\/2017\/06\/REPOR-ESCASEZ.mp3<\/a><\/audio>\n","protected":false},"excerpt":{"rendered":"<p>Debido a los continuos y vertiginosos cambios tecnol\u00f3gicos que experimentan d\u00eda a d\u00eda empresas, organismos y compa\u00f1\u00edas, las \u00e1reas de recursos humanos est\u00e1n padeciendo una escasez de profesionales en ciertas \u00e1reas, debido a que los candidatos a ocupar una plaza no cuentan con la suficiente experiencia, habilidades o capacidades t\u00e9cnicas. Una encuesta consult\u00f3 a 41&hellip;<\/p>\n","protected":false},"author":8,"featured_media":0,"comment_status":"closed","ping_status":"closed","sticky":false,"template":"","format":"standard","meta":{"wp_popup_display_lightbox":0,"wp_popup_suppress":"","wp_popup_trigger":"","wp_popup_trigger_amount":0,"wp_popup_disable_on_mobile":false},"categories":[1],"tags":[],"yoast_head":"<!-- This site is optimized with the Yoast SEO plugin v21.0 - https:\/\/yoast.com\/wordpress\/plugins\/seo\/ -->\n<title>LA INEXPERIENCIA PROFESIONAL, AFECTA A 40% DE LAS EMPRESAS - Antena Radio<\/title>\n<meta name=\"robots\" content=\"index, follow, max-snippet:-1, max-image-preview:large, max-video-preview:-1\" \/>\n<link rel=\"canonical\" href=\"https:\/\/noticias.imer.mx\/antenaradio\/2017\/06\/13\/la-inexperiencia-profesional-afecta-a-40-de-las-empresas\/\" \/>\n<meta property=\"og:locale\" content=\"es_ES\" \/>\n<meta property=\"og:type\" content=\"article\" \/>\n<meta property=\"og:title\" content=\"LA INEXPERIENCIA PROFESIONAL, AFECTA A 40% DE LAS EMPRESAS - Antena Radio\" \/>\n<meta property=\"og:description\" content=\"Debido a los continuos y vertiginosos cambios tecnol\u00f3gicos que experimentan d\u00eda a d\u00eda empresas, organismos y compa\u00f1\u00edas, las \u00e1reas de recursos humanos est\u00e1n padeciendo una escasez de profesionales en ciertas \u00e1reas, debido a que los candidatos a ocupar una plaza no cuentan con la suficiente experiencia, habilidades o capacidades t\u00e9cnicas. Una encuesta consult\u00f3 a 41&hellip;\" \/>\n<meta property=\"og:url\" content=\"https:\/\/noticias.imer.mx\/antenaradio\/2017\/06\/13\/la-inexperiencia-profesional-afecta-a-40-de-las-empresas\/\" \/>\n<meta property=\"og:site_name\" content=\"Antena Radio\" \/>\n<meta property=\"article:published_time\" content=\"2017-06-13T14:56:35+00:00\" \/>\n<meta property=\"og:image\" content=\"http:\/\/snn.imer.gob.mx\/antenaradio\/files\/2017\/06\/manpower-300x300.jpg\" \/>\n<meta name=\"author\" content=\"IMER Noticias\" \/>\n<meta name=\"twitter:card\" content=\"summary_large_image\" \/>\n<meta name=\"twitter:label1\" content=\"Escrito por\" \/>\n\t<meta name=\"twitter:data1\" content=\"IMER Noticias\" \/>\n\t<meta name=\"twitter:label2\" content=\"Tiempo de lectura\" \/>\n\t<meta name=\"twitter:data2\" content=\"1 minuto\" \/>\n<script type=\"application\/ld+json\" class=\"yoast-schema-graph\">{\"@context\":\"https:\/\/schema.org\",\"@graph\":[{\"@type\":\"WebPage\",\"@id\":\"https:\/\/noticias.imer.mx\/antenaradio\/2017\/06\/13\/la-inexperiencia-profesional-afecta-a-40-de-las-empresas\/\",\"url\":\"https:\/\/noticias.imer.mx\/antenaradio\/2017\/06\/13\/la-inexperiencia-profesional-afecta-a-40-de-las-empresas\/\",\"name\":\"LA INEXPERIENCIA PROFESIONAL, AFECTA A 40% DE LAS EMPRESAS - Antena Radio\",\"isPartOf\":{\"@id\":\"https:\/\/noticias.imer.mx\/antenaradio\/#website\"},\"datePublished\":\"2017-06-13T14:56:35+00:00\",\"dateModified\":\"2017-06-13T14:56:35+00:00\",\"author\":{\"@id\":\"https:\/\/noticias.imer.mx\/antenaradio\/#\/schema\/person\/72de5454d165c5239bc56a49873e43c9\"},\"breadcrumb\":{\"@id\":\"https:\/\/noticias.imer.mx\/antenaradio\/2017\/06\/13\/la-inexperiencia-profesional-afecta-a-40-de-las-empresas\/#breadcrumb\"},\"inLanguage\":\"es\",\"potentialAction\":[{\"@type\":\"ReadAction\",\"target\":[\"https:\/\/noticias.imer.mx\/antenaradio\/2017\/06\/13\/la-inexperiencia-profesional-afecta-a-40-de-las-empresas\/\"]}]},{\"@type\":\"BreadcrumbList\",\"@id\":\"https:\/\/noticias.imer.mx\/antenaradio\/2017\/06\/13\/la-inexperiencia-profesional-afecta-a-40-de-las-empresas\/#breadcrumb\",\"itemListElement\":[{\"@type\":\"ListItem\",\"position\":1,\"name\":\"Home\",\"item\":\"https:\/\/noticias.imer.mx\/antenaradio\/\"},{\"@type\":\"ListItem\",\"position\":2,\"name\":\"LA INEXPERIENCIA PROFESIONAL, AFECTA A 40% DE LAS EMPRESAS\"}]},{\"@type\":\"WebSite\",\"@id\":\"https:\/\/noticias.imer.mx\/antenaradio\/#website\",\"url\":\"https:\/\/noticias.imer.mx\/antenaradio\/\",\"name\":\"Antena Radio\",\"description\":\"La forma m\u00e1s clara de entender la noticia\",\"potentialAction\":[{\"@type\":\"SearchAction\",\"target\":{\"@type\":\"EntryPoint\",\"urlTemplate\":\"https:\/\/noticias.imer.mx\/antenaradio\/?s={search_term_string}\"},\"query-input\":\"required name=search_term_string\"}],\"inLanguage\":\"es\"},{\"@type\":\"Person\",\"@id\":\"https:\/\/noticias.imer.mx\/antenaradio\/#\/schema\/person\/72de5454d165c5239bc56a49873e43c9\",\"name\":\"IMER Noticias\",\"url\":\"https:\/\/noticias.imer.mx\/antenaradio\/author\/antenaradio\/\"}]}<\/script>\n<!-- \/ Yoast SEO plugin. -->","yoast_head_json":{"title":"LA INEXPERIENCIA PROFESIONAL, AFECTA A 40% DE LAS EMPRESAS - Antena Radio","robots":{"index":"index","follow":"follow","max-snippet":"max-snippet:-1","max-image-preview":"max-image-preview:large","max-video-preview":"max-video-preview:-1"},"canonical":"https:\/\/noticias.imer.mx\/antenaradio\/2017\/06\/13\/la-inexperiencia-profesional-afecta-a-40-de-las-empresas\/","og_locale":"es_ES","og_type":"article","og_title":"LA INEXPERIENCIA PROFESIONAL, AFECTA A 40% DE LAS EMPRESAS - Antena Radio","og_description":"Debido a los continuos y vertiginosos cambios tecnol\u00f3gicos que experimentan d\u00eda a d\u00eda empresas, organismos y compa\u00f1\u00edas, las \u00e1reas de recursos humanos est\u00e1n padeciendo una escasez de profesionales en ciertas \u00e1reas, debido a que los candidatos a ocupar una plaza no cuentan con la suficiente experiencia, habilidades o capacidades t\u00e9cnicas. Una encuesta consult\u00f3 a 41&hellip;","og_url":"https:\/\/noticias.imer.mx\/antenaradio\/2017\/06\/13\/la-inexperiencia-profesional-afecta-a-40-de-las-empresas\/","og_site_name":"Antena Radio","article_published_time":"2017-06-13T14:56:35+00:00","og_image":[{"url":"http:\/\/snn.imer.gob.mx\/antenaradio\/files\/2017\/06\/manpower-300x300.jpg"}],"author":"IMER Noticias","twitter_card":"summary_large_image","twitter_misc":{"Escrito por":"IMER Noticias","Tiempo de lectura":"1 minuto"},"schema":{"@context":"https:\/\/schema.org","@graph":[{"@type":"WebPage","@id":"https:\/\/noticias.imer.mx\/antenaradio\/2017\/06\/13\/la-inexperiencia-profesional-afecta-a-40-de-las-empresas\/","url":"https:\/\/noticias.imer.mx\/antenaradio\/2017\/06\/13\/la-inexperiencia-profesional-afecta-a-40-de-las-empresas\/","name":"LA INEXPERIENCIA PROFESIONAL, AFECTA A 40% DE LAS EMPRESAS - Antena Radio","isPartOf":{"@id":"https:\/\/noticias.imer.mx\/antenaradio\/#website"},"datePublished":"2017-06-13T14:56:35+00:00","dateModified":"2017-06-13T14:56:35+00:00","author":{"@id":"https:\/\/noticias.imer.mx\/antenaradio\/#\/schema\/person\/72de5454d165c5239bc56a49873e43c9"},"breadcrumb":{"@id":"https:\/\/noticias.imer.mx\/antenaradio\/2017\/06\/13\/la-inexperiencia-profesional-afecta-a-40-de-las-empresas\/#breadcrumb"},"inLanguage":"es","potentialAction":[{"@type":"ReadAction","target":["https:\/\/noticias.imer.mx\/antenaradio\/2017\/06\/13\/la-inexperiencia-profesional-afecta-a-40-de-las-empresas\/"]}]},{"@type":"BreadcrumbList","@id":"https:\/\/noticias.imer.mx\/antenaradio\/2017\/06\/13\/la-inexperiencia-profesional-afecta-a-40-de-las-empresas\/#breadcrumb","itemListElement":[{"@type":"ListItem","position":1,"name":"Home","item":"https:\/\/noticias.imer.mx\/antenaradio\/"},{"@type":"ListItem","position":2,"name":"LA INEXPERIENCIA PROFESIONAL, AFECTA A 40% DE LAS EMPRESAS"}]},{"@type":"WebSite","@id":"https:\/\/noticias.imer.mx\/antenaradio\/#website","url":"https:\/\/noticias.imer.mx\/antenaradio\/","name":"Antena Radio","description":"La forma m\u00e1s clara de entender la noticia","potentialAction":[{"@type":"SearchAction","target":{"@type":"EntryPoint","urlTemplate":"https:\/\/noticias.imer.mx\/antenaradio\/?s={search_term_string}"},"query-input":"required name=search_term_string"}],"inLanguage":"es"},{"@type":"Person","@id":"https:\/\/noticias.imer.mx\/antenaradio\/#\/schema\/person\/72de5454d165c5239bc56a49873e43c9","name":"IMER Noticias","url":"https:\/\/noticias.imer.mx\/antenaradio\/author\/antenaradio\/"}]}},"_links":{"self":[{"href":"https:\/\/noticias.imer.mx\/antenaradio\/wp-json\/wp\/v2\/posts\/39955"}],"collection":[{"href":"https:\/\/noticias.imer.mx\/antenaradio\/wp-json\/wp\/v2\/posts"}],"about":[{"href":"https:\/\/noticias.imer.mx\/antenaradio\/wp-json\/wp\/v2\/types\/post"}],"author":[{"embeddable":true,"href":"https:\/\/noticias.imer.mx\/antenaradio\/wp-json\/wp\/v2\/users\/8"}],"replies":[{"embeddable":true,"href":"https:\/\/noticias.imer.mx\/antenaradio\/wp-json\/wp\/v2\/comments?post=39955"}],"version-history":[{"count":2,"href":"https:\/\/noticias.imer.mx\/antenaradio\/wp-json\/wp\/v2\/posts\/39955\/revisions"}],"predecessor-version":[{"id":39959,"href":"https:\/\/noticias.imer.mx\/antenaradio\/wp-json\/wp\/v2\/posts\/39955\/revisions\/39959"}],"wp:attachment":[{"href":"https:\/\/noticias.imer.mx\/antenaradio\/wp-json\/wp\/v2\/media?parent=39955"}],"wp:term":[{"taxonomy":"category","embeddable":true,"href":"https:\/\/noticias.imer.mx\/antenaradio\/wp-json\/wp\/v2\/categories?post=39955"},{"taxonomy":"post_tag","embeddable":true,"href":"https:\/\/noticias.imer.mx\/antenaradio\/wp-json\/wp\/v2\/tags?post=39955"}],"curies":[{"name":"wp","href":"https:\/\/api.w.org\/{rel}","templated":true}]}}