{"id":39934,"date":"2017-05-29T09:40:36","date_gmt":"2017-05-29T15:40:36","guid":{"rendered":"http:\/\/snn.imer.gob.mx\/antenaradio\/?p=39934"},"modified":"2017-05-29T09:40:36","modified_gmt":"2017-05-29T15:40:36","slug":"cambios-a-la-ley-para-el-control-del-tabaco","status":"publish","type":"post","link":"https:\/\/noticias.imer.mx\/antenaradio\/2017\/05\/29\/cambios-a-la-ley-para-el-control-del-tabaco\/","title":{"rendered":"CAMBIOS A LA LEY PARA EL CONTROL DEL TABACO"},"content":{"rendered":"<p><img decoding=\"async\" loading=\"lazy\" class=\"alignleft size-medium wp-image-39936\" src=\"http:\/\/snn.imer.gob.mx\/antenaradio\/files\/2017\/05\/desesenta090315-movil-300x201.jpg\" alt=\"\" width=\"300\" height=\"201\" srcset=\"https:\/\/noticias.imer.mx\/antenaradio\/files\/2017\/05\/desesenta090315-movil-300x201.jpg 300w, https:\/\/noticias.imer.mx\/antenaradio\/files\/2017\/05\/desesenta090315-movil-768x514.jpg 768w, https:\/\/noticias.imer.mx\/antenaradio\/files\/2017\/05\/desesenta090315-movil.jpg 800w\" sizes=\"(max-width: 300px) 100vw, 300px\" \/><\/p>\n<p>Un estudio realizado por compa\u00f1\u00edas tabacaleras, detect\u00f3 que 52 marcas de cigarrillos ilegales provenientes de pa\u00edses de Asia y Estados Unidos presentan productos en estado de putrefacci\u00f3n. Para erradicar esta pr\u00e1ctica el pleno del Senado aprob\u00f3 por unanimidad, modificaciones a la Ley General para el Control del Tabaco. Con esta nueva reglamentaci\u00f3n, se impondr\u00e1n \u00a0hasta nueve a\u00f1os de c\u00e1rcel y multas millonarias a quien introduzca, exporte, transporte, almacene, expenda, venda o distribuya cajetillas elaboradas con materiales t\u00f3xicos.<\/p>\n<p>Para conocer m\u00e1s a fondo, estos nuevos cambios, le hemos preparado el siguiente reportaje.<\/p>\n<p>&nbsp;<\/p>\n<!--[if lt IE 9]><script>document.createElement('audio');<\/script><![endif]-->\n<audio class=\"wp-audio-shortcode\" id=\"audio-39934-1\" preload=\"none\" style=\"width: 100%;\" controls=\"controls\"><source type=\"audio\/mpeg\" src=\"http:\/\/snn.imer.gob.mx\/antenaradio\/files\/2017\/05\/REPORTAJE-LEY-GENERAL.mp3?_=1\" \/><a href=\"http:\/\/snn.imer.gob.mx\/antenaradio\/files\/2017\/05\/REPORTAJE-LEY-GENERAL.mp3\">http:\/\/snn.imer.gob.mx\/antenaradio\/files\/2017\/05\/REPORTAJE-LEY-GENERAL.mp3<\/a><\/audio>\n","protected":false},"excerpt":{"rendered":"<p>Un estudio realizado por compa\u00f1\u00edas tabacaleras, detect\u00f3 que 52 marcas de cigarrillos ilegales provenientes de pa\u00edses de Asia y Estados Unidos presentan productos en estado de putrefacci\u00f3n. Para erradicar esta pr\u00e1ctica el pleno del Senado aprob\u00f3 por unanimidad, modificaciones a la Ley General para el Control del Tabaco. Con esta nueva reglamentaci\u00f3n, se impondr\u00e1n \u00a0hasta&hellip;<\/p>\n","protected":false},"author":8,"featured_media":0,"comment_status":"closed","ping_status":"closed","sticky":false,"template":"","format":"standard","meta":{"wp_popup_display_lightbox":0,"wp_popup_suppress":"","wp_popup_trigger":"","wp_popup_trigger_amount":0,"wp_popup_disable_on_mobile":false},"categories":[1],"tags":[],"yoast_head":"<!-- This site is optimized with the Yoast SEO plugin v21.0 - https:\/\/yoast.com\/wordpress\/plugins\/seo\/ -->\n<title>CAMBIOS A LA LEY PARA EL CONTROL DEL TABACO - Antena Radio<\/title>\n<meta name=\"robots\" content=\"index, follow, max-snippet:-1, max-image-preview:large, max-video-preview:-1\" \/>\n<link rel=\"canonical\" href=\"https:\/\/noticias.imer.mx\/antenaradio\/2017\/05\/29\/cambios-a-la-ley-para-el-control-del-tabaco\/\" \/>\n<meta property=\"og:locale\" content=\"es_ES\" \/>\n<meta property=\"og:type\" content=\"article\" \/>\n<meta property=\"og:title\" content=\"CAMBIOS A LA LEY PARA EL CONTROL DEL TABACO - Antena Radio\" \/>\n<meta property=\"og:description\" content=\"Un estudio realizado por compa\u00f1\u00edas tabacaleras, detect\u00f3 que 52 marcas de cigarrillos ilegales provenientes de pa\u00edses de Asia y Estados Unidos presentan productos en estado de putrefacci\u00f3n. Para erradicar esta pr\u00e1ctica el pleno del Senado aprob\u00f3 por unanimidad, modificaciones a la Ley General para el Control del Tabaco. Con esta nueva reglamentaci\u00f3n, se impondr\u00e1n \u00a0hasta&hellip;\" \/>\n<meta property=\"og:url\" content=\"https:\/\/noticias.imer.mx\/antenaradio\/2017\/05\/29\/cambios-a-la-ley-para-el-control-del-tabaco\/\" \/>\n<meta property=\"og:site_name\" content=\"Antena Radio\" \/>\n<meta property=\"article:published_time\" content=\"2017-05-29T15:40:36+00:00\" \/>\n<meta property=\"og:image\" content=\"http:\/\/snn.imer.gob.mx\/antenaradio\/files\/2017\/05\/desesenta090315-movil-300x201.jpg\" \/>\n<meta name=\"author\" content=\"IMER Noticias\" \/>\n<meta name=\"twitter:card\" content=\"summary_large_image\" \/>\n<meta name=\"twitter:label1\" content=\"Escrito por\" \/>\n\t<meta name=\"twitter:data1\" content=\"IMER Noticias\" \/>\n\t<meta name=\"twitter:label2\" content=\"Tiempo de lectura\" \/>\n\t<meta name=\"twitter:data2\" content=\"1 minuto\" \/>\n<script type=\"application\/ld+json\" class=\"yoast-schema-graph\">{\"@context\":\"https:\/\/schema.org\",\"@graph\":[{\"@type\":\"WebPage\",\"@id\":\"https:\/\/noticias.imer.mx\/antenaradio\/2017\/05\/29\/cambios-a-la-ley-para-el-control-del-tabaco\/\",\"url\":\"https:\/\/noticias.imer.mx\/antenaradio\/2017\/05\/29\/cambios-a-la-ley-para-el-control-del-tabaco\/\",\"name\":\"CAMBIOS A LA LEY PARA EL CONTROL DEL TABACO - Antena Radio\",\"isPartOf\":{\"@id\":\"https:\/\/noticias.imer.mx\/antenaradio\/#website\"},\"datePublished\":\"2017-05-29T15:40:36+00:00\",\"dateModified\":\"2017-05-29T15:40:36+00:00\",\"author\":{\"@id\":\"https:\/\/noticias.imer.mx\/antenaradio\/#\/schema\/person\/72de5454d165c5239bc56a49873e43c9\"},\"breadcrumb\":{\"@id\":\"https:\/\/noticias.imer.mx\/antenaradio\/2017\/05\/29\/cambios-a-la-ley-para-el-control-del-tabaco\/#breadcrumb\"},\"inLanguage\":\"es\",\"potentialAction\":[{\"@type\":\"ReadAction\",\"target\":[\"https:\/\/noticias.imer.mx\/antenaradio\/2017\/05\/29\/cambios-a-la-ley-para-el-control-del-tabaco\/\"]}]},{\"@type\":\"BreadcrumbList\",\"@id\":\"https:\/\/noticias.imer.mx\/antenaradio\/2017\/05\/29\/cambios-a-la-ley-para-el-control-del-tabaco\/#breadcrumb\",\"itemListElement\":[{\"@type\":\"ListItem\",\"position\":1,\"name\":\"Home\",\"item\":\"https:\/\/noticias.imer.mx\/antenaradio\/\"},{\"@type\":\"ListItem\",\"position\":2,\"name\":\"CAMBIOS A LA LEY PARA EL CONTROL DEL TABACO\"}]},{\"@type\":\"WebSite\",\"@id\":\"https:\/\/noticias.imer.mx\/antenaradio\/#website\",\"url\":\"https:\/\/noticias.imer.mx\/antenaradio\/\",\"name\":\"Antena Radio\",\"description\":\"La forma m\u00e1s clara de entender la noticia\",\"potentialAction\":[{\"@type\":\"SearchAction\",\"target\":{\"@type\":\"EntryPoint\",\"urlTemplate\":\"https:\/\/noticias.imer.mx\/antenaradio\/?s={search_term_string}\"},\"query-input\":\"required name=search_term_string\"}],\"inLanguage\":\"es\"},{\"@type\":\"Person\",\"@id\":\"https:\/\/noticias.imer.mx\/antenaradio\/#\/schema\/person\/72de5454d165c5239bc56a49873e43c9\",\"name\":\"IMER Noticias\",\"url\":\"https:\/\/noticias.imer.mx\/antenaradio\/author\/antenaradio\/\"}]}<\/script>\n<!-- \/ Yoast SEO plugin. -->","yoast_head_json":{"title":"CAMBIOS A LA LEY PARA EL CONTROL DEL TABACO - Antena Radio","robots":{"index":"index","follow":"follow","max-snippet":"max-snippet:-1","max-image-preview":"max-image-preview:large","max-video-preview":"max-video-preview:-1"},"canonical":"https:\/\/noticias.imer.mx\/antenaradio\/2017\/05\/29\/cambios-a-la-ley-para-el-control-del-tabaco\/","og_locale":"es_ES","og_type":"article","og_title":"CAMBIOS A LA LEY PARA EL CONTROL DEL TABACO - Antena Radio","og_description":"Un estudio realizado por compa\u00f1\u00edas tabacaleras, detect\u00f3 que 52 marcas de cigarrillos ilegales provenientes de pa\u00edses de Asia y Estados Unidos presentan productos en estado de putrefacci\u00f3n. Para erradicar esta pr\u00e1ctica el pleno del Senado aprob\u00f3 por unanimidad, modificaciones a la Ley General para el Control del Tabaco. Con esta nueva reglamentaci\u00f3n, se impondr\u00e1n \u00a0hasta&hellip;","og_url":"https:\/\/noticias.imer.mx\/antenaradio\/2017\/05\/29\/cambios-a-la-ley-para-el-control-del-tabaco\/","og_site_name":"Antena Radio","article_published_time":"2017-05-29T15:40:36+00:00","og_image":[{"url":"http:\/\/snn.imer.gob.mx\/antenaradio\/files\/2017\/05\/desesenta090315-movil-300x201.jpg"}],"author":"IMER Noticias","twitter_card":"summary_large_image","twitter_misc":{"Escrito por":"IMER Noticias","Tiempo de lectura":"1 minuto"},"schema":{"@context":"https:\/\/schema.org","@graph":[{"@type":"WebPage","@id":"https:\/\/noticias.imer.mx\/antenaradio\/2017\/05\/29\/cambios-a-la-ley-para-el-control-del-tabaco\/","url":"https:\/\/noticias.imer.mx\/antenaradio\/2017\/05\/29\/cambios-a-la-ley-para-el-control-del-tabaco\/","name":"CAMBIOS A LA LEY PARA EL CONTROL DEL TABACO - Antena Radio","isPartOf":{"@id":"https:\/\/noticias.imer.mx\/antenaradio\/#website"},"datePublished":"2017-05-29T15:40:36+00:00","dateModified":"2017-05-29T15:40:36+00:00","author":{"@id":"https:\/\/noticias.imer.mx\/antenaradio\/#\/schema\/person\/72de5454d165c5239bc56a49873e43c9"},"breadcrumb":{"@id":"https:\/\/noticias.imer.mx\/antenaradio\/2017\/05\/29\/cambios-a-la-ley-para-el-control-del-tabaco\/#breadcrumb"},"inLanguage":"es","potentialAction":[{"@type":"ReadAction","target":["https:\/\/noticias.imer.mx\/antenaradio\/2017\/05\/29\/cambios-a-la-ley-para-el-control-del-tabaco\/"]}]},{"@type":"BreadcrumbList","@id":"https:\/\/noticias.imer.mx\/antenaradio\/2017\/05\/29\/cambios-a-la-ley-para-el-control-del-tabaco\/#breadcrumb","itemListElement":[{"@type":"ListItem","position":1,"name":"Home","item":"https:\/\/noticias.imer.mx\/antenaradio\/"},{"@type":"ListItem","position":2,"name":"CAMBIOS A LA LEY PARA EL CONTROL DEL TABACO"}]},{"@type":"WebSite","@id":"https:\/\/noticias.imer.mx\/antenaradio\/#website","url":"https:\/\/noticias.imer.mx\/antenaradio\/","name":"Antena Radio","description":"La forma m\u00e1s clara de entender la noticia","potentialAction":[{"@type":"SearchAction","target":{"@type":"EntryPoint","urlTemplate":"https:\/\/noticias.imer.mx\/antenaradio\/?s={search_term_string}"},"query-input":"required name=search_term_string"}],"inLanguage":"es"},{"@type":"Person","@id":"https:\/\/noticias.imer.mx\/antenaradio\/#\/schema\/person\/72de5454d165c5239bc56a49873e43c9","name":"IMER Noticias","url":"https:\/\/noticias.imer.mx\/antenaradio\/author\/antenaradio\/"}]}},"_links":{"self":[{"href":"https:\/\/noticias.imer.mx\/antenaradio\/wp-json\/wp\/v2\/posts\/39934"}],"collection":[{"href":"https:\/\/noticias.imer.mx\/antenaradio\/wp-json\/wp\/v2\/posts"}],"about":[{"href":"https:\/\/noticias.imer.mx\/antenaradio\/wp-json\/wp\/v2\/types\/post"}],"author":[{"embeddable":true,"href":"https:\/\/noticias.imer.mx\/antenaradio\/wp-json\/wp\/v2\/users\/8"}],"replies":[{"embeddable":true,"href":"https:\/\/noticias.imer.mx\/antenaradio\/wp-json\/wp\/v2\/comments?post=39934"}],"version-history":[{"count":2,"href":"https:\/\/noticias.imer.mx\/antenaradio\/wp-json\/wp\/v2\/posts\/39934\/revisions"}],"predecessor-version":[{"id":39938,"href":"https:\/\/noticias.imer.mx\/antenaradio\/wp-json\/wp\/v2\/posts\/39934\/revisions\/39938"}],"wp:attachment":[{"href":"https:\/\/noticias.imer.mx\/antenaradio\/wp-json\/wp\/v2\/media?parent=39934"}],"wp:term":[{"taxonomy":"category","embeddable":true,"href":"https:\/\/noticias.imer.mx\/antenaradio\/wp-json\/wp\/v2\/categories?post=39934"},{"taxonomy":"post_tag","embeddable":true,"href":"https:\/\/noticias.imer.mx\/antenaradio\/wp-json\/wp\/v2\/tags?post=39934"}],"curies":[{"name":"wp","href":"https:\/\/api.w.org\/{rel}","templated":true}]}}