{"id":39903,"date":"2017-04-03T10:12:31","date_gmt":"2017-04-03T16:12:31","guid":{"rendered":"http:\/\/snn.imer.gob.mx\/antenaradio\/?p=39903"},"modified":"2017-04-03T10:12:31","modified_gmt":"2017-04-03T16:12:31","slug":"dia-mundial-de-la-concienciacion-sobre-el-autismo","status":"publish","type":"post","link":"https:\/\/noticias.imer.mx\/antenaradio\/2017\/04\/03\/dia-mundial-de-la-concienciacion-sobre-el-autismo\/","title":{"rendered":"D\u00cdA MUNDIAL DE LA CONCIENCIACI\u00d3N  SOBRE EL AUTISMO"},"content":{"rendered":"<p><img decoding=\"async\" loading=\"lazy\" class=\"alignleft size-full wp-image-39905\" src=\"http:\/\/snn.imer.gob.mx\/antenaradio\/files\/2017\/04\/autismo.jpg\" alt=\"\" width=\"299\" height=\"168\" \/><\/p>\n<p>Uno de cada 160 beb\u00e9s que nacen en el mundo tiene Autismo, de acuerdo a la Organizaci\u00f3n Mundial de la Salud (OMS). \u00a0Este cuadro neurol\u00f3gico viene estudi\u00e1ndose desde los a\u00f1os cuarenta, y aunque ha habido avances significativos, a\u00fan se desconocen las causas que lo originan. Es por eso que en aras de hacer \u00e9nfasis, sobre la necesidad de seguir investigando, la Organizaci\u00f3n de las Naciones Unidas \u00a0estipul\u00f3 desde hace 9 a\u00f1os, y cada 2 de abril el D\u00eda Mundial de la Concienciaci\u00f3n sobre el Autismo, cuyo lema para este a\u00f1o es \u201cHacia la autonom\u00eda y la autodeterminaci\u00f3n\u201d;<\/p>\n<p>&nbsp;<\/p>\n<p>&nbsp;<\/p>\n<!--[if lt IE 9]><script>document.createElement('audio');<\/script><![endif]-->\n<audio class=\"wp-audio-shortcode\" id=\"audio-39903-1\" preload=\"none\" style=\"width: 100%;\" controls=\"controls\"><source type=\"audio\/mpeg\" src=\"http:\/\/snn.imer.gob.mx\/antenaradio\/files\/2017\/04\/0109-D\u00cdA-MUNDIAL-CONCIENCIACI\u00d3N-AUTISMO-INFANTIL.mp3?_=1\" \/><a href=\"http:\/\/snn.imer.gob.mx\/antenaradio\/files\/2017\/04\/0109-D\u00cdA-MUNDIAL-CONCIENCIACI\u00d3N-AUTISMO-INFANTIL.mp3\">http:\/\/snn.imer.gob.mx\/antenaradio\/files\/2017\/04\/0109-D\u00cdA-MUNDIAL-CONCIENCIACI\u00d3N-AUTISMO-INFANTIL.mp3<\/a><\/audio>\n","protected":false},"excerpt":{"rendered":"<p>Uno de cada 160 beb\u00e9s que nacen en el mundo tiene Autismo, de acuerdo a la Organizaci\u00f3n Mundial de la Salud (OMS). \u00a0Este cuadro neurol\u00f3gico viene estudi\u00e1ndose desde los a\u00f1os cuarenta, y aunque ha habido avances significativos, a\u00fan se desconocen las causas que lo originan. Es por eso que en aras de hacer \u00e9nfasis, sobre&hellip;<\/p>\n","protected":false},"author":8,"featured_media":0,"comment_status":"closed","ping_status":"closed","sticky":false,"template":"","format":"standard","meta":{"wp_popup_display_lightbox":0,"wp_popup_suppress":"","wp_popup_trigger":"","wp_popup_trigger_amount":0,"wp_popup_disable_on_mobile":false},"categories":[1],"tags":[],"yoast_head":"<!-- This site is optimized with the Yoast SEO plugin v21.0 - https:\/\/yoast.com\/wordpress\/plugins\/seo\/ -->\n<title>D\u00cdA MUNDIAL DE LA CONCIENCIACI\u00d3N SOBRE EL AUTISMO - Antena Radio<\/title>\n<meta name=\"robots\" content=\"index, follow, max-snippet:-1, max-image-preview:large, max-video-preview:-1\" \/>\n<link rel=\"canonical\" href=\"https:\/\/noticias.imer.mx\/antenaradio\/2017\/04\/03\/dia-mundial-de-la-concienciacion-sobre-el-autismo\/\" \/>\n<meta property=\"og:locale\" content=\"es_ES\" \/>\n<meta property=\"og:type\" content=\"article\" \/>\n<meta property=\"og:title\" content=\"D\u00cdA MUNDIAL DE LA CONCIENCIACI\u00d3N SOBRE EL AUTISMO - Antena Radio\" \/>\n<meta property=\"og:description\" content=\"Uno de cada 160 beb\u00e9s que nacen en el mundo tiene Autismo, de acuerdo a la Organizaci\u00f3n Mundial de la Salud (OMS). \u00a0Este cuadro neurol\u00f3gico viene estudi\u00e1ndose desde los a\u00f1os cuarenta, y aunque ha habido avances significativos, a\u00fan se desconocen las causas que lo originan. Es por eso que en aras de hacer \u00e9nfasis, sobre&hellip;\" \/>\n<meta property=\"og:url\" content=\"https:\/\/noticias.imer.mx\/antenaradio\/2017\/04\/03\/dia-mundial-de-la-concienciacion-sobre-el-autismo\/\" \/>\n<meta property=\"og:site_name\" content=\"Antena Radio\" \/>\n<meta property=\"article:published_time\" content=\"2017-04-03T16:12:31+00:00\" \/>\n<meta property=\"og:image\" content=\"http:\/\/snn.imer.gob.mx\/antenaradio\/files\/2017\/04\/autismo.jpg\" \/>\n<meta name=\"author\" content=\"IMER Noticias\" \/>\n<meta name=\"twitter:card\" content=\"summary_large_image\" \/>\n<meta name=\"twitter:label1\" content=\"Escrito por\" \/>\n\t<meta name=\"twitter:data1\" content=\"IMER Noticias\" \/>\n\t<meta name=\"twitter:label2\" content=\"Tiempo de lectura\" \/>\n\t<meta name=\"twitter:data2\" content=\"1 minuto\" \/>\n<script type=\"application\/ld+json\" class=\"yoast-schema-graph\">{\"@context\":\"https:\/\/schema.org\",\"@graph\":[{\"@type\":\"WebPage\",\"@id\":\"https:\/\/noticias.imer.mx\/antenaradio\/2017\/04\/03\/dia-mundial-de-la-concienciacion-sobre-el-autismo\/\",\"url\":\"https:\/\/noticias.imer.mx\/antenaradio\/2017\/04\/03\/dia-mundial-de-la-concienciacion-sobre-el-autismo\/\",\"name\":\"D\u00cdA MUNDIAL DE LA CONCIENCIACI\u00d3N SOBRE EL AUTISMO - Antena Radio\",\"isPartOf\":{\"@id\":\"https:\/\/noticias.imer.mx\/antenaradio\/#website\"},\"datePublished\":\"2017-04-03T16:12:31+00:00\",\"dateModified\":\"2017-04-03T16:12:31+00:00\",\"author\":{\"@id\":\"https:\/\/noticias.imer.mx\/antenaradio\/#\/schema\/person\/72de5454d165c5239bc56a49873e43c9\"},\"breadcrumb\":{\"@id\":\"https:\/\/noticias.imer.mx\/antenaradio\/2017\/04\/03\/dia-mundial-de-la-concienciacion-sobre-el-autismo\/#breadcrumb\"},\"inLanguage\":\"es\",\"potentialAction\":[{\"@type\":\"ReadAction\",\"target\":[\"https:\/\/noticias.imer.mx\/antenaradio\/2017\/04\/03\/dia-mundial-de-la-concienciacion-sobre-el-autismo\/\"]}]},{\"@type\":\"BreadcrumbList\",\"@id\":\"https:\/\/noticias.imer.mx\/antenaradio\/2017\/04\/03\/dia-mundial-de-la-concienciacion-sobre-el-autismo\/#breadcrumb\",\"itemListElement\":[{\"@type\":\"ListItem\",\"position\":1,\"name\":\"Home\",\"item\":\"https:\/\/noticias.imer.mx\/antenaradio\/\"},{\"@type\":\"ListItem\",\"position\":2,\"name\":\"D\u00cdA MUNDIAL DE LA CONCIENCIACI\u00d3N SOBRE EL AUTISMO\"}]},{\"@type\":\"WebSite\",\"@id\":\"https:\/\/noticias.imer.mx\/antenaradio\/#website\",\"url\":\"https:\/\/noticias.imer.mx\/antenaradio\/\",\"name\":\"Antena Radio\",\"description\":\"La forma m\u00e1s clara de entender la noticia\",\"potentialAction\":[{\"@type\":\"SearchAction\",\"target\":{\"@type\":\"EntryPoint\",\"urlTemplate\":\"https:\/\/noticias.imer.mx\/antenaradio\/?s={search_term_string}\"},\"query-input\":\"required name=search_term_string\"}],\"inLanguage\":\"es\"},{\"@type\":\"Person\",\"@id\":\"https:\/\/noticias.imer.mx\/antenaradio\/#\/schema\/person\/72de5454d165c5239bc56a49873e43c9\",\"name\":\"IMER Noticias\",\"url\":\"https:\/\/noticias.imer.mx\/antenaradio\/author\/antenaradio\/\"}]}<\/script>\n<!-- \/ Yoast SEO plugin. -->","yoast_head_json":{"title":"D\u00cdA MUNDIAL DE LA CONCIENCIACI\u00d3N SOBRE EL AUTISMO - Antena Radio","robots":{"index":"index","follow":"follow","max-snippet":"max-snippet:-1","max-image-preview":"max-image-preview:large","max-video-preview":"max-video-preview:-1"},"canonical":"https:\/\/noticias.imer.mx\/antenaradio\/2017\/04\/03\/dia-mundial-de-la-concienciacion-sobre-el-autismo\/","og_locale":"es_ES","og_type":"article","og_title":"D\u00cdA MUNDIAL DE LA CONCIENCIACI\u00d3N SOBRE EL AUTISMO - Antena Radio","og_description":"Uno de cada 160 beb\u00e9s que nacen en el mundo tiene Autismo, de acuerdo a la Organizaci\u00f3n Mundial de la Salud (OMS). \u00a0Este cuadro neurol\u00f3gico viene estudi\u00e1ndose desde los a\u00f1os cuarenta, y aunque ha habido avances significativos, a\u00fan se desconocen las causas que lo originan. Es por eso que en aras de hacer \u00e9nfasis, sobre&hellip;","og_url":"https:\/\/noticias.imer.mx\/antenaradio\/2017\/04\/03\/dia-mundial-de-la-concienciacion-sobre-el-autismo\/","og_site_name":"Antena Radio","article_published_time":"2017-04-03T16:12:31+00:00","og_image":[{"url":"http:\/\/snn.imer.gob.mx\/antenaradio\/files\/2017\/04\/autismo.jpg"}],"author":"IMER Noticias","twitter_card":"summary_large_image","twitter_misc":{"Escrito por":"IMER Noticias","Tiempo de lectura":"1 minuto"},"schema":{"@context":"https:\/\/schema.org","@graph":[{"@type":"WebPage","@id":"https:\/\/noticias.imer.mx\/antenaradio\/2017\/04\/03\/dia-mundial-de-la-concienciacion-sobre-el-autismo\/","url":"https:\/\/noticias.imer.mx\/antenaradio\/2017\/04\/03\/dia-mundial-de-la-concienciacion-sobre-el-autismo\/","name":"D\u00cdA MUNDIAL DE LA CONCIENCIACI\u00d3N SOBRE EL AUTISMO - Antena Radio","isPartOf":{"@id":"https:\/\/noticias.imer.mx\/antenaradio\/#website"},"datePublished":"2017-04-03T16:12:31+00:00","dateModified":"2017-04-03T16:12:31+00:00","author":{"@id":"https:\/\/noticias.imer.mx\/antenaradio\/#\/schema\/person\/72de5454d165c5239bc56a49873e43c9"},"breadcrumb":{"@id":"https:\/\/noticias.imer.mx\/antenaradio\/2017\/04\/03\/dia-mundial-de-la-concienciacion-sobre-el-autismo\/#breadcrumb"},"inLanguage":"es","potentialAction":[{"@type":"ReadAction","target":["https:\/\/noticias.imer.mx\/antenaradio\/2017\/04\/03\/dia-mundial-de-la-concienciacion-sobre-el-autismo\/"]}]},{"@type":"BreadcrumbList","@id":"https:\/\/noticias.imer.mx\/antenaradio\/2017\/04\/03\/dia-mundial-de-la-concienciacion-sobre-el-autismo\/#breadcrumb","itemListElement":[{"@type":"ListItem","position":1,"name":"Home","item":"https:\/\/noticias.imer.mx\/antenaradio\/"},{"@type":"ListItem","position":2,"name":"D\u00cdA MUNDIAL DE LA CONCIENCIACI\u00d3N SOBRE EL AUTISMO"}]},{"@type":"WebSite","@id":"https:\/\/noticias.imer.mx\/antenaradio\/#website","url":"https:\/\/noticias.imer.mx\/antenaradio\/","name":"Antena Radio","description":"La forma m\u00e1s clara de entender la noticia","potentialAction":[{"@type":"SearchAction","target":{"@type":"EntryPoint","urlTemplate":"https:\/\/noticias.imer.mx\/antenaradio\/?s={search_term_string}"},"query-input":"required name=search_term_string"}],"inLanguage":"es"},{"@type":"Person","@id":"https:\/\/noticias.imer.mx\/antenaradio\/#\/schema\/person\/72de5454d165c5239bc56a49873e43c9","name":"IMER Noticias","url":"https:\/\/noticias.imer.mx\/antenaradio\/author\/antenaradio\/"}]}},"_links":{"self":[{"href":"https:\/\/noticias.imer.mx\/antenaradio\/wp-json\/wp\/v2\/posts\/39903"}],"collection":[{"href":"https:\/\/noticias.imer.mx\/antenaradio\/wp-json\/wp\/v2\/posts"}],"about":[{"href":"https:\/\/noticias.imer.mx\/antenaradio\/wp-json\/wp\/v2\/types\/post"}],"author":[{"embeddable":true,"href":"https:\/\/noticias.imer.mx\/antenaradio\/wp-json\/wp\/v2\/users\/8"}],"replies":[{"embeddable":true,"href":"https:\/\/noticias.imer.mx\/antenaradio\/wp-json\/wp\/v2\/comments?post=39903"}],"version-history":[{"count":1,"href":"https:\/\/noticias.imer.mx\/antenaradio\/wp-json\/wp\/v2\/posts\/39903\/revisions"}],"predecessor-version":[{"id":39906,"href":"https:\/\/noticias.imer.mx\/antenaradio\/wp-json\/wp\/v2\/posts\/39903\/revisions\/39906"}],"wp:attachment":[{"href":"https:\/\/noticias.imer.mx\/antenaradio\/wp-json\/wp\/v2\/media?parent=39903"}],"wp:term":[{"taxonomy":"category","embeddable":true,"href":"https:\/\/noticias.imer.mx\/antenaradio\/wp-json\/wp\/v2\/categories?post=39903"},{"taxonomy":"post_tag","embeddable":true,"href":"https:\/\/noticias.imer.mx\/antenaradio\/wp-json\/wp\/v2\/tags?post=39903"}],"curies":[{"name":"wp","href":"https:\/\/api.w.org\/{rel}","templated":true}]}}