{"id":39897,"date":"2017-03-21T12:36:08","date_gmt":"2017-03-21T18:36:08","guid":{"rendered":"http:\/\/snn.imer.gob.mx\/antenaradio\/?p=39897"},"modified":"2017-03-21T12:36:08","modified_gmt":"2017-03-21T18:36:08","slug":"dia-internacional-de-la-eliminacion-de-la-discriminacion-racial","status":"publish","type":"post","link":"https:\/\/noticias.imer.mx\/antenaradio\/2017\/03\/21\/dia-internacional-de-la-eliminacion-de-la-discriminacion-racial\/","title":{"rendered":"D\u00cdA INTERNACIONAL DE LA ELIMINACI\u00d3N DE LA DISCRIMINACI\u00d3N RACIAL"},"content":{"rendered":"<p>Hoy 21 de marzo, se celebra el D\u00eda Internacional de la Eliminaci\u00f3n de la Discriminaci\u00f3n Racial, jornada que instituy\u00f3 la ONU, para luchar contra el racismo, el cual cabe decirlo, puede adoptar diversas formas. Basta se\u00f1alar, una de las m\u00e1s recientes, la persecuci\u00f3n en Estados Unidos, de migrantes indocumentados y refugiados.<\/p>\n<p>Esta complejidad naci\u00f3 con el actual gobierno de Donald Trump en Estados Unidos, quien en sus discursos y acciones incendiarias, han derivado en\u00a0 divisi\u00f3n, encono y antiguas\u00a0 pr\u00e1cticas salvajes.<\/p>\n<p>El siguiente reportaje, nos habla de eso.<\/p>\n<p><img decoding=\"async\" loading=\"lazy\" class=\"alignleft size-medium wp-image-39895\" src=\"http:\/\/snn.imer.gob.mx\/antenaradio\/files\/2017\/03\/21-dia-300x143.jpg\" alt=\"\" width=\"300\" height=\"143\" srcset=\"https:\/\/noticias.imer.mx\/antenaradio\/files\/2017\/03\/21-dia-300x143.jpg 300w, https:\/\/noticias.imer.mx\/antenaradio\/files\/2017\/03\/21-dia-768x367.jpg 768w, https:\/\/noticias.imer.mx\/antenaradio\/files\/2017\/03\/21-dia.jpg 843w\" sizes=\"(max-width: 300px) 100vw, 300px\" \/><\/p>\n<p>&nbsp;<\/p>\n<p>&nbsp;<\/p>\n<p>&nbsp;<\/p>\n<p>&nbsp;<\/p>\n<p>&nbsp;<\/p>\n<p>&nbsp;<\/p>\n<p>&nbsp;<\/p>\n<!--[if lt IE 9]><script>document.createElement('audio');<\/script><![endif]-->\n<audio class=\"wp-audio-shortcode\" id=\"audio-39897-1\" preload=\"none\" style=\"width: 100%;\" controls=\"controls\"><source type=\"audio\/mpeg\" src=\"http:\/\/snn.imer.gob.mx\/antenaradio\/files\/2017\/03\/210317-ARPE-ESP-DIA-INT-DE-LA-ELIMINACION-DE-LA-DISCRIMINACION-1.mp3?_=1\" \/><a href=\"http:\/\/snn.imer.gob.mx\/antenaradio\/files\/2017\/03\/210317-ARPE-ESP-DIA-INT-DE-LA-ELIMINACION-DE-LA-DISCRIMINACION-1.mp3\">http:\/\/snn.imer.gob.mx\/antenaradio\/files\/2017\/03\/210317-ARPE-ESP-DIA-INT-DE-LA-ELIMINACION-DE-LA-DISCRIMINACION-1.mp3<\/a><\/audio>\n","protected":false},"excerpt":{"rendered":"<p>Hoy 21 de marzo, se celebra el D\u00eda Internacional de la Eliminaci\u00f3n de la Discriminaci\u00f3n Racial, jornada que instituy\u00f3 la ONU, para luchar contra el racismo, el cual cabe decirlo, puede adoptar diversas formas. Basta se\u00f1alar, una de las m\u00e1s recientes, la persecuci\u00f3n en Estados Unidos, de migrantes indocumentados y refugiados. Esta complejidad naci\u00f3 con&hellip;<\/p>\n","protected":false},"author":8,"featured_media":0,"comment_status":"closed","ping_status":"closed","sticky":false,"template":"","format":"standard","meta":{"wp_popup_display_lightbox":0,"wp_popup_suppress":"","wp_popup_trigger":"","wp_popup_trigger_amount":0,"wp_popup_disable_on_mobile":false},"categories":[1],"tags":[],"yoast_head":"<!-- This site is optimized with the Yoast SEO plugin v21.0 - https:\/\/yoast.com\/wordpress\/plugins\/seo\/ -->\n<title>D\u00cdA INTERNACIONAL DE LA ELIMINACI\u00d3N DE LA DISCRIMINACI\u00d3N RACIAL - Antena Radio<\/title>\n<meta name=\"robots\" content=\"index, follow, max-snippet:-1, max-image-preview:large, max-video-preview:-1\" \/>\n<link rel=\"canonical\" href=\"https:\/\/noticias.imer.mx\/antenaradio\/2017\/03\/21\/dia-internacional-de-la-eliminacion-de-la-discriminacion-racial\/\" \/>\n<meta property=\"og:locale\" content=\"es_ES\" \/>\n<meta property=\"og:type\" content=\"article\" \/>\n<meta property=\"og:title\" content=\"D\u00cdA INTERNACIONAL DE LA ELIMINACI\u00d3N DE LA DISCRIMINACI\u00d3N RACIAL - Antena Radio\" \/>\n<meta property=\"og:description\" content=\"Hoy 21 de marzo, se celebra el D\u00eda Internacional de la Eliminaci\u00f3n de la Discriminaci\u00f3n Racial, jornada que instituy\u00f3 la ONU, para luchar contra el racismo, el cual cabe decirlo, puede adoptar diversas formas. Basta se\u00f1alar, una de las m\u00e1s recientes, la persecuci\u00f3n en Estados Unidos, de migrantes indocumentados y refugiados. Esta complejidad naci\u00f3 con&hellip;\" \/>\n<meta property=\"og:url\" content=\"https:\/\/noticias.imer.mx\/antenaradio\/2017\/03\/21\/dia-internacional-de-la-eliminacion-de-la-discriminacion-racial\/\" \/>\n<meta property=\"og:site_name\" content=\"Antena Radio\" \/>\n<meta property=\"article:published_time\" content=\"2017-03-21T18:36:08+00:00\" \/>\n<meta property=\"og:image\" content=\"http:\/\/snn.imer.gob.mx\/antenaradio\/files\/2017\/03\/21-dia-300x143.jpg\" \/>\n<meta name=\"author\" content=\"IMER Noticias\" \/>\n<meta name=\"twitter:card\" content=\"summary_large_image\" \/>\n<meta name=\"twitter:label1\" content=\"Escrito por\" \/>\n\t<meta name=\"twitter:data1\" content=\"IMER Noticias\" \/>\n\t<meta name=\"twitter:label2\" content=\"Tiempo de lectura\" \/>\n\t<meta name=\"twitter:data2\" content=\"1 minuto\" \/>\n<script type=\"application\/ld+json\" class=\"yoast-schema-graph\">{\"@context\":\"https:\/\/schema.org\",\"@graph\":[{\"@type\":\"WebPage\",\"@id\":\"https:\/\/noticias.imer.mx\/antenaradio\/2017\/03\/21\/dia-internacional-de-la-eliminacion-de-la-discriminacion-racial\/\",\"url\":\"https:\/\/noticias.imer.mx\/antenaradio\/2017\/03\/21\/dia-internacional-de-la-eliminacion-de-la-discriminacion-racial\/\",\"name\":\"D\u00cdA INTERNACIONAL DE LA ELIMINACI\u00d3N DE LA DISCRIMINACI\u00d3N RACIAL - Antena Radio\",\"isPartOf\":{\"@id\":\"https:\/\/noticias.imer.mx\/antenaradio\/#website\"},\"datePublished\":\"2017-03-21T18:36:08+00:00\",\"dateModified\":\"2017-03-21T18:36:08+00:00\",\"author\":{\"@id\":\"https:\/\/noticias.imer.mx\/antenaradio\/#\/schema\/person\/72de5454d165c5239bc56a49873e43c9\"},\"breadcrumb\":{\"@id\":\"https:\/\/noticias.imer.mx\/antenaradio\/2017\/03\/21\/dia-internacional-de-la-eliminacion-de-la-discriminacion-racial\/#breadcrumb\"},\"inLanguage\":\"es\",\"potentialAction\":[{\"@type\":\"ReadAction\",\"target\":[\"https:\/\/noticias.imer.mx\/antenaradio\/2017\/03\/21\/dia-internacional-de-la-eliminacion-de-la-discriminacion-racial\/\"]}]},{\"@type\":\"BreadcrumbList\",\"@id\":\"https:\/\/noticias.imer.mx\/antenaradio\/2017\/03\/21\/dia-internacional-de-la-eliminacion-de-la-discriminacion-racial\/#breadcrumb\",\"itemListElement\":[{\"@type\":\"ListItem\",\"position\":1,\"name\":\"Home\",\"item\":\"https:\/\/noticias.imer.mx\/antenaradio\/\"},{\"@type\":\"ListItem\",\"position\":2,\"name\":\"D\u00cdA INTERNACIONAL DE LA ELIMINACI\u00d3N DE LA DISCRIMINACI\u00d3N RACIAL\"}]},{\"@type\":\"WebSite\",\"@id\":\"https:\/\/noticias.imer.mx\/antenaradio\/#website\",\"url\":\"https:\/\/noticias.imer.mx\/antenaradio\/\",\"name\":\"Antena Radio\",\"description\":\"La forma m\u00e1s clara de entender la noticia\",\"potentialAction\":[{\"@type\":\"SearchAction\",\"target\":{\"@type\":\"EntryPoint\",\"urlTemplate\":\"https:\/\/noticias.imer.mx\/antenaradio\/?s={search_term_string}\"},\"query-input\":\"required name=search_term_string\"}],\"inLanguage\":\"es\"},{\"@type\":\"Person\",\"@id\":\"https:\/\/noticias.imer.mx\/antenaradio\/#\/schema\/person\/72de5454d165c5239bc56a49873e43c9\",\"name\":\"IMER Noticias\",\"url\":\"https:\/\/noticias.imer.mx\/antenaradio\/author\/antenaradio\/\"}]}<\/script>\n<!-- \/ Yoast SEO plugin. -->","yoast_head_json":{"title":"D\u00cdA INTERNACIONAL DE LA ELIMINACI\u00d3N DE LA DISCRIMINACI\u00d3N RACIAL - Antena Radio","robots":{"index":"index","follow":"follow","max-snippet":"max-snippet:-1","max-image-preview":"max-image-preview:large","max-video-preview":"max-video-preview:-1"},"canonical":"https:\/\/noticias.imer.mx\/antenaradio\/2017\/03\/21\/dia-internacional-de-la-eliminacion-de-la-discriminacion-racial\/","og_locale":"es_ES","og_type":"article","og_title":"D\u00cdA INTERNACIONAL DE LA ELIMINACI\u00d3N DE LA DISCRIMINACI\u00d3N RACIAL - Antena Radio","og_description":"Hoy 21 de marzo, se celebra el D\u00eda Internacional de la Eliminaci\u00f3n de la Discriminaci\u00f3n Racial, jornada que instituy\u00f3 la ONU, para luchar contra el racismo, el cual cabe decirlo, puede adoptar diversas formas. Basta se\u00f1alar, una de las m\u00e1s recientes, la persecuci\u00f3n en Estados Unidos, de migrantes indocumentados y refugiados. Esta complejidad naci\u00f3 con&hellip;","og_url":"https:\/\/noticias.imer.mx\/antenaradio\/2017\/03\/21\/dia-internacional-de-la-eliminacion-de-la-discriminacion-racial\/","og_site_name":"Antena Radio","article_published_time":"2017-03-21T18:36:08+00:00","og_image":[{"url":"http:\/\/snn.imer.gob.mx\/antenaradio\/files\/2017\/03\/21-dia-300x143.jpg"}],"author":"IMER Noticias","twitter_card":"summary_large_image","twitter_misc":{"Escrito por":"IMER Noticias","Tiempo de lectura":"1 minuto"},"schema":{"@context":"https:\/\/schema.org","@graph":[{"@type":"WebPage","@id":"https:\/\/noticias.imer.mx\/antenaradio\/2017\/03\/21\/dia-internacional-de-la-eliminacion-de-la-discriminacion-racial\/","url":"https:\/\/noticias.imer.mx\/antenaradio\/2017\/03\/21\/dia-internacional-de-la-eliminacion-de-la-discriminacion-racial\/","name":"D\u00cdA INTERNACIONAL DE LA ELIMINACI\u00d3N DE LA DISCRIMINACI\u00d3N RACIAL - Antena Radio","isPartOf":{"@id":"https:\/\/noticias.imer.mx\/antenaradio\/#website"},"datePublished":"2017-03-21T18:36:08+00:00","dateModified":"2017-03-21T18:36:08+00:00","author":{"@id":"https:\/\/noticias.imer.mx\/antenaradio\/#\/schema\/person\/72de5454d165c5239bc56a49873e43c9"},"breadcrumb":{"@id":"https:\/\/noticias.imer.mx\/antenaradio\/2017\/03\/21\/dia-internacional-de-la-eliminacion-de-la-discriminacion-racial\/#breadcrumb"},"inLanguage":"es","potentialAction":[{"@type":"ReadAction","target":["https:\/\/noticias.imer.mx\/antenaradio\/2017\/03\/21\/dia-internacional-de-la-eliminacion-de-la-discriminacion-racial\/"]}]},{"@type":"BreadcrumbList","@id":"https:\/\/noticias.imer.mx\/antenaradio\/2017\/03\/21\/dia-internacional-de-la-eliminacion-de-la-discriminacion-racial\/#breadcrumb","itemListElement":[{"@type":"ListItem","position":1,"name":"Home","item":"https:\/\/noticias.imer.mx\/antenaradio\/"},{"@type":"ListItem","position":2,"name":"D\u00cdA INTERNACIONAL DE LA ELIMINACI\u00d3N DE LA DISCRIMINACI\u00d3N RACIAL"}]},{"@type":"WebSite","@id":"https:\/\/noticias.imer.mx\/antenaradio\/#website","url":"https:\/\/noticias.imer.mx\/antenaradio\/","name":"Antena Radio","description":"La forma m\u00e1s clara de entender la noticia","potentialAction":[{"@type":"SearchAction","target":{"@type":"EntryPoint","urlTemplate":"https:\/\/noticias.imer.mx\/antenaradio\/?s={search_term_string}"},"query-input":"required name=search_term_string"}],"inLanguage":"es"},{"@type":"Person","@id":"https:\/\/noticias.imer.mx\/antenaradio\/#\/schema\/person\/72de5454d165c5239bc56a49873e43c9","name":"IMER Noticias","url":"https:\/\/noticias.imer.mx\/antenaradio\/author\/antenaradio\/"}]}},"_links":{"self":[{"href":"https:\/\/noticias.imer.mx\/antenaradio\/wp-json\/wp\/v2\/posts\/39897"}],"collection":[{"href":"https:\/\/noticias.imer.mx\/antenaradio\/wp-json\/wp\/v2\/posts"}],"about":[{"href":"https:\/\/noticias.imer.mx\/antenaradio\/wp-json\/wp\/v2\/types\/post"}],"author":[{"embeddable":true,"href":"https:\/\/noticias.imer.mx\/antenaradio\/wp-json\/wp\/v2\/users\/8"}],"replies":[{"embeddable":true,"href":"https:\/\/noticias.imer.mx\/antenaradio\/wp-json\/wp\/v2\/comments?post=39897"}],"version-history":[{"count":3,"href":"https:\/\/noticias.imer.mx\/antenaradio\/wp-json\/wp\/v2\/posts\/39897\/revisions"}],"predecessor-version":[{"id":39900,"href":"https:\/\/noticias.imer.mx\/antenaradio\/wp-json\/wp\/v2\/posts\/39897\/revisions\/39900"}],"wp:attachment":[{"href":"https:\/\/noticias.imer.mx\/antenaradio\/wp-json\/wp\/v2\/media?parent=39897"}],"wp:term":[{"taxonomy":"category","embeddable":true,"href":"https:\/\/noticias.imer.mx\/antenaradio\/wp-json\/wp\/v2\/categories?post=39897"},{"taxonomy":"post_tag","embeddable":true,"href":"https:\/\/noticias.imer.mx\/antenaradio\/wp-json\/wp\/v2\/tags?post=39897"}],"curies":[{"name":"wp","href":"https:\/\/api.w.org\/{rel}","templated":true}]}}