{"id":39745,"date":"2017-01-25T16:23:15","date_gmt":"2017-01-25T22:23:15","guid":{"rendered":"http:\/\/snn.imer.gob.mx\/antenaradio\/?p=39745"},"modified":"2017-01-25T16:23:15","modified_gmt":"2017-01-25T22:23:15","slug":"entrevista-con-elias-dip-rame-presidente-nacional-de-la-confederacion-nacional-de-transportistas-mexicanos-a-c-conatram","status":"publish","type":"post","link":"https:\/\/noticias.imer.mx\/antenaradio\/2017\/01\/25\/entrevista-con-elias-dip-rame-presidente-nacional-de-la-confederacion-nacional-de-transportistas-mexicanos-a-c-conatram\/","title":{"rendered":"Entrevista con El\u00edas Dip Ram\u00e9, presidente nacional de la Confederaci\u00f3n Nacional de Transportistas Mexicanos, A.C. (CONATRAM)."},"content":{"rendered":"<p>Mediante un desplegado, la Confederaci\u00f3n Nacional de Transportistas Mexicanos, A. C. (Conatram), respondi\u00f3 al aumento del 20 por ciento al costo de los combustibles. Precis\u00f3 que dicho incremento ha obligado a elevar el costo de los fletes y del servicio de pasajeros, contribuyendo al alza de la inflaci\u00f3n. Asimismo, asever\u00f3 que antes, debi\u00f3 de haberse erradicado la corrupci\u00f3n e impunidad y reducido los sueldos de todos los funcionarios p\u00fablicos federales de primer y segundo nivel en un 25 por ciento.<\/p>\n<p><img decoding=\"async\" loading=\"lazy\" class=\"aligncenter wp-image-39746 size-full\" src=\"http:\/\/snn.imer.gob.mx\/antenaradio\/files\/2017\/01\/Foto-Conatram.jpg\" alt=\"Foto Conatram\" width=\"750\" height=\"400\" srcset=\"https:\/\/noticias.imer.mx\/antenaradio\/files\/2017\/01\/Foto-Conatram.jpg 750w, https:\/\/noticias.imer.mx\/antenaradio\/files\/2017\/01\/Foto-Conatram-300x160.jpg 300w\" sizes=\"(max-width: 750px) 100vw, 750px\" \/><\/p>\n<!--[if lt IE 9]><script>document.createElement('audio');<\/script><![endif]-->\n<audio class=\"wp-audio-shortcode\" id=\"audio-39745-1\" preload=\"none\" style=\"width: 100%;\" controls=\"controls\"><source type=\"audio\/mpeg\" src=\"http:\/\/snn.imer.gob.mx\/antenaradio\/files\/2017\/01\/ARTE1-240117.mp3?_=1\" \/><a href=\"http:\/\/snn.imer.gob.mx\/antenaradio\/files\/2017\/01\/ARTE1-240117.mp3\">http:\/\/snn.imer.gob.mx\/antenaradio\/files\/2017\/01\/ARTE1-240117.mp3<\/a><\/audio>\n","protected":false},"excerpt":{"rendered":"<p>Mediante un desplegado, la Confederaci\u00f3n Nacional de Transportistas Mexicanos, A. C. (Conatram), respondi\u00f3 al aumento del 20 por ciento al costo de los combustibles. Precis\u00f3 que dicho incremento ha obligado a elevar el costo de los fletes y del servicio de pasajeros, contribuyendo al alza de la inflaci\u00f3n. Asimismo, asever\u00f3 que antes, debi\u00f3 de haberse&hellip;<\/p>\n","protected":false},"author":8,"featured_media":0,"comment_status":"closed","ping_status":"closed","sticky":false,"template":"","format":"standard","meta":{"wp_popup_display_lightbox":0,"wp_popup_suppress":"","wp_popup_trigger":"","wp_popup_trigger_amount":0,"wp_popup_disable_on_mobile":false},"categories":[1,8093,4939],"tags":[],"yoast_head":"<!-- This site is optimized with the Yoast SEO plugin v21.0 - https:\/\/yoast.com\/wordpress\/plugins\/seo\/ -->\n<title>Entrevista con El\u00edas Dip Ram\u00e9, presidente nacional de la Confederaci\u00f3n Nacional de Transportistas Mexicanos, A.C. (CONATRAM). - Antena Radio<\/title>\n<meta name=\"robots\" content=\"index, follow, max-snippet:-1, max-image-preview:large, max-video-preview:-1\" \/>\n<link rel=\"canonical\" href=\"https:\/\/noticias.imer.mx\/antenaradio\/2017\/01\/25\/entrevista-con-elias-dip-rame-presidente-nacional-de-la-confederacion-nacional-de-transportistas-mexicanos-a-c-conatram\/\" \/>\n<meta property=\"og:locale\" content=\"es_ES\" \/>\n<meta property=\"og:type\" content=\"article\" \/>\n<meta property=\"og:title\" content=\"Entrevista con El\u00edas Dip Ram\u00e9, presidente nacional de la Confederaci\u00f3n Nacional de Transportistas Mexicanos, A.C. (CONATRAM). - Antena Radio\" \/>\n<meta property=\"og:description\" content=\"Mediante un desplegado, la Confederaci\u00f3n Nacional de Transportistas Mexicanos, A. C. (Conatram), respondi\u00f3 al aumento del 20 por ciento al costo de los combustibles. Precis\u00f3 que dicho incremento ha obligado a elevar el costo de los fletes y del servicio de pasajeros, contribuyendo al alza de la inflaci\u00f3n. Asimismo, asever\u00f3 que antes, debi\u00f3 de haberse&hellip;\" \/>\n<meta property=\"og:url\" content=\"https:\/\/noticias.imer.mx\/antenaradio\/2017\/01\/25\/entrevista-con-elias-dip-rame-presidente-nacional-de-la-confederacion-nacional-de-transportistas-mexicanos-a-c-conatram\/\" \/>\n<meta property=\"og:site_name\" content=\"Antena Radio\" \/>\n<meta property=\"article:published_time\" content=\"2017-01-25T22:23:15+00:00\" \/>\n<meta property=\"og:image\" content=\"http:\/\/snn.imer.gob.mx\/antenaradio\/files\/2017\/01\/Foto-Conatram.jpg\" \/>\n<meta name=\"author\" content=\"IMER Noticias\" \/>\n<meta name=\"twitter:card\" content=\"summary_large_image\" \/>\n<meta name=\"twitter:label1\" content=\"Escrito por\" \/>\n\t<meta name=\"twitter:data1\" content=\"IMER Noticias\" \/>\n<script type=\"application\/ld+json\" class=\"yoast-schema-graph\">{\"@context\":\"https:\/\/schema.org\",\"@graph\":[{\"@type\":\"WebPage\",\"@id\":\"https:\/\/noticias.imer.mx\/antenaradio\/2017\/01\/25\/entrevista-con-elias-dip-rame-presidente-nacional-de-la-confederacion-nacional-de-transportistas-mexicanos-a-c-conatram\/\",\"url\":\"https:\/\/noticias.imer.mx\/antenaradio\/2017\/01\/25\/entrevista-con-elias-dip-rame-presidente-nacional-de-la-confederacion-nacional-de-transportistas-mexicanos-a-c-conatram\/\",\"name\":\"Entrevista con El\u00edas Dip Ram\u00e9, presidente nacional de la Confederaci\u00f3n Nacional de Transportistas Mexicanos, A.C. (CONATRAM). - Antena Radio\",\"isPartOf\":{\"@id\":\"https:\/\/noticias.imer.mx\/antenaradio\/#website\"},\"datePublished\":\"2017-01-25T22:23:15+00:00\",\"dateModified\":\"2017-01-25T22:23:15+00:00\",\"author\":{\"@id\":\"https:\/\/noticias.imer.mx\/antenaradio\/#\/schema\/person\/72de5454d165c5239bc56a49873e43c9\"},\"breadcrumb\":{\"@id\":\"https:\/\/noticias.imer.mx\/antenaradio\/2017\/01\/25\/entrevista-con-elias-dip-rame-presidente-nacional-de-la-confederacion-nacional-de-transportistas-mexicanos-a-c-conatram\/#breadcrumb\"},\"inLanguage\":\"es\",\"potentialAction\":[{\"@type\":\"ReadAction\",\"target\":[\"https:\/\/noticias.imer.mx\/antenaradio\/2017\/01\/25\/entrevista-con-elias-dip-rame-presidente-nacional-de-la-confederacion-nacional-de-transportistas-mexicanos-a-c-conatram\/\"]}]},{\"@type\":\"BreadcrumbList\",\"@id\":\"https:\/\/noticias.imer.mx\/antenaradio\/2017\/01\/25\/entrevista-con-elias-dip-rame-presidente-nacional-de-la-confederacion-nacional-de-transportistas-mexicanos-a-c-conatram\/#breadcrumb\",\"itemListElement\":[{\"@type\":\"ListItem\",\"position\":1,\"name\":\"Home\",\"item\":\"https:\/\/noticias.imer.mx\/antenaradio\/\"},{\"@type\":\"ListItem\",\"position\":2,\"name\":\"Entrevista con El\u00edas Dip Ram\u00e9, presidente nacional de la Confederaci\u00f3n Nacional de Transportistas Mexicanos, A.C. (CONATRAM).\"}]},{\"@type\":\"WebSite\",\"@id\":\"https:\/\/noticias.imer.mx\/antenaradio\/#website\",\"url\":\"https:\/\/noticias.imer.mx\/antenaradio\/\",\"name\":\"Antena Radio\",\"description\":\"La forma m\u00e1s clara de entender la noticia\",\"potentialAction\":[{\"@type\":\"SearchAction\",\"target\":{\"@type\":\"EntryPoint\",\"urlTemplate\":\"https:\/\/noticias.imer.mx\/antenaradio\/?s={search_term_string}\"},\"query-input\":\"required name=search_term_string\"}],\"inLanguage\":\"es\"},{\"@type\":\"Person\",\"@id\":\"https:\/\/noticias.imer.mx\/antenaradio\/#\/schema\/person\/72de5454d165c5239bc56a49873e43c9\",\"name\":\"IMER Noticias\",\"url\":\"https:\/\/noticias.imer.mx\/antenaradio\/author\/antenaradio\/\"}]}<\/script>\n<!-- \/ Yoast SEO plugin. -->","yoast_head_json":{"title":"Entrevista con El\u00edas Dip Ram\u00e9, presidente nacional de la Confederaci\u00f3n Nacional de Transportistas Mexicanos, A.C. (CONATRAM). - Antena Radio","robots":{"index":"index","follow":"follow","max-snippet":"max-snippet:-1","max-image-preview":"max-image-preview:large","max-video-preview":"max-video-preview:-1"},"canonical":"https:\/\/noticias.imer.mx\/antenaradio\/2017\/01\/25\/entrevista-con-elias-dip-rame-presidente-nacional-de-la-confederacion-nacional-de-transportistas-mexicanos-a-c-conatram\/","og_locale":"es_ES","og_type":"article","og_title":"Entrevista con El\u00edas Dip Ram\u00e9, presidente nacional de la Confederaci\u00f3n Nacional de Transportistas Mexicanos, A.C. (CONATRAM). - Antena Radio","og_description":"Mediante un desplegado, la Confederaci\u00f3n Nacional de Transportistas Mexicanos, A. C. (Conatram), respondi\u00f3 al aumento del 20 por ciento al costo de los combustibles. Precis\u00f3 que dicho incremento ha obligado a elevar el costo de los fletes y del servicio de pasajeros, contribuyendo al alza de la inflaci\u00f3n. Asimismo, asever\u00f3 que antes, debi\u00f3 de haberse&hellip;","og_url":"https:\/\/noticias.imer.mx\/antenaradio\/2017\/01\/25\/entrevista-con-elias-dip-rame-presidente-nacional-de-la-confederacion-nacional-de-transportistas-mexicanos-a-c-conatram\/","og_site_name":"Antena Radio","article_published_time":"2017-01-25T22:23:15+00:00","og_image":[{"url":"http:\/\/snn.imer.gob.mx\/antenaradio\/files\/2017\/01\/Foto-Conatram.jpg"}],"author":"IMER Noticias","twitter_card":"summary_large_image","twitter_misc":{"Escrito por":"IMER Noticias"},"schema":{"@context":"https:\/\/schema.org","@graph":[{"@type":"WebPage","@id":"https:\/\/noticias.imer.mx\/antenaradio\/2017\/01\/25\/entrevista-con-elias-dip-rame-presidente-nacional-de-la-confederacion-nacional-de-transportistas-mexicanos-a-c-conatram\/","url":"https:\/\/noticias.imer.mx\/antenaradio\/2017\/01\/25\/entrevista-con-elias-dip-rame-presidente-nacional-de-la-confederacion-nacional-de-transportistas-mexicanos-a-c-conatram\/","name":"Entrevista con El\u00edas Dip Ram\u00e9, presidente nacional de la Confederaci\u00f3n Nacional de Transportistas Mexicanos, A.C. (CONATRAM). - Antena Radio","isPartOf":{"@id":"https:\/\/noticias.imer.mx\/antenaradio\/#website"},"datePublished":"2017-01-25T22:23:15+00:00","dateModified":"2017-01-25T22:23:15+00:00","author":{"@id":"https:\/\/noticias.imer.mx\/antenaradio\/#\/schema\/person\/72de5454d165c5239bc56a49873e43c9"},"breadcrumb":{"@id":"https:\/\/noticias.imer.mx\/antenaradio\/2017\/01\/25\/entrevista-con-elias-dip-rame-presidente-nacional-de-la-confederacion-nacional-de-transportistas-mexicanos-a-c-conatram\/#breadcrumb"},"inLanguage":"es","potentialAction":[{"@type":"ReadAction","target":["https:\/\/noticias.imer.mx\/antenaradio\/2017\/01\/25\/entrevista-con-elias-dip-rame-presidente-nacional-de-la-confederacion-nacional-de-transportistas-mexicanos-a-c-conatram\/"]}]},{"@type":"BreadcrumbList","@id":"https:\/\/noticias.imer.mx\/antenaradio\/2017\/01\/25\/entrevista-con-elias-dip-rame-presidente-nacional-de-la-confederacion-nacional-de-transportistas-mexicanos-a-c-conatram\/#breadcrumb","itemListElement":[{"@type":"ListItem","position":1,"name":"Home","item":"https:\/\/noticias.imer.mx\/antenaradio\/"},{"@type":"ListItem","position":2,"name":"Entrevista con El\u00edas Dip Ram\u00e9, presidente nacional de la Confederaci\u00f3n Nacional de Transportistas Mexicanos, A.C. (CONATRAM)."}]},{"@type":"WebSite","@id":"https:\/\/noticias.imer.mx\/antenaradio\/#website","url":"https:\/\/noticias.imer.mx\/antenaradio\/","name":"Antena Radio","description":"La forma m\u00e1s clara de entender la noticia","potentialAction":[{"@type":"SearchAction","target":{"@type":"EntryPoint","urlTemplate":"https:\/\/noticias.imer.mx\/antenaradio\/?s={search_term_string}"},"query-input":"required name=search_term_string"}],"inLanguage":"es"},{"@type":"Person","@id":"https:\/\/noticias.imer.mx\/antenaradio\/#\/schema\/person\/72de5454d165c5239bc56a49873e43c9","name":"IMER Noticias","url":"https:\/\/noticias.imer.mx\/antenaradio\/author\/antenaradio\/"}]}},"_links":{"self":[{"href":"https:\/\/noticias.imer.mx\/antenaradio\/wp-json\/wp\/v2\/posts\/39745"}],"collection":[{"href":"https:\/\/noticias.imer.mx\/antenaradio\/wp-json\/wp\/v2\/posts"}],"about":[{"href":"https:\/\/noticias.imer.mx\/antenaradio\/wp-json\/wp\/v2\/types\/post"}],"author":[{"embeddable":true,"href":"https:\/\/noticias.imer.mx\/antenaradio\/wp-json\/wp\/v2\/users\/8"}],"replies":[{"embeddable":true,"href":"https:\/\/noticias.imer.mx\/antenaradio\/wp-json\/wp\/v2\/comments?post=39745"}],"version-history":[{"count":1,"href":"https:\/\/noticias.imer.mx\/antenaradio\/wp-json\/wp\/v2\/posts\/39745\/revisions"}],"predecessor-version":[{"id":39748,"href":"https:\/\/noticias.imer.mx\/antenaradio\/wp-json\/wp\/v2\/posts\/39745\/revisions\/39748"}],"wp:attachment":[{"href":"https:\/\/noticias.imer.mx\/antenaradio\/wp-json\/wp\/v2\/media?parent=39745"}],"wp:term":[{"taxonomy":"category","embeddable":true,"href":"https:\/\/noticias.imer.mx\/antenaradio\/wp-json\/wp\/v2\/categories?post=39745"},{"taxonomy":"post_tag","embeddable":true,"href":"https:\/\/noticias.imer.mx\/antenaradio\/wp-json\/wp\/v2\/tags?post=39745"}],"curies":[{"name":"wp","href":"https:\/\/api.w.org\/{rel}","templated":true}]}}