{"id":37945,"date":"2016-07-06T11:31:43","date_gmt":"2016-07-06T17:31:43","guid":{"rendered":"http:\/\/snn.imer.gob.mx\/antenaradio\/?p=37945"},"modified":"2016-07-06T11:31:43","modified_gmt":"2016-07-06T17:31:43","slug":"entrevista-con-el-dr-ramses-pech-analista-de-la-industria-energetica-y-en-economia-y-asesor-independiente","status":"publish","type":"post","link":"https:\/\/noticias.imer.mx\/antenaradio\/2016\/07\/06\/entrevista-con-el-dr-ramses-pech-analista-de-la-industria-energetica-y-en-economia-y-asesor-independiente\/","title":{"rendered":"Entrevista con el Dr. Ramses Pech, analista de la industria energ\u00e9tica y en econom\u00eda y asesor independiente."},"content":{"rendered":"<p><a href=\"http:\/\/snn.imer.gob.mx\/antenaradio\/files\/2016\/07\/gasolina_subsidio_int_0.jpg\"><img decoding=\"async\" loading=\"lazy\" class=\"alignleft  wp-image-37946\" src=\"http:\/\/snn.imer.gob.mx\/antenaradio\/files\/2016\/07\/gasolina_subsidio_int_0.jpg\" alt=\"gasolina_subsidio_int_0\" width=\"317\" height=\"212\" srcset=\"https:\/\/noticias.imer.mx\/antenaradio\/files\/2016\/07\/gasolina_subsidio_int_0.jpg 800w, https:\/\/noticias.imer.mx\/antenaradio\/files\/2016\/07\/gasolina_subsidio_int_0-300x201.jpg 300w\" sizes=\"(max-width: 317px) 100vw, 317px\" \/><\/a><\/p>\n<p>La gasolina no bajar\u00e1 hasta despu\u00e9s del 2018, mientras tanto tendremos variaciones sustanciales que depender\u00e1n del precio del barril. Esto es debido a que la refinaci\u00f3n del 100% de su materia prima es el crudo. Pero el costo de una refinaci\u00f3n est\u00e1 en funci\u00f3n si la planta esta depreciada, el costo de su mantenimiento, eficiencia operativa, si ha sido modernizada, y si esta produce los vol\u00famenes a la que fue construida, utiliza materia prima de bajo costo o simplemente es la adecuada dentro del mercado para tener bajos costos de salida del producto.<\/p>\n<p>En M\u00e9xico existe el monopolio de los combustibles f\u00f3siles, es decir no tenemos alternativas para poder utilizar otro tipo de combustibles para los motores o mejorar los que tenemos para incrementar la eficiencia.<br \/>\nLa Comisi\u00f3n Federal de Competencia Econ\u00f3mica (Cofece) investigar\u00e1 el mercado de comercializaci\u00f3n de gasolinas en el estado de Baja California para averiguar si se cometieron pr\u00e1cticas monop\u00f3licas absolutas, que se refieren a actos de colusi\u00f3n entre las empresas que pueden ir destinados a fijar precios o a repartirse un mercado.<\/p>\n<!--[if lt IE 9]><script>document.createElement('audio');<\/script><![endif]-->\n<audio class=\"wp-audio-shortcode\" id=\"audio-37945-1\" preload=\"none\" style=\"width: 100%;\" controls=\"controls\"><source type=\"audio\/mpeg\" src=\"http:\/\/snn.imer.gob.mx\/antenaradio\/files\/2016\/07\/060716-ARPE-ENT-RAMSES-PECH.mp3?_=1\" \/><a href=\"http:\/\/snn.imer.gob.mx\/antenaradio\/files\/2016\/07\/060716-ARPE-ENT-RAMSES-PECH.mp3\">http:\/\/snn.imer.gob.mx\/antenaradio\/files\/2016\/07\/060716-ARPE-ENT-RAMSES-PECH.mp3<\/a><\/audio>\n","protected":false},"excerpt":{"rendered":"<p>La gasolina no bajar\u00e1 hasta despu\u00e9s del 2018, mientras tanto tendremos variaciones sustanciales que depender\u00e1n del precio del barril. Esto es debido a que la refinaci\u00f3n del 100% de su materia prima es el crudo. Pero el costo de una refinaci\u00f3n est\u00e1 en funci\u00f3n si la planta esta depreciada, el costo de su mantenimiento, eficiencia&hellip;<\/p>\n","protected":false},"author":8,"featured_media":0,"comment_status":"closed","ping_status":"closed","sticky":false,"template":"","format":"standard","meta":{"wp_popup_display_lightbox":0,"wp_popup_suppress":"","wp_popup_trigger":"","wp_popup_trigger_amount":0,"wp_popup_disable_on_mobile":false},"categories":[1,5,4937],"tags":[],"yoast_head":"<!-- This site is optimized with the Yoast SEO plugin v21.0 - https:\/\/yoast.com\/wordpress\/plugins\/seo\/ -->\n<title>Entrevista con el Dr. Ramses Pech, analista de la industria energ\u00e9tica y en econom\u00eda y asesor independiente. - Antena Radio<\/title>\n<meta name=\"robots\" content=\"index, follow, max-snippet:-1, max-image-preview:large, max-video-preview:-1\" \/>\n<link rel=\"canonical\" href=\"https:\/\/noticias.imer.mx\/antenaradio\/2016\/07\/06\/entrevista-con-el-dr-ramses-pech-analista-de-la-industria-energetica-y-en-economia-y-asesor-independiente\/\" \/>\n<meta property=\"og:locale\" content=\"es_ES\" \/>\n<meta property=\"og:type\" content=\"article\" \/>\n<meta property=\"og:title\" content=\"Entrevista con el Dr. Ramses Pech, analista de la industria energ\u00e9tica y en econom\u00eda y asesor independiente. - Antena Radio\" \/>\n<meta property=\"og:description\" content=\"La gasolina no bajar\u00e1 hasta despu\u00e9s del 2018, mientras tanto tendremos variaciones sustanciales que depender\u00e1n del precio del barril. Esto es debido a que la refinaci\u00f3n del 100% de su materia prima es el crudo. Pero el costo de una refinaci\u00f3n est\u00e1 en funci\u00f3n si la planta esta depreciada, el costo de su mantenimiento, eficiencia&hellip;\" \/>\n<meta property=\"og:url\" content=\"https:\/\/noticias.imer.mx\/antenaradio\/2016\/07\/06\/entrevista-con-el-dr-ramses-pech-analista-de-la-industria-energetica-y-en-economia-y-asesor-independiente\/\" \/>\n<meta property=\"og:site_name\" content=\"Antena Radio\" \/>\n<meta property=\"article:published_time\" content=\"2016-07-06T17:31:43+00:00\" \/>\n<meta property=\"og:image\" content=\"http:\/\/snn.imer.gob.mx\/antenaradio\/files\/2016\/07\/gasolina_subsidio_int_0.jpg\" \/>\n<meta name=\"author\" content=\"IMER Noticias\" \/>\n<meta name=\"twitter:card\" content=\"summary_large_image\" \/>\n<meta name=\"twitter:label1\" content=\"Escrito por\" \/>\n\t<meta name=\"twitter:data1\" content=\"IMER Noticias\" \/>\n\t<meta name=\"twitter:label2\" content=\"Tiempo de lectura\" \/>\n\t<meta name=\"twitter:data2\" content=\"1 minuto\" \/>\n<script type=\"application\/ld+json\" class=\"yoast-schema-graph\">{\"@context\":\"https:\/\/schema.org\",\"@graph\":[{\"@type\":\"WebPage\",\"@id\":\"https:\/\/noticias.imer.mx\/antenaradio\/2016\/07\/06\/entrevista-con-el-dr-ramses-pech-analista-de-la-industria-energetica-y-en-economia-y-asesor-independiente\/\",\"url\":\"https:\/\/noticias.imer.mx\/antenaradio\/2016\/07\/06\/entrevista-con-el-dr-ramses-pech-analista-de-la-industria-energetica-y-en-economia-y-asesor-independiente\/\",\"name\":\"Entrevista con el Dr. Ramses Pech, analista de la industria energ\u00e9tica y en econom\u00eda y asesor independiente. - Antena Radio\",\"isPartOf\":{\"@id\":\"https:\/\/noticias.imer.mx\/antenaradio\/#website\"},\"datePublished\":\"2016-07-06T17:31:43+00:00\",\"dateModified\":\"2016-07-06T17:31:43+00:00\",\"author\":{\"@id\":\"https:\/\/noticias.imer.mx\/antenaradio\/#\/schema\/person\/72de5454d165c5239bc56a49873e43c9\"},\"breadcrumb\":{\"@id\":\"https:\/\/noticias.imer.mx\/antenaradio\/2016\/07\/06\/entrevista-con-el-dr-ramses-pech-analista-de-la-industria-energetica-y-en-economia-y-asesor-independiente\/#breadcrumb\"},\"inLanguage\":\"es\",\"potentialAction\":[{\"@type\":\"ReadAction\",\"target\":[\"https:\/\/noticias.imer.mx\/antenaradio\/2016\/07\/06\/entrevista-con-el-dr-ramses-pech-analista-de-la-industria-energetica-y-en-economia-y-asesor-independiente\/\"]}]},{\"@type\":\"BreadcrumbList\",\"@id\":\"https:\/\/noticias.imer.mx\/antenaradio\/2016\/07\/06\/entrevista-con-el-dr-ramses-pech-analista-de-la-industria-energetica-y-en-economia-y-asesor-independiente\/#breadcrumb\",\"itemListElement\":[{\"@type\":\"ListItem\",\"position\":1,\"name\":\"Home\",\"item\":\"https:\/\/noticias.imer.mx\/antenaradio\/\"},{\"@type\":\"ListItem\",\"position\":2,\"name\":\"Entrevista con el Dr. Ramses Pech, analista de la industria energ\u00e9tica y en econom\u00eda y asesor independiente.\"}]},{\"@type\":\"WebSite\",\"@id\":\"https:\/\/noticias.imer.mx\/antenaradio\/#website\",\"url\":\"https:\/\/noticias.imer.mx\/antenaradio\/\",\"name\":\"Antena Radio\",\"description\":\"La forma m\u00e1s clara de entender la noticia\",\"potentialAction\":[{\"@type\":\"SearchAction\",\"target\":{\"@type\":\"EntryPoint\",\"urlTemplate\":\"https:\/\/noticias.imer.mx\/antenaradio\/?s={search_term_string}\"},\"query-input\":\"required name=search_term_string\"}],\"inLanguage\":\"es\"},{\"@type\":\"Person\",\"@id\":\"https:\/\/noticias.imer.mx\/antenaradio\/#\/schema\/person\/72de5454d165c5239bc56a49873e43c9\",\"name\":\"IMER Noticias\",\"url\":\"https:\/\/noticias.imer.mx\/antenaradio\/author\/antenaradio\/\"}]}<\/script>\n<!-- \/ Yoast SEO plugin. -->","yoast_head_json":{"title":"Entrevista con el Dr. Ramses Pech, analista de la industria energ\u00e9tica y en econom\u00eda y asesor independiente. - Antena Radio","robots":{"index":"index","follow":"follow","max-snippet":"max-snippet:-1","max-image-preview":"max-image-preview:large","max-video-preview":"max-video-preview:-1"},"canonical":"https:\/\/noticias.imer.mx\/antenaradio\/2016\/07\/06\/entrevista-con-el-dr-ramses-pech-analista-de-la-industria-energetica-y-en-economia-y-asesor-independiente\/","og_locale":"es_ES","og_type":"article","og_title":"Entrevista con el Dr. Ramses Pech, analista de la industria energ\u00e9tica y en econom\u00eda y asesor independiente. - Antena Radio","og_description":"La gasolina no bajar\u00e1 hasta despu\u00e9s del 2018, mientras tanto tendremos variaciones sustanciales que depender\u00e1n del precio del barril. Esto es debido a que la refinaci\u00f3n del 100% de su materia prima es el crudo. Pero el costo de una refinaci\u00f3n est\u00e1 en funci\u00f3n si la planta esta depreciada, el costo de su mantenimiento, eficiencia&hellip;","og_url":"https:\/\/noticias.imer.mx\/antenaradio\/2016\/07\/06\/entrevista-con-el-dr-ramses-pech-analista-de-la-industria-energetica-y-en-economia-y-asesor-independiente\/","og_site_name":"Antena Radio","article_published_time":"2016-07-06T17:31:43+00:00","og_image":[{"url":"http:\/\/snn.imer.gob.mx\/antenaradio\/files\/2016\/07\/gasolina_subsidio_int_0.jpg"}],"author":"IMER Noticias","twitter_card":"summary_large_image","twitter_misc":{"Escrito por":"IMER Noticias","Tiempo de lectura":"1 minuto"},"schema":{"@context":"https:\/\/schema.org","@graph":[{"@type":"WebPage","@id":"https:\/\/noticias.imer.mx\/antenaradio\/2016\/07\/06\/entrevista-con-el-dr-ramses-pech-analista-de-la-industria-energetica-y-en-economia-y-asesor-independiente\/","url":"https:\/\/noticias.imer.mx\/antenaradio\/2016\/07\/06\/entrevista-con-el-dr-ramses-pech-analista-de-la-industria-energetica-y-en-economia-y-asesor-independiente\/","name":"Entrevista con el Dr. Ramses Pech, analista de la industria energ\u00e9tica y en econom\u00eda y asesor independiente. - Antena Radio","isPartOf":{"@id":"https:\/\/noticias.imer.mx\/antenaradio\/#website"},"datePublished":"2016-07-06T17:31:43+00:00","dateModified":"2016-07-06T17:31:43+00:00","author":{"@id":"https:\/\/noticias.imer.mx\/antenaradio\/#\/schema\/person\/72de5454d165c5239bc56a49873e43c9"},"breadcrumb":{"@id":"https:\/\/noticias.imer.mx\/antenaradio\/2016\/07\/06\/entrevista-con-el-dr-ramses-pech-analista-de-la-industria-energetica-y-en-economia-y-asesor-independiente\/#breadcrumb"},"inLanguage":"es","potentialAction":[{"@type":"ReadAction","target":["https:\/\/noticias.imer.mx\/antenaradio\/2016\/07\/06\/entrevista-con-el-dr-ramses-pech-analista-de-la-industria-energetica-y-en-economia-y-asesor-independiente\/"]}]},{"@type":"BreadcrumbList","@id":"https:\/\/noticias.imer.mx\/antenaradio\/2016\/07\/06\/entrevista-con-el-dr-ramses-pech-analista-de-la-industria-energetica-y-en-economia-y-asesor-independiente\/#breadcrumb","itemListElement":[{"@type":"ListItem","position":1,"name":"Home","item":"https:\/\/noticias.imer.mx\/antenaradio\/"},{"@type":"ListItem","position":2,"name":"Entrevista con el Dr. Ramses Pech, analista de la industria energ\u00e9tica y en econom\u00eda y asesor independiente."}]},{"@type":"WebSite","@id":"https:\/\/noticias.imer.mx\/antenaradio\/#website","url":"https:\/\/noticias.imer.mx\/antenaradio\/","name":"Antena Radio","description":"La forma m\u00e1s clara de entender la noticia","potentialAction":[{"@type":"SearchAction","target":{"@type":"EntryPoint","urlTemplate":"https:\/\/noticias.imer.mx\/antenaradio\/?s={search_term_string}"},"query-input":"required name=search_term_string"}],"inLanguage":"es"},{"@type":"Person","@id":"https:\/\/noticias.imer.mx\/antenaradio\/#\/schema\/person\/72de5454d165c5239bc56a49873e43c9","name":"IMER Noticias","url":"https:\/\/noticias.imer.mx\/antenaradio\/author\/antenaradio\/"}]}},"_links":{"self":[{"href":"https:\/\/noticias.imer.mx\/antenaradio\/wp-json\/wp\/v2\/posts\/37945"}],"collection":[{"href":"https:\/\/noticias.imer.mx\/antenaradio\/wp-json\/wp\/v2\/posts"}],"about":[{"href":"https:\/\/noticias.imer.mx\/antenaradio\/wp-json\/wp\/v2\/types\/post"}],"author":[{"embeddable":true,"href":"https:\/\/noticias.imer.mx\/antenaradio\/wp-json\/wp\/v2\/users\/8"}],"replies":[{"embeddable":true,"href":"https:\/\/noticias.imer.mx\/antenaradio\/wp-json\/wp\/v2\/comments?post=37945"}],"version-history":[{"count":2,"href":"https:\/\/noticias.imer.mx\/antenaradio\/wp-json\/wp\/v2\/posts\/37945\/revisions"}],"predecessor-version":[{"id":37949,"href":"https:\/\/noticias.imer.mx\/antenaradio\/wp-json\/wp\/v2\/posts\/37945\/revisions\/37949"}],"wp:attachment":[{"href":"https:\/\/noticias.imer.mx\/antenaradio\/wp-json\/wp\/v2\/media?parent=37945"}],"wp:term":[{"taxonomy":"category","embeddable":true,"href":"https:\/\/noticias.imer.mx\/antenaradio\/wp-json\/wp\/v2\/categories?post=37945"},{"taxonomy":"post_tag","embeddable":true,"href":"https:\/\/noticias.imer.mx\/antenaradio\/wp-json\/wp\/v2\/tags?post=37945"}],"curies":[{"name":"wp","href":"https:\/\/api.w.org\/{rel}","templated":true}]}}